{"id":32712,"date":"2022-07-22T06:36:39","date_gmt":"2022-07-22T11:36:39","guid":{"rendered":"http:\/\/losperiodistas.com.mx\/portal\/?p=32712"},"modified":"2022-07-22T06:36:41","modified_gmt":"2022-07-22T11:36:41","slug":"criticos-del-tren-maya-tambien-recurren-al-t-mec-denuncian-impacto-ambiental-forbes","status":"publish","type":"post","link":"https:\/\/losperiodistas.com.mx\/portal\/criticos-del-tren-maya-tambien-recurren-al-t-mec-denuncian-impacto-ambiental-forbes\/","title":{"rendered":"Cr\u00edticos del Tren Maya tambi\u00e9n recurren al T-MEC; denuncian impacto ambiental | Forbes"},"content":{"rendered":"\n<p><em>Organizaciones recurrieron a la Comisi\u00f3n para la Cooperaci\u00f3n Ambiental formada con el T-MEC para denunciar anomal\u00edas del Tren Maya.<\/em><\/p>\n\n\n\n<p><\/p>\n\n\n\n<figure class=\"wp-block-image size-large is-style-default\"><img fetchpriority=\"high\" decoding=\"async\" width=\"1024\" height=\"576\" src=\"https:\/\/losperiodistas.com.mx\/portal\/wp-content\/uploads\/2022\/07\/TrenMaya_01-1024x576.jpeg\" alt=\"\" class=\"wp-image-32713\" srcset=\"https:\/\/losperiodistas.com.mx\/portal\/wp-content\/uploads\/2022\/07\/TrenMaya_01-1024x576.jpeg 1024w, https:\/\/losperiodistas.com.mx\/portal\/wp-content\/uploads\/2022\/07\/TrenMaya_01-300x169.jpeg 300w, https:\/\/losperiodistas.com.mx\/portal\/wp-content\/uploads\/2022\/07\/TrenMaya_01-768x432.jpeg 768w, https:\/\/losperiodistas.com.mx\/portal\/wp-content\/uploads\/2022\/07\/TrenMaya_01.jpeg 1280w\" sizes=\"(max-width: 1024px) 100vw, 1024px\" \/><figcaption><em>El impacto de las obras de construcci\u00f3n del tramo 5 del Tren Maya en Playa del Carmen, estado de Quintana Roo. 28 de marzo 2022. Foto: \u00a9 Lourdes Cruz \/ EFE.<\/em><\/figcaption><\/figure>\n\n\n\n<p class=\"has-vivid-cyan-blue-color has-text-color has-medium-font-size\">FORBES STAFF<\/p>\n\n\n\n<p><strong>Reuters.-<\/strong>\u00a0Un grupo de organizaciones ecologistas presentaron este jueves una petici\u00f3n bajo el Tratado entre M\u00e9xico, Estados Unidos y Canad\u00e1 (T-MEC) relacionada con el impacto ambiental de la construcci\u00f3n del Tren Maya, uno de los proyectos insignia de la administraci\u00f3n del presidente Andr\u00e9s Manuel L\u00f3pez Obrador.<\/p>\n\n\n\n<p>La solicitud realizada ante la Comisi\u00f3n para la Cooperaci\u00f3n Ambiental (CCA), ligada al pacto regional de negocios, asegura que las autoridades mexicanas han estado incurriendo en omisiones al aplicar la legislaci\u00f3n medioambiental en la multimillonaria obra.<\/p>\n\n\n\n<p>\u201cLos peticionarios aseveran que el proyecto no se someti\u00f3 a un procedimiento de evaluaci\u00f3n de impacto ambiental adecuado, como se requiere\u201d, dijo la CCA en un comunicado.<\/p>\n\n\n\n<p>Los ambientalistas tambi\u00e9n alegan que los estudios de suelo y geof\u00edsicos realizados para el Tren Maya hasta ahora son inadecuados, poniendo en juego la seguridad de la obra, as\u00ed como la falta de consideraci\u00f3n de las especies en peligro de extinci\u00f3n en la zona, que abarca una gran \u00e1rea selv\u00e1tica.<\/p>\n\n\n\n<p><strong><em>Lee tambi\u00e9n:&nbsp;<a href=\"https:\/\/www.forbes.com.mx\/aqui-estoy-por-que-tanto-odio-promotor-de-amparo-al-tren-maya-responde-a-amlo\/\">\u2018Aqu\u00ed estoy, \u00bfpor qu\u00e9 tanto odio?\u2019: promotor de amparo al Tren Maya responde a AMLO<\/a><\/em><\/strong><\/p>\n\n\n\n<p>Desde su anuncio, el proyecto del Tren Maya, el cual recorrer\u00e1 unos 1,500 kil\u00f3metros desde la zona arqueol\u00f3gica de Palenque hasta Canc\u00fan, ha enfrentado la oposici\u00f3n de grupos ind\u00edgenas y ambientalistas, que aseguran traer\u00e1 la destrucci\u00f3n de la naturaleza y de sus pueblos originarios.<\/p>\n\n\n\n<p>Esta semana, L\u00f3pez Obrador hizo valer que la obra del Tren Maya fue considerada un asunto de \u201cseguridad nacional\u201d para ayudar a desenredar el avance de su construcci\u00f3n frente a varios amparos legales pendientes.<\/p>\n\n\n\n<p>La CCA cuenta con 30 d\u00edas para examinar la petici\u00f3n y determinar si cumple con los requisitos para tomar medidas en virtud del T-MEC, dijo en un comunicado.<\/p>\n\n\n\n<p><em><strong><a href=\"http:\/\/bit.ly\/2smr5VR\" target=\"_blank\" rel=\"noreferrer noopener\">S\u00edguenos en Google Noticias para mantenerte siempre informado<\/a><\/strong><\/em><\/p>\n\n\n\n<p>Fuente: https:\/\/www.forbes.com.mx\/criticos-del-tren-maya-tambien-recurren-al-t-mec-denuncian-impacto-ambiental\/<\/p>\n","protected":false},"excerpt":{"rendered":"<p>Organizaciones recurrieron a la Comisi\u00f3n para la Cooperaci\u00f3n Ambiental formada con el T-MEC para denunciar anomal\u00edas del Tren Maya. FORBES [&hellip;]<\/p>\n","protected":false},"author":1,"featured_media":32713,"comment_status":"open","ping_status":"open","sticky":false,"template":"","format":"standard","meta":{"site-sidebar-layout":"default","site-content-layout":"","ast-site-content-layout":"default","site-content-style":"default","site-sidebar-style":"default","ast-global-header-display":"","ast-banner-title-visibility":"","ast-main-header-display":"","ast-hfb-above-header-display":"","ast-hfb-below-header-display":"","ast-hfb-mobile-header-display":"","site-post-title":"","ast-breadcrumbs-content":"","ast-featured-img":"","footer-sml-layout":"","theme-transparent-header-meta":"","adv-header-id-meta":"","stick-header-meta":"","header-above-stick-meta":"","header-main-stick-meta":"","header-below-stick-meta":"","astra-migrate-meta-layouts":"default","ast-page-background-enabled":"default","ast-page-background-meta":{"desktop":{"background-color":"var(--ast-global-color-4)","background-image":"","background-repeat":"repeat","background-position":"center center","background-size":"auto","background-attachment":"scroll","background-type":"","background-media":"","overlay-type":"","overlay-color":"","overlay-opacity":"","overlay-gradient":""},"tablet":{"background-color":"","background-image":"","background-repeat":"repeat","background-position":"center center","background-size":"auto","background-attachment":"scroll","background-type":"","background-media":"","overlay-type":"","overlay-color":"","overlay-opacity":"","overlay-gradient":""},"mobile":{"background-color":"","background-image":"","background-repeat":"repeat","background-position":"center center","background-size":"auto","background-attachment":"scroll","background-type":"","background-media":"","overlay-type":"","overlay-color":"","overlay-opacity":"","overlay-gradient":""}},"ast-content-background-meta":{"desktop":{"background-color":"var(--ast-global-color-5)","background-image":"","background-repeat":"repeat","background-position":"center center","background-size":"auto","background-attachment":"scroll","background-type":"","background-media":"","overlay-type":"","overlay-color":"","overlay-opacity":"","overlay-gradient":""},"tablet":{"background-color":"var(--ast-global-color-5)","background-image":"","background-repeat":"repeat","background-position":"center center","background-size":"auto","background-attachment":"scroll","background-type":"","background-media":"","overlay-type":"","overlay-color":"","overlay-opacity":"","overlay-gradient":""},"mobile":{"background-color":"var(--ast-global-color-5)","background-image":"","background-repeat":"repeat","background-position":"center center","background-size":"auto","background-attachment":"scroll","background-type":"","background-media":"","overlay-type":"","overlay-color":"","overlay-opacity":"","overlay-gradient":""}},"footnotes":""},"categories":[8],"tags":[11523,2799,9604,1325],"class_list":["post-32712","post","type-post","status-publish","format-standard","has-post-thumbnail","hentry","category-noticias","tag-cca","tag-t-mec","tag-tramo-5","tag-tren-maya"],"_links":{"self":[{"href":"https:\/\/losperiodistas.com.mx\/portal\/wp-json\/wp\/v2\/posts\/32712","targetHints":{"allow":["GET"]}}],"collection":[{"href":"https:\/\/losperiodistas.com.mx\/portal\/wp-json\/wp\/v2\/posts"}],"about":[{"href":"https:\/\/losperiodistas.com.mx\/portal\/wp-json\/wp\/v2\/types\/post"}],"author":[{"embeddable":true,"href":"https:\/\/losperiodistas.com.mx\/portal\/wp-json\/wp\/v2\/users\/1"}],"replies":[{"embeddable":true,"href":"https:\/\/losperiodistas.com.mx\/portal\/wp-json\/wp\/v2\/comments?post=32712"}],"version-history":[{"count":1,"href":"https:\/\/losperiodistas.com.mx\/portal\/wp-json\/wp\/v2\/posts\/32712\/revisions"}],"predecessor-version":[{"id":32714,"href":"https:\/\/losperiodistas.com.mx\/portal\/wp-json\/wp\/v2\/posts\/32712\/revisions\/32714"}],"wp:featuredmedia":[{"embeddable":true,"href":"https:\/\/losperiodistas.com.mx\/portal\/wp-json\/wp\/v2\/media\/32713"}],"wp:attachment":[{"href":"https:\/\/losperiodistas.com.mx\/portal\/wp-json\/wp\/v2\/media?parent=32712"}],"wp:term":[{"taxonomy":"category","embeddable":true,"href":"https:\/\/losperiodistas.com.mx\/portal\/wp-json\/wp\/v2\/categories?post=32712"},{"taxonomy":"post_tag","embeddable":true,"href":"https:\/\/losperiodistas.com.mx\/portal\/wp-json\/wp\/v2\/tags?post=32712"}],"curies":[{"name":"wp","href":"https:\/\/api.w.org\/{rel}","templated":true}]}}