{"id":32683,"date":"2022-07-21T10:25:52","date_gmt":"2022-07-21T15:25:52","guid":{"rendered":"http:\/\/losperiodistas.com.mx\/portal\/?p=32683"},"modified":"2022-07-21T10:26:08","modified_gmt":"2022-07-21T15:26:08","slug":"torneo-de-la-calle-a-la-cancha-arranca-en-puebla-capital-el-26-de-julio","status":"publish","type":"post","link":"https:\/\/losperiodistas.com.mx\/portal\/torneo-de-la-calle-a-la-cancha-arranca-en-puebla-capital-el-26-de-julio\/","title":{"rendered":"Torneo \u00abDe la Calle a la Cancha\u00bb arranca en Puebla Capital el 26 de julio"},"content":{"rendered":"\n<ul class=\"wp-block-list\"><li><em>Cerca de 800 participantes provenientes de 31 estados de M\u00e9xico se dar\u00e1n cita en este encuentro<\/em>.<\/li><\/ul>\n\n\n\n<p><\/p>\n\n\n\n<figure class=\"wp-block-image size-large is-style-default\"><img fetchpriority=\"high\" decoding=\"async\" width=\"1024\" height=\"682\" src=\"https:\/\/losperiodistas.com.mx\/portal\/wp-content\/uploads\/2022\/07\/WhatsApp-Image-2022-07-21-at-9.24.48-AM-1-1024x682.jpeg\" alt=\"\" class=\"wp-image-32684\" srcset=\"https:\/\/losperiodistas.com.mx\/portal\/wp-content\/uploads\/2022\/07\/WhatsApp-Image-2022-07-21-at-9.24.48-AM-1-1024x682.jpeg 1024w, https:\/\/losperiodistas.com.mx\/portal\/wp-content\/uploads\/2022\/07\/WhatsApp-Image-2022-07-21-at-9.24.48-AM-1-300x200.jpeg 300w, https:\/\/losperiodistas.com.mx\/portal\/wp-content\/uploads\/2022\/07\/WhatsApp-Image-2022-07-21-at-9.24.48-AM-1-768x512.jpeg 768w, https:\/\/losperiodistas.com.mx\/portal\/wp-content\/uploads\/2022\/07\/WhatsApp-Image-2022-07-21-at-9.24.48-AM-1.jpeg 1280w\" sizes=\"(max-width: 1024px) 100vw, 1024px\" \/><figcaption>Ayuntamiento Puebla<\/figcaption><\/figure>\n\n\n\n<p><\/p>\n\n\n\n<p class=\"has-vivid-cyan-blue-color has-text-color has-medium-font-size\">REDACCI\u00d3N<\/p>\n\n\n\n<p>La ciudad de Puebla contin\u00faa siendo sede de grandes eventos, y en esta ocasi\u00f3n el f\u00fatbol ser\u00e1 el protagonista que llenar\u00e1 a la capital de pasi\u00f3n y emociones, pues llegar\u00e1 del 26 al 29 el d\u00e9cimo segundo Torneo Nacional \u201cDe la Calle a la Cancha\u201d, que impulsan conjuntamente el Ayuntamiento y Fundaci\u00f3n Telmex-Telcel.<\/p>\n\n\n\n<p>Este evento deportivo contar\u00e1 con la participaci\u00f3n de 780 jugadores y jugadores provenientes de 31 estados de la Rep\u00fablica Mexicana para conformar 60 equipos entre las ramas femenil y varonil, detall\u00f3 durante la presentaci\u00f3n del certamen Eduardo Rivera P\u00e9rez, Presidente Municipal, quien adem\u00e1s revel\u00f3 se destinar\u00e1 un mill\u00f3n de pesos para que todo se desarrolle de manera correcta y segura.<\/p>\n\n\n\n<p>Es as\u00ed como la Angel\u00f3polis ser\u00e1 capital de este encuentro pambolero con sentido social, pues tal y como lo refiri\u00f3 Daniel Copto Garc\u00eda, Director General de Street Soccer, se trata de un proyecto que permite \u201ccambiar los vicios por un bal\u00f3n\u201d entre juventudes menos favorecidas, que viven en condiciones de marginaci\u00f3n, violencia o hasta de adicciones, y convertirse como Fernanda L\u00f3pez y Rodolfo Gonz\u00e1lez en emblemas deportivos que hoy representan a Puebla en este Torneo como capitanes de equipos.<\/p>\n\n\n\n<p>El evento comenzar\u00e1 el d\u00eda 26 de julio con la presentaci\u00f3n de los equipos y el sorteo; los juegos se llevar\u00e1n a cabo entre los d\u00edas 28 y 29 en el Z\u00f3calo del Centro Hist\u00f3rico, donde destaca que las y los mejores jugadores de este torneo ser\u00e1n seleccionados para representar a M\u00e9xico en el pr\u00f3ximo mundial de Street Soccer que se llevar\u00e1 a cabo en Nueva York.<\/p>\n\n\n\n<p>En la presentaci\u00f3n de esta justa deportiva estuvieron presentes Mario Gerardo Riestra Pi\u00f1a, Diputado de la LXV Legislatura del Congreso de la Uni\u00f3n; Leobardo Soto Enr\u00edquez, Presidente de la Comisi\u00f3n del Trabajo; Guillermo Antonio Iriarte Gonz\u00e1lez, Titular del Instituto Municipal del Deporte; Karla Mart\u00ednez Lechuga, Titular del Instituto Municipal de la Juventud; Carolina Morales Garc\u00eda, Directora del SMDIF; Guillermo Reyes Hern\u00e1ndez, Director de Garden Factory; y Ricardo Jim\u00e9nez Hern\u00e1ndez, Director Street Soccer Puebla.<\/p>\n","protected":false},"excerpt":{"rendered":"<p>Cerca de 800 participantes provenientes de 31 estados de M\u00e9xico se dar\u00e1n cita en este encuentro. REDACCI\u00d3N La ciudad de [&hellip;]<\/p>\n","protected":false},"author":1,"featured_media":32685,"comment_status":"open","ping_status":"open","sticky":false,"template":"","format":"standard","meta":{"site-sidebar-layout":"default","site-content-layout":"","ast-site-content-layout":"default","site-content-style":"default","site-sidebar-style":"default","ast-global-header-display":"","ast-banner-title-visibility":"","ast-main-header-display":"","ast-hfb-above-header-display":"","ast-hfb-below-header-display":"","ast-hfb-mobile-header-display":"","site-post-title":"","ast-breadcrumbs-content":"","ast-featured-img":"","footer-sml-layout":"","theme-transparent-header-meta":"","adv-header-id-meta":"","stick-header-meta":"","header-above-stick-meta":"","header-main-stick-meta":"","header-below-stick-meta":"","astra-migrate-meta-layouts":"default","ast-page-background-enabled":"default","ast-page-background-meta":{"desktop":{"background-color":"var(--ast-global-color-4)","background-image":"","background-repeat":"repeat","background-position":"center center","background-size":"auto","background-attachment":"scroll","background-type":"","background-media":"","overlay-type":"","overlay-color":"","overlay-opacity":"","overlay-gradient":""},"tablet":{"background-color":"","background-image":"","background-repeat":"repeat","background-position":"center center","background-size":"auto","background-attachment":"scroll","background-type":"","background-media":"","overlay-type":"","overlay-color":"","overlay-opacity":"","overlay-gradient":""},"mobile":{"background-color":"","background-image":"","background-repeat":"repeat","background-position":"center center","background-size":"auto","background-attachment":"scroll","background-type":"","background-media":"","overlay-type":"","overlay-color":"","overlay-opacity":"","overlay-gradient":""}},"ast-content-background-meta":{"desktop":{"background-color":"var(--ast-global-color-5)","background-image":"","background-repeat":"repeat","background-position":"center center","background-size":"auto","background-attachment":"scroll","background-type":"","background-media":"","overlay-type":"","overlay-color":"","overlay-opacity":"","overlay-gradient":""},"tablet":{"background-color":"var(--ast-global-color-5)","background-image":"","background-repeat":"repeat","background-position":"center center","background-size":"auto","background-attachment":"scroll","background-type":"","background-media":"","overlay-type":"","overlay-color":"","overlay-opacity":"","overlay-gradient":""},"mobile":{"background-color":"var(--ast-global-color-5)","background-image":"","background-repeat":"repeat","background-position":"center center","background-size":"auto","background-attachment":"scroll","background-type":"","background-media":"","overlay-type":"","overlay-color":"","overlay-opacity":"","overlay-gradient":""}},"footnotes":""},"categories":[8],"tags":[7279,11518],"class_list":["post-32683","post","type-post","status-publish","format-standard","has-post-thumbnail","hentry","category-noticias","tag-contigoyconrumbo","tag-de-la-calle-a-la-cancha"],"_links":{"self":[{"href":"https:\/\/losperiodistas.com.mx\/portal\/wp-json\/wp\/v2\/posts\/32683","targetHints":{"allow":["GET"]}}],"collection":[{"href":"https:\/\/losperiodistas.com.mx\/portal\/wp-json\/wp\/v2\/posts"}],"about":[{"href":"https:\/\/losperiodistas.com.mx\/portal\/wp-json\/wp\/v2\/types\/post"}],"author":[{"embeddable":true,"href":"https:\/\/losperiodistas.com.mx\/portal\/wp-json\/wp\/v2\/users\/1"}],"replies":[{"embeddable":true,"href":"https:\/\/losperiodistas.com.mx\/portal\/wp-json\/wp\/v2\/comments?post=32683"}],"version-history":[{"count":2,"href":"https:\/\/losperiodistas.com.mx\/portal\/wp-json\/wp\/v2\/posts\/32683\/revisions"}],"predecessor-version":[{"id":32687,"href":"https:\/\/losperiodistas.com.mx\/portal\/wp-json\/wp\/v2\/posts\/32683\/revisions\/32687"}],"wp:featuredmedia":[{"embeddable":true,"href":"https:\/\/losperiodistas.com.mx\/portal\/wp-json\/wp\/v2\/media\/32685"}],"wp:attachment":[{"href":"https:\/\/losperiodistas.com.mx\/portal\/wp-json\/wp\/v2\/media?parent=32683"}],"wp:term":[{"taxonomy":"category","embeddable":true,"href":"https:\/\/losperiodistas.com.mx\/portal\/wp-json\/wp\/v2\/categories?post=32683"},{"taxonomy":"post_tag","embeddable":true,"href":"https:\/\/losperiodistas.com.mx\/portal\/wp-json\/wp\/v2\/tags?post=32683"}],"curies":[{"name":"wp","href":"https:\/\/api.w.org\/{rel}","templated":true}]}}