{"id":32680,"date":"2022-07-21T10:03:23","date_gmt":"2022-07-21T15:03:23","guid":{"rendered":"http:\/\/losperiodistas.com.mx\/portal\/?p=32680"},"modified":"2022-07-21T10:03:25","modified_gmt":"2022-07-21T15:03:25","slug":"trucos-para-acelerar-el-metabolismo-y-adelgazar-rapidamente-acyv","status":"publish","type":"post","link":"https:\/\/losperiodistas.com.mx\/portal\/trucos-para-acelerar-el-metabolismo-y-adelgazar-rapidamente-acyv\/","title":{"rendered":"Trucos para acelerar el metabolismo y adelgazar r\u00e1pidamente | ACyV"},"content":{"rendered":"\n<p><em>El metabolismo es un proceso natural que el cuerpo humano realiza de forma autom\u00e1tica, pero en \u00e9l parece estar la clave para conseguir adelgazar m\u00e1s f\u00e1cilmente<\/em><\/p>\n\n\n\n<p><\/p>\n\n\n\n<figure class=\"wp-block-image size-large is-style-default\"><img fetchpriority=\"high\" decoding=\"async\" width=\"1024\" height=\"768\" src=\"https:\/\/losperiodistas.com.mx\/portal\/wp-content\/uploads\/2022\/07\/f.elconfidencial.com_original_00f_824_b05_00f824b05ba7a47783388485b92c391a-1024x768.jpg\" alt=\"\" class=\"wp-image-32681\" srcset=\"https:\/\/losperiodistas.com.mx\/portal\/wp-content\/uploads\/2022\/07\/f.elconfidencial.com_original_00f_824_b05_00f824b05ba7a47783388485b92c391a-1024x768.jpg 1024w, https:\/\/losperiodistas.com.mx\/portal\/wp-content\/uploads\/2022\/07\/f.elconfidencial.com_original_00f_824_b05_00f824b05ba7a47783388485b92c391a-300x225.jpg 300w, https:\/\/losperiodistas.com.mx\/portal\/wp-content\/uploads\/2022\/07\/f.elconfidencial.com_original_00f_824_b05_00f824b05ba7a47783388485b92c391a-768x576.jpg 768w, https:\/\/losperiodistas.com.mx\/portal\/wp-content\/uploads\/2022\/07\/f.elconfidencial.com_original_00f_824_b05_00f824b05ba7a47783388485b92c391a.jpg 1200w\" sizes=\"(max-width: 1024px) 100vw, 1024px\" \/><figcaption>Fuente: iStock<\/figcaption><\/figure>\n\n\n\n<p><\/p>\n\n\n\n<p class=\"has-vivid-cyan-blue-color has-text-color has-medium-font-size\">ACyV<\/p>\n\n\n\n<p>Cuando decidimos ampliar nuestra informaci\u00f3n sobre el mundo de las dietas, r\u00e1pidamente encontraremos referencias al&nbsp;<strong><a href=\"https:\/\/www.elconfidencial.com\/tags\/otros\/metabolismo-8213\/\">metabolismo<\/a><\/strong>, esa palabra que escuchamos sin parar y que pocas veces llegamos a comprender. Seguramente habr\u00e1s escuchado hablar de un grupo de alimentos concretos o&nbsp;<strong>ejercicios f\u00edsicos<\/strong>&nbsp;que lo aceleran y en muchos casos se relaciona con el aumento de peso o la dificultad para lograr&nbsp;<strong>adelgazar<\/strong>, pero, \u00bfsabes realmente qu\u00e9 es el metabolismo?<\/p>\n\n\n\n<p>Hablamos del&nbsp;<strong>proceso que lleva a cabo tu cuerpo para convertir los alimentos que consume en la energ\u00eda<\/strong>&nbsp;que necesita. Es un proceso vital para todos los seres vivos, no solo para los humanos, la energ\u00eda que nuestro cuerpo obtiene cuando nos alimentamos, y que consigue que seamos capaces, por ejemplo, de respirar o de hacer la digesti\u00f3n. Pero, \u00bfqu\u00e9 tiene que ver eso con ese&nbsp;<strong>&#8216;gordominal&#8217;&nbsp;<\/strong>que no puedes quitarte?<\/p>\n\n\n\n<p>Tiene mucho que ver con que tu tasa metab\u00f3lica sea m\u00e1s o menos r\u00e1pida, y esta se mide de dos maneras: o bien mediante el calor que exuda tu cuerpo o monitoreando los niveles de di\u00f3xido de carbono que exhalas. Pero, \u00bfpor qu\u00e9 hay gente que la tiene m\u00e1s r\u00e1pida o menos? El doctor&nbsp;<strong>Thomas Barber<\/strong>, endocrino en la Universidad de Warwick, explica en&nbsp;<a href=\"https:\/\/www.livescience.com\/32362-what-does-fast-metabolism-mean.html\" target=\"_blank\" rel=\"noreferrer noopener\">&#8216;Live Science<\/a>&#8216;: \u00abLa gente difiere en su tasa metab\u00f3lica, pero si se observa el metabolismo de las personas por unidad o por kilogramo de masa magra, en realidad, esta tasa es notablemente constante en toda la poblaci\u00f3n. La mayor parte del proceso metab\u00f3lico act\u00faa en el tejido magro del cuerpo, por lo que si&nbsp;<strong>consideramos a las personas solo por su masa magra<\/strong>, todos somos bastante similares\u00bb.<\/p>\n\n\n\n<p>Cuanta m\u00e1s masa magra tengas y menos grasa corporal, m\u00e1s eficientemente funcionar\u00e1 el metabolismo de tu cuerpo<\/p>\n\n\n\n<p><strong>Las diferencias en el metabolismo<\/strong>&nbsp;surgen, en su mayor parte, debido a las diferencias en las cantidades de grasa en comparaci\u00f3n con<strong>&nbsp;la masa magra<\/strong>&nbsp;en el cuerpo de una persona. En otras palabras, cuanta m\u00e1s masa magra tengas y menos grasa corporal, m\u00e1s eficientemente funcionar\u00e1&nbsp;<strong>el metabolismo de tu cuerpo<\/strong>. Ahora bien, \u00bfsignifica eso que est\u00e1s destinado a tener el &#8216;gordominal&#8217; de por vida? \u00bfHay alguna manera de acelerarla?<\/p>\n\n\n\n<figure class=\"wp-block-image is-style-default\"><img decoding=\"async\" src=\"https:\/\/images.ecestaticos.com\/-ZQJMt4z8i70r9QSWDU6A6gBwzM=\/0x2:2270x1278\/1600x900\/filters:fill(white):format(jpg)\/f.elconfidencial.com%2Foriginal%2F77f%2F21a%2F02b%2F77f21a02b85821fab8867c437e783b76.jpg\" alt=\"Foto: Foto: iStock.\"\/><\/figure>\n\n\n\n<p><a href=\"https:\/\/www.elconfidencial.com\/alma-corazon-vida\/2019-07-22\/metabolismo-salud-signos-enfermedad-sintomas_2129979\/\">Se\u00f1ales que ignoras de que tienes un problema con tu metabolismo<\/a>ACyV<\/p>\n\n\n\n<p>Por suerte, s\u00ed. Es probable que se lo hayas escuchado ya a los entrenadores deportivos, pero la clave est\u00e1 en<strong>&nbsp;hacer m\u00e1s ejercicio y desarrollar m\u00fasculo<\/strong>, de esa manera, proporcionalmente, tendr\u00e1s m\u00e1s masa magra (y esto puede llevar a un impacto en tu tasa metab\u00f3lica general). Normalmente la clave est\u00e1 en combinar cardio con fuerza. Los ejercicios aer\u00f3bicos implican un gasto r\u00e1pido y<strong>&nbsp;elevado de calor\u00edas<\/strong>, pero a veces un entrenamiento en el que utilices pesas puede ser incluso m\u00e1s efectivo, porque hace que el m\u00fasculo trabaje intensamente,&nbsp;<a href=\"https:\/\/www.elconfidencial.com\/alma-corazon-vida\/2019-04-11\/asi-funciona-metabolismo-aprende-adelgazar_1935182\/\" target=\"_blank\" rel=\"noreferrer noopener\">elevando el metabolismo basal<\/a>&nbsp;y recurriendo a los dep\u00f3sitos del<strong>&nbsp;organismo<\/strong>. Adem\u00e1s, una vez que terminas, estos m\u00fasculos que has ejercitado siguen necesitando ox\u00edgeno y el organismo seguir\u00e1&nbsp;<strong>quemando calor\u00edas para facilitarlo<\/strong>.<\/p>\n\n\n\n<p>Combinar ejercicio y cardio ayuda a acelerar el metabolismo y, sorprendentemente, comer picante tambi\u00e9n, seg\u00fan algunos estudios<\/p>\n\n\n\n<p>Por otro lado, hay otra serie de trucos que puedes llevar a cabo si quieres acelerar tu metabolismo y te&nbsp;<strong>centras en la alimentaci\u00f3n<\/strong>. La comida picante, por ejemplo, se ha comprobado&nbsp;<a href=\"https:\/\/www.elconfidencial.com\/alma-corazon-vida\/2019-04-11\/asi-funciona-metabolismo-aprende-adelgazar_1935182\/\" target=\"_blank\" rel=\"noreferrer noopener\">que puede ayudar<\/a>, pues aumenta<strong>&nbsp;la producci\u00f3n de calor en nuestro cuerpo<\/strong>, lo que lleva a que se quemen m\u00e1s calor\u00edas. Pero es un efecto que no dura para siempre, aunque no est\u00e1 de m\u00e1s probar: puedes a\u00f1adir una cucharada de chile verde o jengibre a la comida.<\/p>\n\n\n\n<p>Y, por supuesto,\u00a0<strong>ciertas condiciones m\u00e9dicas\u00a0<\/strong>tambi\u00e9n pueden interferir en tu tasa metab\u00f3lica. Una\u00a0<a href=\"https:\/\/www.livescience.com\/58771-thyroid-gland-facts.html\">tiroides<\/a>\u00a0hiperactiva, por ejemplo, har\u00eda que una persona quemara energ\u00eda m\u00e1s r\u00e1pido, pero si no se trata puede provocar\u00a0<strong>problemas de salud graves<\/strong>. Una tiroides poco activa, por otro lado, tendr\u00eda el efecto contrario en el metabolismo, aunque tampoco hay que llevarse las manos a la cabeza, pues ambas condiciones se pueden\u00a0<strong>paliar con la medicaci\u00f3n adecuada<\/strong>.<\/p>\n\n\n\n<p>Fuente: https:\/\/www.elconfidencial.com\/alma-corazon-vida\/2022-07-21\/trucos-toma-el-metabolismo-adelgazar_2333304\/<\/p>\n","protected":false},"excerpt":{"rendered":"<p>El metabolismo es un proceso natural que el cuerpo humano realiza de forma autom\u00e1tica, pero en \u00e9l parece estar la [&hellip;]<\/p>\n","protected":false},"author":1,"featured_media":32681,"comment_status":"open","ping_status":"open","sticky":false,"template":"","format":"standard","meta":{"site-sidebar-layout":"default","site-content-layout":"","ast-site-content-layout":"default","site-content-style":"default","site-sidebar-style":"default","ast-global-header-display":"","ast-banner-title-visibility":"","ast-main-header-display":"","ast-hfb-above-header-display":"","ast-hfb-below-header-display":"","ast-hfb-mobile-header-display":"","site-post-title":"","ast-breadcrumbs-content":"","ast-featured-img":"","footer-sml-layout":"","theme-transparent-header-meta":"","adv-header-id-meta":"","stick-header-meta":"","header-above-stick-meta":"","header-main-stick-meta":"","header-below-stick-meta":"","astra-migrate-meta-layouts":"default","ast-page-background-enabled":"default","ast-page-background-meta":{"desktop":{"background-color":"var(--ast-global-color-4)","background-image":"","background-repeat":"repeat","background-position":"center center","background-size":"auto","background-attachment":"scroll","background-type":"","background-media":"","overlay-type":"","overlay-color":"","overlay-opacity":"","overlay-gradient":""},"tablet":{"background-color":"","background-image":"","background-repeat":"repeat","background-position":"center center","background-size":"auto","background-attachment":"scroll","background-type":"","background-media":"","overlay-type":"","overlay-color":"","overlay-opacity":"","overlay-gradient":""},"mobile":{"background-color":"","background-image":"","background-repeat":"repeat","background-position":"center center","background-size":"auto","background-attachment":"scroll","background-type":"","background-media":"","overlay-type":"","overlay-color":"","overlay-opacity":"","overlay-gradient":""}},"ast-content-background-meta":{"desktop":{"background-color":"var(--ast-global-color-5)","background-image":"","background-repeat":"repeat","background-position":"center center","background-size":"auto","background-attachment":"scroll","background-type":"","background-media":"","overlay-type":"","overlay-color":"","overlay-opacity":"","overlay-gradient":""},"tablet":{"background-color":"var(--ast-global-color-5)","background-image":"","background-repeat":"repeat","background-position":"center center","background-size":"auto","background-attachment":"scroll","background-type":"","background-media":"","overlay-type":"","overlay-color":"","overlay-opacity":"","overlay-gradient":""},"mobile":{"background-color":"var(--ast-global-color-5)","background-image":"","background-repeat":"repeat","background-position":"center center","background-size":"auto","background-attachment":"scroll","background-type":"","background-media":"","overlay-type":"","overlay-color":"","overlay-opacity":"","overlay-gradient":""}},"footnotes":""},"categories":[8],"tags":[11515,11516,11514,11517],"class_list":["post-32680","post","type-post","status-publish","format-standard","has-post-thumbnail","hentry","category-noticias","tag-gordominal","tag-masa-magra","tag-metabolismo","tag-metabolismo-basal"],"_links":{"self":[{"href":"https:\/\/losperiodistas.com.mx\/portal\/wp-json\/wp\/v2\/posts\/32680","targetHints":{"allow":["GET"]}}],"collection":[{"href":"https:\/\/losperiodistas.com.mx\/portal\/wp-json\/wp\/v2\/posts"}],"about":[{"href":"https:\/\/losperiodistas.com.mx\/portal\/wp-json\/wp\/v2\/types\/post"}],"author":[{"embeddable":true,"href":"https:\/\/losperiodistas.com.mx\/portal\/wp-json\/wp\/v2\/users\/1"}],"replies":[{"embeddable":true,"href":"https:\/\/losperiodistas.com.mx\/portal\/wp-json\/wp\/v2\/comments?post=32680"}],"version-history":[{"count":1,"href":"https:\/\/losperiodistas.com.mx\/portal\/wp-json\/wp\/v2\/posts\/32680\/revisions"}],"predecessor-version":[{"id":32682,"href":"https:\/\/losperiodistas.com.mx\/portal\/wp-json\/wp\/v2\/posts\/32680\/revisions\/32682"}],"wp:featuredmedia":[{"embeddable":true,"href":"https:\/\/losperiodistas.com.mx\/portal\/wp-json\/wp\/v2\/media\/32681"}],"wp:attachment":[{"href":"https:\/\/losperiodistas.com.mx\/portal\/wp-json\/wp\/v2\/media?parent=32680"}],"wp:term":[{"taxonomy":"category","embeddable":true,"href":"https:\/\/losperiodistas.com.mx\/portal\/wp-json\/wp\/v2\/categories?post=32680"},{"taxonomy":"post_tag","embeddable":true,"href":"https:\/\/losperiodistas.com.mx\/portal\/wp-json\/wp\/v2\/tags?post=32680"}],"curies":[{"name":"wp","href":"https:\/\/api.w.org\/{rel}","templated":true}]}}