{"id":32675,"date":"2022-07-21T08:50:50","date_gmt":"2022-07-21T13:50:50","guid":{"rendered":"http:\/\/losperiodistas.com.mx\/portal\/?p=32675"},"modified":"2022-07-21T08:50:52","modified_gmt":"2022-07-21T13:50:52","slug":"hace-dos-siglos-mexico-experimento-una-monarquia-constitucional-unam","status":"publish","type":"post","link":"https:\/\/losperiodistas.com.mx\/portal\/hace-dos-siglos-mexico-experimento-una-monarquia-constitucional-unam\/","title":{"rendered":"Hace dos siglos M\u00e9xico experiment\u00f3 una monarqu\u00eda constitucional | UNAM"},"content":{"rendered":"\n<h3 class=\"wp-block-heading\"><em>\u2022 Se buscaba un Poder Ejecutivo estable y s\u00f3lido que emanara del nuevo pa\u00eds independiente con aprobaci\u00f3n del Congreso, afirma Alfredo \u00c1vila Rueda<br>\u2022 El 21 de julio de 1822 se realiz\u00f3 la coronaci\u00f3n de Agust\u00edn de Iturbide, considerado primero h\u00e9roe de la Independencia y despu\u00e9s traidor a la patria<\/em><\/h3>\n\n\n\n<p><\/p>\n\n\n\n<figure class=\"wp-block-image size-full is-style-default\"><img fetchpriority=\"high\" decoding=\"async\" width=\"600\" height=\"450\" src=\"https:\/\/losperiodistas.com.mx\/portal\/wp-content\/uploads\/2022\/07\/5831a.jpeg\" alt=\"\" class=\"wp-image-32676\" srcset=\"https:\/\/losperiodistas.com.mx\/portal\/wp-content\/uploads\/2022\/07\/5831a.jpeg 600w, https:\/\/losperiodistas.com.mx\/portal\/wp-content\/uploads\/2022\/07\/5831a-300x225.jpeg 300w\" sizes=\"(max-width: 600px) 100vw, 600px\" \/><\/figure>\n\n\n\n<p><\/p>\n\n\n\n<p class=\"has-vivid-cyan-blue-color has-text-color has-medium-font-size\">DGCS \/ UNAM<\/p>\n\n\n\n<p><strong>En el M\u00e9xico que emergi\u00f3 de la Independencia de Espa\u00f1a, hace 200 a\u00f1os, hubo un experimento hist\u00f3rico: Agust\u00edn Cosme Dami\u00e1n de Iturbide y Ar\u00e1mburu fue proclamado emperador del pa\u00eds, del 22 de mayo de 1822 al 19 de marzo de 1823, bajo el t\u00edtulo de Agust\u00edn I.<\/strong><\/p>\n\n\n\n<p><strong>\u201cLa Independencia que se consigui\u00f3 en 1821 preve\u00eda el establecimiento de una monarqu\u00eda constitucional. Es decir, no se trata de un proyecto republicano\u201d, afirma el investigador del Instituto de Investigaciones Hist\u00f3ricas (IIH) de la UNAM, Alfredo \u00c1vila Rueda.<\/strong><\/p>\n\n\n\n<p><strong>Al recordar la efem\u00e9ride, el historiador universitario se\u00f1ala que la monarqu\u00eda qued\u00f3 establecida en el Plan de Iguala y los Tratados de C\u00f3rdoba, firmados entre Agust\u00edn de Iturbide y Juan de O\u00b4Donoj\u00fa, el \u00faltimo jefe pol\u00edtico espa\u00f1ol en la Nueva Espa\u00f1a. Estos acuerdos establec\u00edan que se ofrecer\u00eda la corona al propio rey de Espa\u00f1a, Fernando VII, o alguno de los pr\u00edncipes de la casa real espa\u00f1ola. En&nbsp; caso de que no aceptaran, el Congreso, que se reunir\u00eda en M\u00e9xico ya independiente, estar\u00eda en libertad de elegir a un emperador.<\/strong><\/p>\n\n\n\n<p><strong>\u201cEs importante que se trate de una monarqu\u00eda porque el propio Agust\u00edn de Iturbide lo se\u00f1al\u00f3 en el Plan de Iguala, su objetivo era tener un monarca ya hecho y evitar los desastres que puede traer la ambici\u00f3n. Lo que \u00e9l quer\u00eda era un Poder Ejecutivo estable, para evitar que la ambici\u00f3n de los militares y de los pol\u00edticos trajera anarqu\u00eda al nuevo pa\u00eds\u201d, detalla.<\/strong><\/p>\n\n\n\n<p><strong>Para el historiador, \u201cestaban tratando de conciliar dos extremos que nosotros podemos pensar que son irreconciliables: por un lado, el nuevo pa\u00eds naci\u00f3 del derecho natural que ten\u00eda la sociedad para independizarse y formar un nuevo pa\u00eds; y, por otro lado, la necesidad de establecer un gobierno estable, s\u00f3lido, duradero, que no se viera afectado por ese derecho a la insurrecci\u00f3n. Son dos extremos e Iturbide crey\u00f3 que con una monarqu\u00eda se pod\u00edan conciliar\u201d.<\/strong><\/p>\n\n\n\n<p><strong>Espa\u00f1a tuvo una negativa a aceptar la Independencia de nuestra naci\u00f3n, as\u00ed que ni el monarca espa\u00f1ol ni su familia vendr\u00edan a gobernar. Se dej\u00f3 en manos del Congreso mexicano la posibilidad de elegir un monarca. Desde el comienzo de la vida independiente de M\u00e9xico hubo un gran apoyo para que se buscara aqu\u00ed al emperador. \u201cHubo algunas propuestas, como la de Guadalupe Victoria y Fray Servando Teresa de Mier, para que se coronara emperador a alg\u00fan descendiente de la antigua realeza mexica. Guadalupe Victoria propuso buscar a un patriota que luch\u00f3 por la Independencia y que se casara con alguna descendiente de los mexicas\u201d, precisa \u00c1vila Rueda.<\/strong><\/p>\n\n\n\n<p><strong>La popularidad de Agust\u00edn de Iturbide desde un inicio fue enorme. \u201cHoy a Iturbide muy poca gente lo recuerda, y la mayor\u00eda lo considera humillado en la historia de M\u00e9xico. Pero en su momento, a partir de la entrada del Ej\u00e9rcito de las Tres Garant\u00edas en septiembre de 1821 a la Ciudad de M\u00e9xico, Iturbide fue tremendamente aclamado, adulado, hab\u00eda sermones en donde lo comparaban con Mois\u00e9s, que sac\u00f3 a su pueblo de la opresi\u00f3n para darle la libertad, era el enviado de Dios, era el libertador\u201d, destaca el investigador.<\/strong><\/p>\n\n\n\n<p><strong>Para que fuera coronado hubo desde apoyos espont\u00e1neos de diputados, hasta manifestaciones del pueblo en las calles con infiltrados. La visi\u00f3n de Iturbide fue que eran manifestaciones populares espont\u00e1neas, \u201cy sus enemigos dec\u00edan que estaba manipulando el proceso. La verdad es un poco intermedia\u201d.<\/strong><\/p>\n\n\n\n<p><strong>La propuesta de su coronaci\u00f3n lleg\u00f3 al Congreso. Tuvo apoyo de numerosos legisladores, pero tambi\u00e9n hubo presi\u00f3n para forzar la voluntad del Congreso.<\/strong><\/p>\n\n\n\n<p><strong>Tenemos, asevera \u00c1vila Rueda, la historia de un pa\u00eds que nace de la ruptura con Espa\u00f1a, pero que pretende instaurar un gobierno estable y busca una monarqu\u00eda constitucional para darle estabilidad. Por otro lado, est\u00e1 la popularidad de Iturbide, de las manifestaciones y finalmente la decisi\u00f3n del Congreso a su favor. La monarqu\u00eda constitucional no pudo conciliar estos dos extremos.<\/strong><\/p>\n\n\n\n<p><strong>El experto explica que Iturbide nunca pudo tener control sobre el pa\u00eds, tampoco lo tuvo sobre el cobro de impuestos, la mayor\u00eda no llegaban a la Ciudad de M\u00e9xico ni ten\u00eda la capacidad para que ese dinero entrara a las arcas de la capital.<\/strong><\/p>\n\n\n\n<p><strong>Incluso no \u201cten\u00eda la capacidad para imponer su voluntad en todas las provincias, era dif\u00edcil en un pa\u00eds muy desarticulado despu\u00e9s de m\u00e1s de una d\u00e9cada de guerra. De inmediato tuvo problemas con el Congreso. Iturbide quer\u00eda imponer un sistema de polic\u00eda nacional (una gendarmer\u00eda nacional) para la seguridad del imperio, pues hab\u00eda mucha violencia y \u00e9l quer\u00eda centralizar el mando para perseguir bandidos, delincuentes y gente que se levantaba en armas. Pero el Congreso se opuso, pues representaba los intereses de cada provincia y no estaba interesado en darle tanto poder al Estado centralizado\u201d, afirma.<\/strong><\/p>\n\n\n\n<p><strong>Termin\u00f3 disolviendo ese \u00f3rgano legislativo, incluso hubo una conspiraci\u00f3n republicana pero no fue tan importante, nunca podr\u00edan haberlo derrotado, relata el universitario.<\/strong><\/p>\n\n\n\n<p><strong>La disoluci\u00f3n gener\u00f3 descontento pol\u00edtico y en diciembre de 1822 Antonio L\u00f3pez de Santa Ana se rebel\u00f3 en su contra, y a favor de la Rep\u00fablica; este no ten\u00eda suficiente capacidad militar al salir de Veracruz, donde sucedi\u00f3 la insurrecci\u00f3n. Iturbide envi\u00f3 tropas para acabar con Santa Ana y con Guadalupe Victoria, pero el problema fue que les faltaban recursos econ\u00f3micos y no pudieron derrotarlos.<\/strong><\/p>\n\n\n\n<p><strong>Lo que hicieron fue regresar a la Ciudad de M\u00e9xico para restablecer el Congreso. \u201cLas propias tropas que mand\u00f3 Iturbide se le voltearon, y a partir de all\u00ed las provincias tomaron la batuta del gobierno y fueron las que decidieron empezar a construir el nuevo pa\u00eds, mientras Iturbide entendi\u00f3 r\u00e1pidamente que no ten\u00eda posibilidades de mantenerse\u201d, se\u00f1ala.<\/strong><\/p>\n\n\n\n<p><strong>Hab\u00eda diputados que quer\u00edan la pena de muerte para \u00e9l, porque disolvi\u00f3 el Congreso y por lo tanto era considerado traidor. Pero otros legisladores pensaban que era el gran h\u00e9roe de la Independencia.<\/strong><\/p>\n\n\n\n<p><strong>\u201cHoy hemos perdido la dimensi\u00f3n, pero es el hombre que consigui\u00f3 la Independencia. Lo mandaron al exilio a Livorno, en Italia, y le dieron una pensi\u00f3n. Pero en esa \u00e9poca se establecieron en Europa del sur (Espa\u00f1a, Italia, Grecia) gobiernos constitucionales, es un periodo de revoluciones liberales en esa zona. En 1823, cuando Iturbide est\u00e1 en Italia, los reaccionarios, los absolutistas, establecen otra vez gobiernos anticonstitucionales y hay un renacer del absolutismo. E Iturbide, que estaba exiliado en Italia, de pronto se ve en peligro porque los gobiernos absolutistas lo acusan de ser el que propici\u00f3 la Independencia de M\u00e9xico de Espa\u00f1a, y por tanto es enemigo de Espa\u00f1a\u201d, detalla .<\/strong><\/p>\n\n\n\n<p><strong>Entonces envi\u00f3 correspondencia a sus contactos en territorio mexicano temiendo por su vida. Parti\u00f3 a Londres y con eso viol\u00f3 los acuerdos que hab\u00eda tomado el Congreso, que lo exili\u00f3. Pero en Inglaterra se sent\u00eda m\u00e1s protegido.<\/strong><\/p>\n\n\n\n<p><strong>\u201cEn Londres entra en contacto con algunos agentes espa\u00f1oles, de Nueva Espa\u00f1a, y explora la posibilidad de volver a M\u00e9xico. Hay gente en Guadalajara que est\u00e1 muy opuesta al gobierno republicano de la Ciudad de M\u00e9xico, en Tamaulipas, en Zacatecas, en lo que hoy es el Estado de M\u00e9xico. El gobierno mexicano piensa que viene para volverse a coronar, \u00e9l dice que no. Que viene para ocupar el lugar que la patria quiera darle y para defender a M\u00e9xico del absolutismo, que ya hay en Europa y teme que puedan reconquistar M\u00e9xico. La verdad est\u00e1 entre las dos cosas\u201d.<\/strong><\/p>\n\n\n\n<p><strong>Lleg\u00f3 a territorio mexicano, pero el gobierno hab\u00eda descubierto algunas de estas conspiraciones, lo inform\u00f3 al Congreso y este decret\u00f3 que en cuanto pusiera un pie aqu\u00ed era considerado traidor a la patria y merec\u00eda el fusilamiento, lo cual ocurri\u00f3 en Soto La Marina, Tamaulipas.<\/strong><\/p>\n\n\n\n<p><strong>Fue un gran dilema para nuestro pa\u00eds, para los de Am\u00e9rica Latina, incluso para los europeos, este principio de c\u00f3mo conciliar la voluntad popular con la necesidad de establecer un gobierno estable. \u201cEs como un experimento, pero el problema sigui\u00f3 con el primer gobierno de Guadalupe Victoria, que no fue capaz de propiciar que se eligiera a su sucesor. Hubo un golpe de Estado y lleg\u00f3 Vicente Guerrero a la Presidencia\u201d, agrega el especialista.<\/strong><strong>De acuerdo con \u00c1vila Rueda, \u201cM\u00e9xico es un pa\u00eds muy grande, y esto ha hecho hist\u00f3ricamente que los intereses regionales sean importantes a la hora de gobernar. En los estados de la Rep\u00fablica el pol\u00edtico importante es el gobernador. Los intereses regionales son muy grandes y es algo que Iturbide no pudo prever. Pensaba que este pa\u00eds segu\u00eda siendo Nueva Espa\u00f1a, con un virrey que ten\u00eda el control de m\u00e1s o menos todas las regiones. Pero eso se cay\u00f3 con la guerra de Independencia, que trajo una atomizaci\u00f3n de todo el territorio\u201d.<\/strong><\/p>\n\n\n\n<h1 class=\"wp-block-heading\">&nbsp;<\/h1>\n\n\n\n<p><em><strong>#UNAMosAccionesContralaCovid19<\/strong><\/em><br><a href=\"https:\/\/covid19comision.unam.mx\/\"><em><strong>https:\/\/covid19comision.unam.mx\/<\/strong><\/em><\/a><\/p>\n\n\n\n<p><a href=\"https:\/\/www.dgcs.unam.mx\/boletin\/bdboletin\/multimedia\/WAV220701\/583(1).jpg\"><\/a><\/p>\n\n\n\n<p>Fuente: https:\/\/www.dgcs.unam.mx\/boletin\/bdboletin\/2022_583.html<a href=\"https:\/\/www.dgcs.unam.mx\/boletin\/bdboletin\/multimedia\/WAV220701\/583(1).jpg\"><\/a><\/p>\n","protected":false},"excerpt":{"rendered":"<p>\u2022 Se buscaba un Poder Ejecutivo estable y s\u00f3lido que emanara del nuevo pa\u00eds independiente con aprobaci\u00f3n del Congreso, afirma [&hellip;]<\/p>\n","protected":false},"author":1,"featured_media":32676,"comment_status":"open","ping_status":"open","sticky":false,"template":"","format":"standard","meta":{"site-sidebar-layout":"default","site-content-layout":"","ast-site-content-layout":"default","site-content-style":"default","site-sidebar-style":"default","ast-global-header-display":"","ast-banner-title-visibility":"","ast-main-header-display":"","ast-hfb-above-header-display":"","ast-hfb-below-header-display":"","ast-hfb-mobile-header-display":"","site-post-title":"","ast-breadcrumbs-content":"","ast-featured-img":"","footer-sml-layout":"","theme-transparent-header-meta":"","adv-header-id-meta":"","stick-header-meta":"","header-above-stick-meta":"","header-main-stick-meta":"","header-below-stick-meta":"","astra-migrate-meta-layouts":"default","ast-page-background-enabled":"default","ast-page-background-meta":{"desktop":{"background-color":"var(--ast-global-color-4)","background-image":"","background-repeat":"repeat","background-position":"center center","background-size":"auto","background-attachment":"scroll","background-type":"","background-media":"","overlay-type":"","overlay-color":"","overlay-opacity":"","overlay-gradient":""},"tablet":{"background-color":"","background-image":"","background-repeat":"repeat","background-position":"center center","background-size":"auto","background-attachment":"scroll","background-type":"","background-media":"","overlay-type":"","overlay-color":"","overlay-opacity":"","overlay-gradient":""},"mobile":{"background-color":"","background-image":"","background-repeat":"repeat","background-position":"center center","background-size":"auto","background-attachment":"scroll","background-type":"","background-media":"","overlay-type":"","overlay-color":"","overlay-opacity":"","overlay-gradient":""}},"ast-content-background-meta":{"desktop":{"background-color":"var(--ast-global-color-5)","background-image":"","background-repeat":"repeat","background-position":"center center","background-size":"auto","background-attachment":"scroll","background-type":"","background-media":"","overlay-type":"","overlay-color":"","overlay-opacity":"","overlay-gradient":""},"tablet":{"background-color":"var(--ast-global-color-5)","background-image":"","background-repeat":"repeat","background-position":"center center","background-size":"auto","background-attachment":"scroll","background-type":"","background-media":"","overlay-type":"","overlay-color":"","overlay-opacity":"","overlay-gradient":""},"mobile":{"background-color":"var(--ast-global-color-5)","background-image":"","background-repeat":"repeat","background-position":"center center","background-size":"auto","background-attachment":"scroll","background-type":"","background-media":"","overlay-type":"","overlay-color":"","overlay-opacity":"","overlay-gradient":""}},"footnotes":""},"categories":[8],"tags":[11512,11513],"class_list":["post-32675","post","type-post","status-publish","format-standard","has-post-thumbnail","hentry","category-noticias","tag-agustin-de-iturbide-y-aramburu","tag-coronacion-iturbide"],"_links":{"self":[{"href":"https:\/\/losperiodistas.com.mx\/portal\/wp-json\/wp\/v2\/posts\/32675","targetHints":{"allow":["GET"]}}],"collection":[{"href":"https:\/\/losperiodistas.com.mx\/portal\/wp-json\/wp\/v2\/posts"}],"about":[{"href":"https:\/\/losperiodistas.com.mx\/portal\/wp-json\/wp\/v2\/types\/post"}],"author":[{"embeddable":true,"href":"https:\/\/losperiodistas.com.mx\/portal\/wp-json\/wp\/v2\/users\/1"}],"replies":[{"embeddable":true,"href":"https:\/\/losperiodistas.com.mx\/portal\/wp-json\/wp\/v2\/comments?post=32675"}],"version-history":[{"count":1,"href":"https:\/\/losperiodistas.com.mx\/portal\/wp-json\/wp\/v2\/posts\/32675\/revisions"}],"predecessor-version":[{"id":32677,"href":"https:\/\/losperiodistas.com.mx\/portal\/wp-json\/wp\/v2\/posts\/32675\/revisions\/32677"}],"wp:featuredmedia":[{"embeddable":true,"href":"https:\/\/losperiodistas.com.mx\/portal\/wp-json\/wp\/v2\/media\/32676"}],"wp:attachment":[{"href":"https:\/\/losperiodistas.com.mx\/portal\/wp-json\/wp\/v2\/media?parent=32675"}],"wp:term":[{"taxonomy":"category","embeddable":true,"href":"https:\/\/losperiodistas.com.mx\/portal\/wp-json\/wp\/v2\/categories?post=32675"},{"taxonomy":"post_tag","embeddable":true,"href":"https:\/\/losperiodistas.com.mx\/portal\/wp-json\/wp\/v2\/tags?post=32675"}],"curies":[{"name":"wp","href":"https:\/\/api.w.org\/{rel}","templated":true}]}}