{"id":32666,"date":"2022-07-21T08:23:16","date_gmt":"2022-07-21T13:23:16","guid":{"rendered":"http:\/\/losperiodistas.com.mx\/portal\/?p=32666"},"modified":"2022-07-21T08:23:25","modified_gmt":"2022-07-21T13:23:25","slug":"dia-del-perro-en-mexico-2022-por-que-se-celebra-el-21-de-julio-historia-y-origen-diario-de-yucatan","status":"publish","type":"post","link":"https:\/\/losperiodistas.com.mx\/portal\/dia-del-perro-en-mexico-2022-por-que-se-celebra-el-21-de-julio-historia-y-origen-diario-de-yucatan\/","title":{"rendered":"D\u00eda del Perro en M\u00e9xico 2022: \u00bfPor qu\u00e9 se celebra el 21 de julio? Historia y origen | Diario de Yucat\u00e1n"},"content":{"rendered":"\n<p><strong><em>El d\u00eda mundial del Perro en M\u00e9xico se celebra este 21 de julio y aqu\u00ed te decimos por qu\u00e9 se celebra esta fecha y algunos datos curiosos de estos animales.<\/em><\/strong><\/p>\n\n\n\n<figure class=\"wp-block-image size-full is-style-default\"><img fetchpriority=\"high\" decoding=\"async\" width=\"800\" height=\"450\" src=\"https:\/\/losperiodistas.com.mx\/portal\/wp-content\/uploads\/2022\/07\/f800x450-582877_634323_5050.jpeg\" alt=\"\" class=\"wp-image-32668\" srcset=\"https:\/\/losperiodistas.com.mx\/portal\/wp-content\/uploads\/2022\/07\/f800x450-582877_634323_5050.jpeg 800w, https:\/\/losperiodistas.com.mx\/portal\/wp-content\/uploads\/2022\/07\/f800x450-582877_634323_5050-300x169.jpeg 300w, https:\/\/losperiodistas.com.mx\/portal\/wp-content\/uploads\/2022\/07\/f800x450-582877_634323_5050-768x432.jpeg 768w\" sizes=\"(max-width: 800px) 100vw, 800px\" \/><\/figure>\n\n\n\n<p><\/p>\n\n\n\n<p class=\"has-vivid-cyan-blue-color has-text-color has-medium-font-size\">GRUPO MEGAMEDIA \/ DIARIO DE YUCAT\u00c1N<\/p>\n\n\n\n<p>El<strong>&nbsp;d\u00eda del perro<\/strong>&nbsp;se llevar\u00e1 a cabo este&nbsp;<strong>21 de julio de 2022<\/strong>&nbsp;y es un d\u00eda no solo para consentir a nuestros amigos perrunos, sino tambi\u00e9n para hacer conciencia sobre el maltrato animal y la adopci\u00f3n a nivel mundial. Como bien sabemos, el perro es sin duda el mejor amigo del hombre y esta fecha hace honor a la lealtad que ellos demuestran todos los d\u00edas a sus familias y due\u00f1os.&nbsp;<\/p>\n\n\n\n<p>Conoce aqu\u00ed la<strong>&nbsp;historia y origen del D\u00eda del Perro<\/strong>&nbsp;y por qu\u00e9 se celebra este 21 de julio.&nbsp;<\/p>\n\n\n\n<h5 class=\"wp-block-heading\">NOTICIAS RELACIONADAS<\/h5>\n\n\n\n<ul class=\"wp-block-list\"><li><a href=\"https:\/\/www.yucatan.com.mx\/mexico\/2022\/7\/9\/justicia-para-maple-el-perro-fue-un-campamento-lo-devolvieron-en-una-urna-332211.html\">\u00abJusticia para Maple\u00bb: el perro fue a un campamento y lo devolvieron en una urna<\/a><\/li><li><a href=\"https:\/\/www.yucatan.com.mx\/mexico\/2022\/7\/8\/payaso-el-perrito-que-espera-su-dueno-fallecido-en-toluca-332000.html\">\u00bbPayaso\u00bb, el perrito que espera a su due\u00f1o fallecido en Toluca<\/a><\/li><li><a href=\"https:\/\/www.yucatan.com.mx\/imagen\/2022\/4\/20\/la-historia-de-simon-el-perrito-abandonado-por-un-nino-para-que-no-le-pegaran-fotos-315139.html\">La historia de Sim\u00f3n, el perrito abandonado por un ni\u00f1o para que no le pegaran (FOTOS)<\/a><\/li><\/ul>\n\n\n\n<figure class=\"wp-block-embed is-type-rich is-provider-twitter wp-block-embed-twitter\"><div class=\"wp-block-embed__wrapper\">\n<blockquote class=\"twitter-tweet\" data-width=\"500\" data-dnt=\"true\"><p lang=\"es\" dir=\"ltr\">aki con los panas <a href=\"https:\/\/t.co\/3a007SCiYx\">pic.twitter.com\/3a007SCiYx<\/a><\/p>&mdash; Perritos Haciendo Cosas (@perritos_hc) <a href=\"https:\/\/twitter.com\/perritos_hc\/status\/1403787434953895939?ref_src=twsrc%5Etfw\">June 12, 2021<\/a><\/blockquote><script async src=\"https:\/\/platform.twitter.com\/widgets.js\" charset=\"utf-8\"><\/script>\n<\/div><\/figure>\n\n\n\n<h2 class=\"wp-block-heading\"><strong>D\u00eda del Perro en M\u00e9xico 2022. Historia y origen<\/strong><\/h2>\n\n\n\n<p>El&nbsp;<strong>D\u00eda Mundial del Perro&nbsp;<\/strong>se celebra cada<strong>&nbsp;21 de julio desde el 2004,<\/strong>&nbsp;y pese a que es una fecha para consentir a los \u00ablomitos\u00bb, tambi\u00e9n se cre\u00f3 con la finalidad de promover la adopci\u00f3n, pues de acuerdo a la&nbsp;<strong>Organizaci\u00f3n Mundial de la Salud<\/strong>&nbsp;(OMS)&nbsp;existen m\u00e1s de&nbsp;<strong>300 millones de perros<\/strong>&nbsp;en el mundo y al menos&nbsp;<strong>el 70% no tiene&nbsp;hogar.&nbsp;<\/strong><\/p>\n\n\n\n<p>Por lo que esta conmemoraci\u00f3n nace con la intenci\u00f3n no solo de homenajear a estos animales, sino tambi\u00e9n para<strong>\u00a0sensibilizar a los seres humanos\u00a0sobre los derechos que ellos tienen<\/strong>, ya que hay cientos de casos a nivel mundial en el que se adoptan los perritos, pero la gente los devuelve y los abandona, incluso hasta los maltrata, pues no saben la responsabilidad que conlleva tener una mascota en casa.\u00a0<\/p>\n\n\n\n<p>Fue por eso que en el a\u00f1o\u00a02004\u00a0se determin\u00f3 que era necesario un d\u00eda mundial para honrar a los perros y aunque<strong>\u00a0se desconoce exactamente qui\u00e9n lo promovi\u00f3,<\/strong>\u00a0se sabe que fue ese a\u00f1o cuando tuvo lugar la primera celebraci\u00f3n del D\u00eda Mundial del Perro.\u00a0<\/p>\n\n\n\n<figure class=\"wp-block-embed is-type-rich is-provider-twitter wp-block-embed-twitter\"><div class=\"wp-block-embed__wrapper\">\n<blockquote class=\"twitter-tweet\" data-width=\"500\" data-dnt=\"true\"><p lang=\"es\" dir=\"ltr\">ia llego su pakete <a href=\"https:\/\/t.co\/mB0ixchc7I\">pic.twitter.com\/mB0ixchc7I<\/a><\/p>&mdash; Perritos Haciendo Cosas (@perritos_hc) <a href=\"https:\/\/twitter.com\/perritos_hc\/status\/1400550356040421382?ref_src=twsrc%5Etfw\">June 3, 2021<\/a><\/blockquote><script async src=\"https:\/\/platform.twitter.com\/widgets.js\" charset=\"utf-8\"><\/script>\n<\/div><\/figure>\n\n\n\n<h2 class=\"wp-block-heading\"><strong>\u00bfCu\u00e1l es perro m\u00e1s caro del mundo?<\/strong><\/h2>\n\n\n\n<p>Este 2022,\u00a0<strong>el perro m\u00e1s caro del mundo es el mast\u00edn tibetano<\/strong>. Tambi\u00e9n conocido como\u00a0<strong>\u00abdogo del T\u00edbet\u00bb\u00a0<\/strong>es una raza de origen asi\u00e1tica y adem\u00e1s de ser una de las m\u00e1s grandes en el mundo,\u00a0<strong>es altamente cotizada<\/strong>, pues para la sociedad,\u00a0<strong>otorga cierto \u00abstatus\u00bb econ\u00f3mico,\u00a0<\/strong>especialmente en el Lejano Oriente.<\/p>\n\n\n\n<figure class=\"wp-block-image size-full is-style-default\"><img decoding=\"async\" width=\"768\" height=\"479\" src=\"https:\/\/losperiodistas.com.mx\/portal\/wp-content\/uploads\/2022\/07\/f768x1-582876_583003_5050.jpeg\" alt=\"\" class=\"wp-image-32669\" srcset=\"https:\/\/losperiodistas.com.mx\/portal\/wp-content\/uploads\/2022\/07\/f768x1-582876_583003_5050.jpeg 768w, https:\/\/losperiodistas.com.mx\/portal\/wp-content\/uploads\/2022\/07\/f768x1-582876_583003_5050-300x187.jpeg 300w\" sizes=\"(max-width: 768px) 100vw, 768px\" \/><\/figure>\n\n\n\n<p>De hecho,&nbsp;<strong>un magnate chino<\/strong>&nbsp;lleg\u00f3 a pagar por un&nbsp;cachorro de un a\u00f1o&nbsp;la suma de 12 millones de yuanes, algo as\u00ed como&nbsp;<strong>1,2 millones de d\u00f3lares.<\/strong><\/p>\n\n\n\n<p>Suele utilizarse como\u00a0<strong>perro guardi\u00e1n para el ganado<\/strong>, pero dado que tambi\u00e9n se trata de\u00a0un perro protector, cari\u00f1oso e independiente, tambi\u00e9n es utilizado como perro de compa\u00f1\u00eda, aunque en ocasiones suele tener un car\u00e1cter terco y obstinado.<strong>\u00a0No se trata del mejor perro para convivir con ni\u00f1os<\/strong>, ya que no siempre tolera bien los gritos y juegos.<\/p>\n\n\n\n<h3 class=\"wp-block-heading\"><strong>Razas de perros m\u00e1s caras en el mundo<\/strong><\/h3>\n\n\n\n<p><strong>&#8211; Akita Inu:<\/strong>&nbsp;Es famosa gracias a Hachiko, que esper\u00f3 a su amo tras su muerte durante a\u00f1os en la estaci\u00f3n de Shibuya, en Tokio.&nbsp;Es un animal muy fiel y con un car\u00e1cter muy bueno. Un cachorro de esta raza sale por unos 600-800 euros.<\/p>\n\n\n\n<p><strong>&#8211; Perro del fara\u00f3n:<\/strong>\u00a0Debe su nombre al parecido con los perros egipcios que han aparecido en pinturas y jerogl\u00edficos. Es una especie de galgo y es el perro nacional de Malta desde 1979. El precio que se pide por un ejemplar ronda los 1700-2200 euros.<\/p>\n\n\n\n<p><strong>&#8211; Samoyedo:<\/strong>\u00a0Originarios de Rusia donde eran empleados c\u00f3mo perro de trineo y para el pastoreo de renos o la caza.\u00a0El precio de un samoyedo est\u00e1 alrededor de los 1000-1200 euros.<\/p>\n\n\n\n<figure class=\"wp-block-embed is-type-rich is-provider-twitter wp-block-embed-twitter\"><div class=\"wp-block-embed__wrapper\">\n<blockquote class=\"twitter-tweet\" data-width=\"500\" data-dnt=\"true\"><p lang=\"es\" dir=\"ltr\">uenos dias <a href=\"https:\/\/t.co\/54MBDNyftJ\">pic.twitter.com\/54MBDNyftJ<\/a><\/p>&mdash; Perritos Haciendo Cosas (@perritos_hc) <a href=\"https:\/\/twitter.com\/perritos_hc\/status\/1400097373104218114?ref_src=twsrc%5Etfw\">June 2, 2021<\/a><\/blockquote><script async src=\"https:\/\/platform.twitter.com\/widgets.js\" charset=\"utf-8\"><\/script>\n<\/div><\/figure>\n\n\n\n<p><strong>&#8211; Chow Chow:&nbsp;<\/strong>Originario de Mongolia y el norte de China, es una de las razas m\u00e1s antiguas del mundo. Es conocido por su lengua de color azul. Tiene un car\u00e1cter bastante solitario y no es el m\u00e1s cari\u00f1oso pero no es agresivo. Un cachorro tiene un precio de 800-1200 euros.<\/p>\n\n\n\n<p><strong>&#8211; Saluki:&nbsp;<\/strong>Se trata de un galgo bello y elegante, originario del Oriente Medio; se considera como&nbsp;un s\u00edmbolo de honor.&nbsp;&nbsp;Actualmente en Europa es utilizado como perro de compa\u00f1\u00eda, sobre todo por su car\u00e1cter dulce, tranquilo, inteligente e independiente. Su precio ronda entre los 1000 y 2500 euros.<\/p>\n\n\n\n<h2 class=\"wp-block-heading\"><strong>Otras fechas para celebrar el D\u00eda del Perro<\/strong><\/h2>\n\n\n\n<p><strong>&#8211; D\u00eda Internacional del Perro Gu\u00eda<\/strong>&nbsp;(\u00faltimo domingo de abril): esta fecha homenajea a aquellos perros que ayudan cada d\u00eda a moverse a personas con discapacidad visual.<\/p>\n\n\n\n<p><strong>&#8211; D\u00eda del Perro sin raza\u00a0<\/strong>(28 de mayo): se celebra desde 2013 a nivel mundial, para rendir homenaje a los perros sin raza determinada.<\/p>\n\n\n\n<p><strong>&#8211; D\u00eda Mundial de llevar al Perro al Trabajo\u00a0<\/strong>(21 de junio): esta conmemoraci\u00f3n se origin\u00f3 a finales de la d\u00e9cada de los 90 en Estados Unidos. Tiene como finalidad concienciar sobre el poder que tienen las mascotas para aumentar la productividad y reducir los niveles de estr\u00e9s de los trabajadores.<\/p>\n\n\n\n<figure class=\"wp-block-embed is-type-rich is-provider-twitter wp-block-embed-twitter\"><div class=\"wp-block-embed__wrapper\">\nhttps:\/\/twitter.com\/perritos_qctd\/status\/1524253784674869251?ref_src=twsrc%5Etfw%7Ctwcamp%5Etweetembed%7Ctwterm%5E1524253784674869251%7Ctwgr%5E%7Ctwcon%5Es1_c10&#038;ref_url=https%3A%2F%2Fwww.yucatan.com.mx%2Fimagen%2F2022%2F7%2F19%2Fdia-del-perro-en-mexico-2022-por-que-se-celebra-el-21-de-julio-historia-origen-334377.html\n<\/div><\/figure>\n\n\n\n<p><strong>&#8211; D\u00eda Internacional del Perro Callejero<\/strong>&nbsp;(27 de julio): esta fecha pretende concienciar sobre el gran n\u00famero de perros que viven en la calle porque han sido abandonados. Surgi\u00f3 en 2008 de la mano de un estudiante chileno llamado Ignacio Gac.<\/p>\n\n\n\n<p><strong>&#8211; D\u00eda Internacional del Perro:&nbsp;<\/strong>(26 de agosto): esta conmemoraci\u00f3n nacional surgi\u00f3 en Estados Unidos en el a\u00f1o 2004 y, m\u00e1s adelante, se fue extendiendo por otros pa\u00edses.<\/p>\n\n\n\n<p><strong>&#8211; D\u00eda del Perro de Trabajo<\/strong>&nbsp;(6 de diciembre): en esta fecha se conmemora a todos aquellos perros que forman parte de los cuerpos de polic\u00eda, terapias, rastreadores, entre otros.<\/p>\n\n\n\n<h2 class=\"wp-block-heading\"><strong>Frases para dedicar en el D\u00eda Mundial del Perro 2022<\/strong><\/h2>\n\n\n\n<ul class=\"wp-block-list\"><li>\u00a0\u201cEl\u00a0perro\u00a0es la \u00fanica criatura en el mundo que te ama m\u00e1s a ti, de lo que se ama a s\u00ed mismo\u201d.<\/li><li>\u201cVivimos en un mundo donde los\u00a0perros\u00a0son mejores amigos que las personas\u201d.<\/li><li>\u201cNo conozco la receta de la felicidad, pero seguro incluye un perro\u201d.<\/li><li>\u201cNo me f\u00edo de nadie en mi vida, excepto de mi madre y de mis\u00a0perros\u201d.<\/li><li>\u201cLa felicidad no se compra, se saca a pasear\u201d.<\/li><\/ul>\n\n\n\n<figure class=\"wp-block-embed is-type-rich is-provider-twitter wp-block-embed-twitter\"><div class=\"wp-block-embed__wrapper\">\nhttps:\/\/twitter.com\/perritos_qctd\/status\/1535286709528809472?ref_src=twsrc%5Etfw%7Ctwcamp%5Etweetembed%7Ctwterm%5E1535286709528809472%7Ctwgr%5E%7Ctwcon%5Es1_c10&#038;ref_url=https%3A%2F%2Fwww.yucatan.com.mx%2Fimagen%2F2022%2F7%2F19%2Fdia-del-perro-en-mexico-2022-por-que-se-celebra-el-21-de-julio-historia-origen-334377.html\n<\/div><\/figure>\n\n\n\n<ul class=\"wp-block-list\"><li>\u201cCualquiera que no sepa qu\u00e9 sabor tiene el jab\u00f3n, jam\u00e1s ha ba\u00f1ado un\u00a0perro\u201d.<\/li><li>\u201cCuando muere un\u00a0perro, pierdes un amigo, pero ganas un \u00e1ngel\u201d.<\/li><li>\u201cSi recoges un\u00a0perro\u00a0hambriento de la calle y lo haces pr\u00f3spero, no te morder\u00e1, esa es la diferencia entre un hombre y un perro\u201d.<\/li><li>\u201cHasta que no hayas amado a un animal,\u00a0parte de tu alma estar\u00e1 dormida\u201d.<\/li><li>\u201cNuestros compa\u00f1eros perfectos\u00a0nunca tienen menos de cuatro patas\u201d.<\/li><\/ul>\n\n\n\n<figure class=\"wp-block-embed is-type-rich is-provider-twitter wp-block-embed-twitter\"><div class=\"wp-block-embed__wrapper\">\nhttps:\/\/twitter.com\/perritos_qctd\/status\/1527710012767862785?ref_src=twsrc%5Etfw%7Ctwcamp%5Etweetembed%7Ctwterm%5E1527710012767862785%7Ctwgr%5E%7Ctwcon%5Es1_c10&#038;ref_url=https%3A%2F%2Fwww.yucatan.com.mx%2Fimagen%2F2022%2F7%2F19%2Fdia-del-perro-en-mexico-2022-por-que-se-celebra-el-21-de-julio-historia-origen-334377.html\n<\/div><\/figure>\n\n\n\n<p>Fuente: https:\/\/www.yucatan.com.mx\/imagen\/2022\/7\/19\/dia-del-perro-en-mexico-2022-por-que-se-celebra-el-21-de-julio-historia-origen-334377.html<\/p>\n","protected":false},"excerpt":{"rendered":"<p>El d\u00eda mundial del Perro en M\u00e9xico se celebra este 21 de julio y aqu\u00ed te decimos por qu\u00e9 se [&hellip;]<\/p>\n","protected":false},"author":1,"featured_media":32668,"comment_status":"open","ping_status":"open","sticky":false,"template":"","format":"standard","meta":{"site-sidebar-layout":"default","site-content-layout":"","ast-site-content-layout":"default","site-content-style":"default","site-sidebar-style":"default","ast-global-header-display":"","ast-banner-title-visibility":"","ast-main-header-display":"","ast-hfb-above-header-display":"","ast-hfb-below-header-display":"","ast-hfb-mobile-header-display":"","site-post-title":"","ast-breadcrumbs-content":"","ast-featured-img":"","footer-sml-layout":"","theme-transparent-header-meta":"","adv-header-id-meta":"","stick-header-meta":"","header-above-stick-meta":"","header-main-stick-meta":"","header-below-stick-meta":"","astra-migrate-meta-layouts":"default","ast-page-background-enabled":"default","ast-page-background-meta":{"desktop":{"background-color":"var(--ast-global-color-4)","background-image":"","background-repeat":"repeat","background-position":"center center","background-size":"auto","background-attachment":"scroll","background-type":"","background-media":"","overlay-type":"","overlay-color":"","overlay-opacity":"","overlay-gradient":""},"tablet":{"background-color":"","background-image":"","background-repeat":"repeat","background-position":"center center","background-size":"auto","background-attachment":"scroll","background-type":"","background-media":"","overlay-type":"","overlay-color":"","overlay-opacity":"","overlay-gradient":""},"mobile":{"background-color":"","background-image":"","background-repeat":"repeat","background-position":"center center","background-size":"auto","background-attachment":"scroll","background-type":"","background-media":"","overlay-type":"","overlay-color":"","overlay-opacity":"","overlay-gradient":""}},"ast-content-background-meta":{"desktop":{"background-color":"var(--ast-global-color-5)","background-image":"","background-repeat":"repeat","background-position":"center center","background-size":"auto","background-attachment":"scroll","background-type":"","background-media":"","overlay-type":"","overlay-color":"","overlay-opacity":"","overlay-gradient":""},"tablet":{"background-color":"var(--ast-global-color-5)","background-image":"","background-repeat":"repeat","background-position":"center center","background-size":"auto","background-attachment":"scroll","background-type":"","background-media":"","overlay-type":"","overlay-color":"","overlay-opacity":"","overlay-gradient":""},"mobile":{"background-color":"var(--ast-global-color-5)","background-image":"","background-repeat":"repeat","background-position":"center center","background-size":"auto","background-attachment":"scroll","background-type":"","background-media":"","overlay-type":"","overlay-color":"","overlay-opacity":"","overlay-gradient":""}},"footnotes":""},"categories":[8],"tags":[11507],"class_list":["post-32666","post","type-post","status-publish","format-standard","has-post-thumbnail","hentry","category-noticias","tag-dia-del-perro-mexico"],"_links":{"self":[{"href":"https:\/\/losperiodistas.com.mx\/portal\/wp-json\/wp\/v2\/posts\/32666","targetHints":{"allow":["GET"]}}],"collection":[{"href":"https:\/\/losperiodistas.com.mx\/portal\/wp-json\/wp\/v2\/posts"}],"about":[{"href":"https:\/\/losperiodistas.com.mx\/portal\/wp-json\/wp\/v2\/types\/post"}],"author":[{"embeddable":true,"href":"https:\/\/losperiodistas.com.mx\/portal\/wp-json\/wp\/v2\/users\/1"}],"replies":[{"embeddable":true,"href":"https:\/\/losperiodistas.com.mx\/portal\/wp-json\/wp\/v2\/comments?post=32666"}],"version-history":[{"count":1,"href":"https:\/\/losperiodistas.com.mx\/portal\/wp-json\/wp\/v2\/posts\/32666\/revisions"}],"predecessor-version":[{"id":32670,"href":"https:\/\/losperiodistas.com.mx\/portal\/wp-json\/wp\/v2\/posts\/32666\/revisions\/32670"}],"wp:featuredmedia":[{"embeddable":true,"href":"https:\/\/losperiodistas.com.mx\/portal\/wp-json\/wp\/v2\/media\/32668"}],"wp:attachment":[{"href":"https:\/\/losperiodistas.com.mx\/portal\/wp-json\/wp\/v2\/media?parent=32666"}],"wp:term":[{"taxonomy":"category","embeddable":true,"href":"https:\/\/losperiodistas.com.mx\/portal\/wp-json\/wp\/v2\/categories?post=32666"},{"taxonomy":"post_tag","embeddable":true,"href":"https:\/\/losperiodistas.com.mx\/portal\/wp-json\/wp\/v2\/tags?post=32666"}],"curies":[{"name":"wp","href":"https:\/\/api.w.org\/{rel}","templated":true}]}}