{"id":3249,"date":"2021-01-12T08:35:43","date_gmt":"2021-01-12T14:35:43","guid":{"rendered":"http:\/\/losperiodistas.com.mx\/portal\/?p=3249"},"modified":"2021-01-12T08:53:34","modified_gmt":"2021-01-12T14:53:34","slug":"21-consejos-eternos-de-coco-chanel-50-anos-sin-el-icono-feminista-que-coqueteo-con-el-nazismo-el-espanol","status":"publish","type":"post","link":"https:\/\/losperiodistas.com.mx\/portal\/21-consejos-eternos-de-coco-chanel-50-anos-sin-el-icono-feminista-que-coqueteo-con-el-nazismo-el-espanol\/","title":{"rendered":"21 consejos eternos de Coco Chanel: 50 a\u00f1os sin el icono feminista que coquete\u00f3 con el nazismo | El Espa\u00f1ol"},"content":{"rendered":"\n<p style=\"font-size:18px\"><em>Aqu\u00ed unas pinceladas biogr\u00e1ficas sobre una genia con mal genio, una rebelde solitaria y una mercenaria ideol\u00f3gica que se arrim\u00f3 al poder para hacer valer su talento.\u00a0<\/em><\/p>\n\n\n\n<p class=\"has-vivid-cyan-blue-color has-text-color has-medium-font-size\">LORENA G. MALDONADO \/ EL ESPA\u00d1OL<\/p>\n\n\n\n<p id=\"paragraph_1\">Su madre era campesina; su padre, vendedor ambulante.&nbsp;<a href=\"https:\/\/www.elespanol.com\/cultura\/historia\/20170818\/239976652_0.html\">Naci\u00f3 en el precariado, Gabrielle Chanel:&nbsp;<\/a><strong><a href=\"https:\/\/www.elespanol.com\/cultura\/historia\/20170818\/239976652_0.html\">naci\u00f3 sin estrella.<\/a>&nbsp;Tanto que fue mal inscrita en el registro civil, bajo el apellido \u201cChasnel\u201d.<\/strong>&nbsp;Una broma de mal gusto para empezar la vida. Nadie se molest\u00f3 en cambiarlo: su madre estaba exhausta tras el parto y su padre andaba por ah\u00ed, por los mercados del mundo. M\u00e1s tarde las monjas que la cuidaron la bautizar\u00edan como \u201cBonheur\u201d -\u201cFelicidad\u201d-, aunque&nbsp;<strong>la suya fue una vida de amarguras trufada de mieles, esa dualidad esquizofr\u00e9nica de las ni\u00f1as talentosas<\/strong>&nbsp;que prometen tener \u00e9xito pero que a menudo fantasean con la muerte.<\/p>\n\n\n\n<p id=\"paragraph_2\">Su padre se cas\u00f3 con su madre por dinero, tras dejarla embarazada -pr\u00e1cticamente, la familia de ella lo extorsion\u00f3-, y, cuando la esposa muri\u00f3 prematuramente por las hostias del trabajo perro, la tuberculosis y la insalubridad de sus partos, \u00e9l dej\u00f3 a sus hijos repartidos por varios orfanatos.&nbsp;<strong>Aunque Coco renegar\u00eda de sus or\u00edgenes -se invent\u00f3 bastantes trolas sobre una presunta infancia burguesa-<\/strong>, fue en ese centro religioso donde aprendi\u00f3 a bordar a mano y a coser, lo que, en su caso, no la acabar\u00eda relegando a ser una sumisa ama de casa sino una dise\u00f1adora ecum\u00e9nica.<\/p>\n\n\n\n<p id=\"paragraph_3\">Trabaj\u00f3 como ayudante de sastre, ahorr\u00f3 en el cabaret local cantando tonadillas y, tras muchos baches econ\u00f3micos y varios sue\u00f1os de gloria frustrados, se arrim\u00f3 al ala del ricach\u00f3n \u00c9tienne Balsan, oficial de caballer\u00eda y heredero textil franc\u00e9s. Ah\u00ed asom\u00f3 por fin la cabeza a la vida de lujo a la que aspiraba,\u00a0<strong>empez\u00f3 a epatar en las grandes fiestas con su belleza y su gracia y a mover contactos<\/strong>, hasta quedar fascinada por un colega -tambi\u00e9n millonario, c\u00f3mo no- de \u00c9tienne, Arthur Edward \u2018Boy\u2019 Capel, quien tambi\u00e9n le financi\u00f3 los albores del negocio y las primeras tiendas, am\u00e9n de instalarla en Par\u00eds.<\/p>\n\n\n\n<p id=\"paragraph_3\"><\/p>\n\n\n\n<p id=\"paragraph_4\">Lo cierto es que acab\u00f3 am\u00e1ndole con locura y&nbsp;<strong>se dej\u00f3 inspirar por su exquisitez creativamente, a pesar de que \u00e9l jam\u00e1s dej\u00f3 de irse de picos pardos<\/strong>&nbsp;con unas y con otras. Nueve a\u00f1os de amor. De amor oficial, claro, porque luego \u00e9l se cas\u00f3 con una arist\u00f3crata inglesa y ellos siguieron siendo amantes, incombustibles. La tragedia vino con su muerte en un accidente de coche.&nbsp;<strong>Ah\u00ed muri\u00f3 tambi\u00e9n, por vez primera, Coco Chanel.<\/strong>&nbsp;Fue por su luto que dise\u00f1\u00f3 el llamado \u201cpeque\u00f1o vestido negro\u201d que enseguida se convertir\u00eda en una prenda de moda sencilla, elegante y c\u00f3moda que todas las mujeres gozaban de usar.<\/p>\n\n\n\n<h3 class=\"wp-block-heading\">Comodidad y elegancia<\/h3>\n\n\n\n<p id=\"paragraph_5\">Ella apostaba por el confort, por\u00a0<em>la raz\u00f3n<\/em>\u00a0llevada al atuendo. Por el pantal\u00f3n, por el jersey, por la chaqueta deportiva, por el tricot; a la vez que jugaba a lo loco con el sombrero vanguardista y el collar.\u00a0<strong>Fue una dise\u00f1adora pr\u00e1ctica y glamourosa a la vez, con lo dif\u00edcil que es eso<\/strong>. Teoriz\u00f3 sobre la elegancia, que es una cualidad del esp\u00edritu. Dej\u00f3 boquiabiertos a todos, tambi\u00e9n a sus m\u00faltiples amantes que acabaron siendo amigos, como el poeta Pierre Reverdy, el dise\u00f1ador Paul Iribe o el duque Demetrio Rom\u00e1nov.<\/p>\n\n\n\n<p><\/p>\n\n\n\n<p id=\"paragraph_6\">Lo mismo financiaba Coco un peri\u00f3dico antirrepublicano y ultranacionalista que una revista radical izquierdista.&nbsp;<strong>Consum\u00eda morfina diariamente. Era una enorme adicta, una brillante sarc\u00e1stica, una agud\u00edsima destructora<\/strong>. Se code\u00f3 con las \u00e9lites brit\u00e1nicas. Ella siempre necesit\u00f3 amor, desde ni\u00f1a, pero acab\u00f3 amasando un ego feroz que la proteg\u00eda del mundo y construyendo un personaje temible, independiente y letal. Cuando le preguntaron por qu\u00e9 no hab\u00eda contra\u00eddo matrimonio con el duque, por ejemplo, respondi\u00f3:&nbsp;<strong>\u201cHa habido muchas duquesas de Westminster. Chanel hay una sola\u201d.<\/strong><\/p>\n\n\n\n<p id=\"paragraph_7\">Arremeti\u00f3 contra Hollywood, que tild\u00f3 de ser \u201cla capital del mal gusto, vulgar\u201d. Trabaj\u00f3 para el cine con sus dise\u00f1os y empez\u00f3 a caer su reputaci\u00f3n, siendo ridiculizada por la cr\u00edtica.&nbsp;<strong>Con la II Guerra Mundial, cerr\u00f3 todas sus tiendas excepto la boutique de la rue Cambon<\/strong>. Ah\u00ed sali\u00f3 a la luz que su severa educaci\u00f3n religiosa mamada en el convento la hab\u00edan convertido en antisemita y hom\u00f3foba.<\/p>\n\n\n\n<h3 class=\"wp-block-heading\">Coqueteo nazi&nbsp;<\/h3>\n\n\n\n<p id=\"paragraph_8\">Se junt\u00f3 con los grandes generales nazis,&nbsp;<strong>residi\u00f3 en el Ritz durante la ocupaci\u00f3n alemana y sali\u00f3 con el oficial Hans Gunther von Dincklage<\/strong>. Sus contactos le permitieron mantener el imperio casi a flote, especialmente gracias a su perfume Chanel n\u00ba 5. No obstante, esa afiliaci\u00f3n la perseguir\u00eda para siempre y da\u00f1ar\u00eda irremisiblemente su nombre y su imagen: l\u00f3gico.<\/p>\n\n\n\n<p id=\"paragraph_9\">C\u00f3mo se fue la cosa de madre que&nbsp;<strong>termin\u00f3 siendo acusada de ser agente nazi y denominada en los archivos como \u201cfacilitadora\u201d.<\/strong>&nbsp;Ten\u00eda un n\u00famero de esp\u00eda. Fue investigada e interrogada, sin \u00e9xito. La liberaron a las tres horas. M\u00e1s tarde se dir\u00eda que Churchill hab\u00eda intercedido por ella. Un enigma, esta Chanel.<\/p>\n\n\n\n<p id=\"paragraph_10\">Otros la acusaban directamente de no mojarse, de ser una mercenaria, de juntarse siempre con el poder -d\u00e1ndole igual qui\u00e9n lo ostentara-.&nbsp;<strong>Se la ten\u00eda por una hembra inteligent\u00edsima, una m\u00e1quina de hacer dinero, un as en los negocios<\/strong>&nbsp;y un ser medio mal\u00e9volo, malhumorado, autoritario y oscuro. No sale viva, Coco, de su propia leyenda.<\/p>\n\n\n\n<h3 class=\"wp-block-heading\">Contra la minifalda y el relleno<\/h3>\n\n\n\n<p id=\"paragraph_11\">Esa guerra y su actitud en ella fue su segunda muerte civil. Dio igual que se enfrentase, despu\u00e9s de la guerra, a Dior o Balenciaga, a toda esa \u201cest\u00e9tica il\u00f3gica\u201d de los dise\u00f1adores hombres; dio igual que arremetiese contra las \u201cfajas en la cintura o los sujetadores con relleno\u201d.&nbsp;<strong>Su feminismo ya no le vali\u00f3 de nada en Francia, aunque en EEUU y Reino Unido siguieron apoy\u00e1ndola.<\/strong><\/p>\n\n\n\n<p id=\"paragraph_12\">Otros compraron su trabajo porque casi resultaba una transgresi\u00f3n seguir aval\u00e1ndola: en Vogue, por ejemplo, la bautizaron como \u201cla gran revolucionaria\u201d o \u201cla rebelde solitaria de la moda\u201d.&nbsp;<strong>Ella segu\u00eda escupiendo contra la minifalda. Despreciaba las rodillas femeninas: dec\u00eda que eran feas.<\/strong>&nbsp;Muri\u00f3 a los 87 a\u00f1os de un ataque al coraz\u00f3n en el hotel Ritz -su casa durante treinta a\u00f1os-, sola y a\u00fan trabajando, exhausta y enferma por su artrosis y su adicci\u00f3n a la morfina. Aqu\u00ed algunas de sus frases m\u00e1s emblem\u00e1ticas:<\/p>\n\n\n\n<p id=\"paragraph_13\"><strong>1.<\/strong>&nbsp;\u201cDurante mi infancia solo ansi\u00e9 ser amada. Todos los d\u00edas pensaba en c\u00f3mo quitarme la vida; aunque, en el fondo, ya estaba muerta.&nbsp;<strong>Solo el orgullo me salv\u00f3<\/strong>\u201d.<\/p>\n\n\n\n<p id=\"paragraph_14\"><strong>2.<\/strong>&nbsp;\u201cSi est\u00e1s triste, ponte m\u00e1s pintalabios y ataca\u201d.<\/p>\n\n\n\n<p id=\"paragraph_15\"><strong>3.<\/strong>&nbsp;\u201cLa libertad siempre es elegante\u201d.<\/p>\n\n\n\n<p id=\"paragraph_16\"><strong>4.<\/strong>&nbsp;\u201cNo hay mujeres feas, sino mujeres vagas\u201d.<\/p>\n\n\n\n<p id=\"paragraph_17\"><strong>5.<\/strong>&nbsp;\u201cUna mujer que se corta el pelo anuncia que est\u00e1 a punto de cambiar de hombre\u201d.<\/p>\n\n\n\n<p id=\"paragraph_18\"><strong>6.<\/strong>&nbsp;\u201cUna mujer&nbsp;<strong>tiene la edad que se merece<\/strong>\u201d.<\/p>\n\n\n\n<p id=\"paragraph_19\"><strong>7.<\/strong>&nbsp;\u201cS\u00e9 cualquier cosa, excepto cutre\u201d.<\/p>\n\n\n\n<p id=\"paragraph_20\"><strong>8.<\/strong>&nbsp;\u201cLa arrogancia est\u00e1 en todo lo que hago. Est\u00e1 en mis gestos, en la dureza de mi voz, en el brillo de mi mirada, en mi rostro vigoroso, atormentado\u201d.<\/p>\n\n\n\n<p id=\"paragraph_21\"><strong>9.<\/strong>&nbsp;\u201cUna mujer sin perfume es una mujer sin futuro (\u2026) El perfume anuncia la llegada de una mujer y alarga su marcha\u201d.<\/p>\n\n\n\n<p id=\"paragraph_22\"><strong>10.<\/strong>&nbsp;\u201cLa elegancia implica renuncia\u201d.<\/p>\n\n\n\n<p id=\"paragraph_23\"><strong>11.<\/strong>&nbsp;\u201cYo puse de moda el negro. El negro arrasa con todo lo que hay a su alrededor (\u2026) \u201cLas mujeres piensan en todos los colores excepto la ausencia de los mismos. El negro lo tiene todo. Y tambi\u00e9n el blanco. Su belleza es absoluta. Representan la perfecta armon\u00eda\u201d.<\/p>\n\n\n\n<p id=\"paragraph_24\"><strong>12.<\/strong>&nbsp;\u201cV\u00edstete hoy&nbsp;<strong>como si fueras a conocer a tu peor enemigo<\/strong>\u201d.<\/p>\n\n\n\n<p id=\"paragraph_25\"><strong>13.<\/strong>&nbsp;\u201cSi no est\u00e1 en las calles, no es moda. La moda tiene que ver con las ideas, con la forma en que vivimos, con lo que est\u00e1 sucediendo\u201d.<\/p>\n\n\n\n<p id=\"paragraph_26\"><strong>14.<\/strong>&nbsp;\u201cLa moda pasa, el estilo permanece (\u2026) La moda reivindica el derecho individual de valorar lo ef\u00edmero\u201d.<\/p>\n\n\n\n<p id=\"paragraph_27\"><strong>15.<\/strong>&nbsp;\u201cEl lujo debe ser c\u00f3modo, de lo contrario, no es lujo\u201d.<\/p>\n\n\n\n<p id=\"paragraph_28\"><strong>16.<\/strong>&nbsp;\u201cNo s\u00e9 por qu\u00e9 las mujeres se interesan por tener aquello que tienen los hombres, cuando una de las cosas que las mujeres tienen es a los hombres (\u2026)&nbsp;<strong>Si sabes que los hombres son como ni\u00f1os, ya lo sabes todo<\/strong>&nbsp;(\u2026) Las mujeres siempre han sido las fuertes. Los hombres las buscan como una almohada sobre la que apoyar su cabeza. Siempre anhelan a la madre que los ten\u00edan como ni\u00f1os\u201d.<\/p>\n\n\n\n<p id=\"paragraph_29\"><strong>17.<\/strong>&nbsp;\u201cLa coqueter\u00eda es el triunfo del esp\u00edritu sobre los sentidos\u201d.<\/p>\n\n\n\n<p id=\"paragraph_30\"><strong>18.<\/strong>&nbsp;\u201cHay tiempo para trabajar, y hay tiempo para amar. A partir de ah\u00ed, no hay tiempo para nada m\u00e1s\u201d.<\/p>\n\n\n\n<p id=\"paragraph_31\"><strong>19.<\/strong>&nbsp;\u201cNo me importa lo que pienses de m\u00ed. Yo no pienso en ti en absoluto\u201d.<\/p>\n\n\n\n<p id=\"paragraph_32\"><strong>20.<\/strong>&nbsp;\u201cUna mujer no tiene que ser bella, tiene que cre\u00e9rselo\u201d.<\/p>\n\n\n\n<p id=\"paragraph_33\"><strong>21.<\/strong>\u00a0\u201cS\u00f3lo vives una vez. Haz que sea divertido\u201d.<\/p>\n\n\n\n<p>Fuente: <\/p>\n","protected":false},"excerpt":{"rendered":"<p>Aqu\u00ed unas pinceladas biogr\u00e1ficas sobre una genia con mal genio, una rebelde solitaria y una mercenaria ideol\u00f3gica que se arrim\u00f3 [&hellip;]<\/p>\n","protected":false},"author":1,"featured_media":3250,"comment_status":"open","ping_status":"open","sticky":false,"template":"","format":"standard","meta":{"site-sidebar-layout":"default","site-content-layout":"","ast-site-content-layout":"default","site-content-style":"default","site-sidebar-style":"default","ast-global-header-display":"","ast-banner-title-visibility":"","ast-main-header-display":"","ast-hfb-above-header-display":"","ast-hfb-below-header-display":"","ast-hfb-mobile-header-display":"","site-post-title":"","ast-breadcrumbs-content":"","ast-featured-img":"","footer-sml-layout":"","theme-transparent-header-meta":"","adv-header-id-meta":"","stick-header-meta":"","header-above-stick-meta":"","header-main-stick-meta":"","header-below-stick-meta":"","astra-migrate-meta-layouts":"default","ast-page-background-enabled":"default","ast-page-background-meta":{"desktop":{"background-color":"var(--ast-global-color-4)","background-image":"","background-repeat":"repeat","background-position":"center center","background-size":"auto","background-attachment":"scroll","background-type":"","background-media":"","overlay-type":"","overlay-color":"","overlay-opacity":"","overlay-gradient":""},"tablet":{"background-color":"","background-image":"","background-repeat":"repeat","background-position":"center center","background-size":"auto","background-attachment":"scroll","background-type":"","background-media":"","overlay-type":"","overlay-color":"","overlay-opacity":"","overlay-gradient":""},"mobile":{"background-color":"","background-image":"","background-repeat":"repeat","background-position":"center center","background-size":"auto","background-attachment":"scroll","background-type":"","background-media":"","overlay-type":"","overlay-color":"","overlay-opacity":"","overlay-gradient":""}},"ast-content-background-meta":{"desktop":{"background-color":"var(--ast-global-color-5)","background-image":"","background-repeat":"repeat","background-position":"center center","background-size":"auto","background-attachment":"scroll","background-type":"","background-media":"","overlay-type":"","overlay-color":"","overlay-opacity":"","overlay-gradient":""},"tablet":{"background-color":"var(--ast-global-color-5)","background-image":"","background-repeat":"repeat","background-position":"center center","background-size":"auto","background-attachment":"scroll","background-type":"","background-media":"","overlay-type":"","overlay-color":"","overlay-opacity":"","overlay-gradient":""},"mobile":{"background-color":"var(--ast-global-color-5)","background-image":"","background-repeat":"repeat","background-position":"center center","background-size":"auto","background-attachment":"scroll","background-type":"","background-media":"","overlay-type":"","overlay-color":"","overlay-opacity":"","overlay-gradient":""}},"footnotes":""},"categories":[8],"tags":[],"class_list":["post-3249","post","type-post","status-publish","format-standard","has-post-thumbnail","hentry","category-noticias"],"_links":{"self":[{"href":"https:\/\/losperiodistas.com.mx\/portal\/wp-json\/wp\/v2\/posts\/3249","targetHints":{"allow":["GET"]}}],"collection":[{"href":"https:\/\/losperiodistas.com.mx\/portal\/wp-json\/wp\/v2\/posts"}],"about":[{"href":"https:\/\/losperiodistas.com.mx\/portal\/wp-json\/wp\/v2\/types\/post"}],"author":[{"embeddable":true,"href":"https:\/\/losperiodistas.com.mx\/portal\/wp-json\/wp\/v2\/users\/1"}],"replies":[{"embeddable":true,"href":"https:\/\/losperiodistas.com.mx\/portal\/wp-json\/wp\/v2\/comments?post=3249"}],"version-history":[{"count":3,"href":"https:\/\/losperiodistas.com.mx\/portal\/wp-json\/wp\/v2\/posts\/3249\/revisions"}],"predecessor-version":[{"id":3253,"href":"https:\/\/losperiodistas.com.mx\/portal\/wp-json\/wp\/v2\/posts\/3249\/revisions\/3253"}],"wp:featuredmedia":[{"embeddable":true,"href":"https:\/\/losperiodistas.com.mx\/portal\/wp-json\/wp\/v2\/media\/3250"}],"wp:attachment":[{"href":"https:\/\/losperiodistas.com.mx\/portal\/wp-json\/wp\/v2\/media?parent=3249"}],"wp:term":[{"taxonomy":"category","embeddable":true,"href":"https:\/\/losperiodistas.com.mx\/portal\/wp-json\/wp\/v2\/categories?post=3249"},{"taxonomy":"post_tag","embeddable":true,"href":"https:\/\/losperiodistas.com.mx\/portal\/wp-json\/wp\/v2\/tags?post=3249"}],"curies":[{"name":"wp","href":"https:\/\/api.w.org\/{rel}","templated":true}]}}