{"id":3244,"date":"2021-01-12T07:50:08","date_gmt":"2021-01-12T13:50:08","guid":{"rendered":"http:\/\/losperiodistas.com.mx\/portal\/?p=3244"},"modified":"2021-01-12T07:50:08","modified_gmt":"2021-01-12T13:50:08","slug":"disneyland-reabre-sus-puertas-como-centro-de-vacunacion-masiva-rt","status":"publish","type":"post","link":"https:\/\/losperiodistas.com.mx\/portal\/disneyland-reabre-sus-puertas-como-centro-de-vacunacion-masiva-rt\/","title":{"rendered":"Disneyland reabre sus puertas como centro de vacunaci\u00f3n masiva | RT"},"content":{"rendered":"\n<p style=\"font-size:18px\"><em>El famoso sitio tur\u00edstico en California se convierte en el primer gran punto de dispensaci\u00f3n para vacunas del covid-19 en el condado Orange.<\/em><\/p>\n\n\n\n<p class=\"has-vivid-cyan-blue-color has-text-color has-medium-font-size\">RT<\/p>\n\n\n\n<p>El&nbsp;parque tem\u00e1tico Disneyland en Aneheim (California, Estados Unidos) vuelve a ser centro de&nbsp;atenci\u00f3n p\u00fablica esta semana&nbsp;al convertirse primer&nbsp;gran punto dispensador&nbsp;(POD por sus siglas en ingl\u00e9s) de vacunas contra covid-19 en el condado Orange,&nbsp;&nbsp;<a href=\"https:\/\/cms.ocgov.com\/civicax\/filebank\/blobdload.aspx?BlobID=119006\" target=\"_blank\" rel=\"noreferrer noopener\">han anunciado<\/a>&nbsp;este lunes las autoridades locales.<\/p>\n\n\n\n<p>\u00abDisneyland Resort, el empleador m\u00e1s grande en el coraz\u00f3n del condado de Orange, ha dado un paso adelante para albergar el primer sitio super POD del condado, emprendiendo una tarea monumental en nuestro proceso de distribuci\u00f3n de vacunas\u00bb,&nbsp;afirm\u00f3 el presidente interino Andrew Do, en un comunicado publicado en la pagina oficial del condado.<\/p>\n\n\n\n<p>El complejo tur\u00edstico, que cerr\u00f3 sus puertas en marzo del 2020, se convierte en un uno de los mayores puntos dispensadores, ya que junto con otros cuatro puestos&nbsp;similares en la regi\u00f3n, tendr\u00e1 la capacidad de vacunar miles de residentes diariamente, seg\u00fan el comunicado.<\/p>\n\n\n\n<p>\u00abLos residentes de mi distrito han&nbsp;resultado muy afectados por el covid-19. Estos Super POD son absolutamente cruciales para detener este mortal virus\u00bb,&nbsp;se\u00f1al\u00f3 el supervisor Doug Chaffee.<\/p>\n\n\n\n<p>El sitio seguir\u00e1 las pautas del estado y solo proporcionar\u00e1 vacunas a personas que cumplen con los criterios conocidos como \u00abFase 1a\u00bb. Este grupo incluye a los socorristas de las fuerzas del orden p\u00fablico en comunidades de alto riesgo y recientemente se ha ampliado para incluir a las personas mayores de 75 a\u00f1os.<\/p>\n\n\n\n<p>Fuente: https:\/\/actualidad.rt.com\/actualidad\/379887-disneyland-abrir-puertas-vacunacion-masiva<\/p>\n","protected":false},"excerpt":{"rendered":"<p>El famoso sitio tur\u00edstico en California se convierte en el primer gran punto de dispensaci\u00f3n para vacunas del covid-19 en [&hellip;]<\/p>\n","protected":false},"author":1,"featured_media":3245,"comment_status":"open","ping_status":"open","sticky":false,"template":"","format":"standard","meta":{"site-sidebar-layout":"default","site-content-layout":"","ast-site-content-layout":"default","site-content-style":"default","site-sidebar-style":"default","ast-global-header-display":"","ast-banner-title-visibility":"","ast-main-header-display":"","ast-hfb-above-header-display":"","ast-hfb-below-header-display":"","ast-hfb-mobile-header-display":"","site-post-title":"","ast-breadcrumbs-content":"","ast-featured-img":"","footer-sml-layout":"","theme-transparent-header-meta":"","adv-header-id-meta":"","stick-header-meta":"","header-above-stick-meta":"","header-main-stick-meta":"","header-below-stick-meta":"","astra-migrate-meta-layouts":"default","ast-page-background-enabled":"default","ast-page-background-meta":{"desktop":{"background-color":"var(--ast-global-color-4)","background-image":"","background-repeat":"repeat","background-position":"center center","background-size":"auto","background-attachment":"scroll","background-type":"","background-media":"","overlay-type":"","overlay-color":"","overlay-opacity":"","overlay-gradient":""},"tablet":{"background-color":"","background-image":"","background-repeat":"repeat","background-position":"center center","background-size":"auto","background-attachment":"scroll","background-type":"","background-media":"","overlay-type":"","overlay-color":"","overlay-opacity":"","overlay-gradient":""},"mobile":{"background-color":"","background-image":"","background-repeat":"repeat","background-position":"center center","background-size":"auto","background-attachment":"scroll","background-type":"","background-media":"","overlay-type":"","overlay-color":"","overlay-opacity":"","overlay-gradient":""}},"ast-content-background-meta":{"desktop":{"background-color":"var(--ast-global-color-5)","background-image":"","background-repeat":"repeat","background-position":"center center","background-size":"auto","background-attachment":"scroll","background-type":"","background-media":"","overlay-type":"","overlay-color":"","overlay-opacity":"","overlay-gradient":""},"tablet":{"background-color":"var(--ast-global-color-5)","background-image":"","background-repeat":"repeat","background-position":"center center","background-size":"auto","background-attachment":"scroll","background-type":"","background-media":"","overlay-type":"","overlay-color":"","overlay-opacity":"","overlay-gradient":""},"mobile":{"background-color":"var(--ast-global-color-5)","background-image":"","background-repeat":"repeat","background-position":"center center","background-size":"auto","background-attachment":"scroll","background-type":"","background-media":"","overlay-type":"","overlay-color":"","overlay-opacity":"","overlay-gradient":""}},"footnotes":""},"categories":[8],"tags":[],"class_list":["post-3244","post","type-post","status-publish","format-standard","has-post-thumbnail","hentry","category-noticias"],"_links":{"self":[{"href":"https:\/\/losperiodistas.com.mx\/portal\/wp-json\/wp\/v2\/posts\/3244","targetHints":{"allow":["GET"]}}],"collection":[{"href":"https:\/\/losperiodistas.com.mx\/portal\/wp-json\/wp\/v2\/posts"}],"about":[{"href":"https:\/\/losperiodistas.com.mx\/portal\/wp-json\/wp\/v2\/types\/post"}],"author":[{"embeddable":true,"href":"https:\/\/losperiodistas.com.mx\/portal\/wp-json\/wp\/v2\/users\/1"}],"replies":[{"embeddable":true,"href":"https:\/\/losperiodistas.com.mx\/portal\/wp-json\/wp\/v2\/comments?post=3244"}],"version-history":[{"count":1,"href":"https:\/\/losperiodistas.com.mx\/portal\/wp-json\/wp\/v2\/posts\/3244\/revisions"}],"predecessor-version":[{"id":3246,"href":"https:\/\/losperiodistas.com.mx\/portal\/wp-json\/wp\/v2\/posts\/3244\/revisions\/3246"}],"wp:featuredmedia":[{"embeddable":true,"href":"https:\/\/losperiodistas.com.mx\/portal\/wp-json\/wp\/v2\/media\/3245"}],"wp:attachment":[{"href":"https:\/\/losperiodistas.com.mx\/portal\/wp-json\/wp\/v2\/media?parent=3244"}],"wp:term":[{"taxonomy":"category","embeddable":true,"href":"https:\/\/losperiodistas.com.mx\/portal\/wp-json\/wp\/v2\/categories?post=3244"},{"taxonomy":"post_tag","embeddable":true,"href":"https:\/\/losperiodistas.com.mx\/portal\/wp-json\/wp\/v2\/tags?post=3244"}],"curies":[{"name":"wp","href":"https:\/\/api.w.org\/{rel}","templated":true}]}}