{"id":32403,"date":"2022-07-18T08:11:12","date_gmt":"2022-07-18T13:11:12","guid":{"rendered":"http:\/\/losperiodistas.com.mx\/portal\/?p=32403"},"modified":"2022-07-18T08:59:43","modified_gmt":"2022-07-18T13:59:43","slug":"barbosa-alimenta-la-division-y-morena-de-puebla-se-parte-sera-una-sucesion-ruidosa-sinembargo","status":"publish","type":"post","link":"https:\/\/losperiodistas.com.mx\/portal\/barbosa-alimenta-la-division-y-morena-de-puebla-se-parte-sera-una-sucesion-ruidosa-sinembargo\/","title":{"rendered":"Barbosa alimenta la divisi\u00f3n y Morena de Puebla se parte. Ser\u00e1 una sucesi\u00f3n ruidosa\u00a0| SinEmbargo"},"content":{"rendered":"\n<p><em>La afrenta entre morenistas que buscan liderar Puebla creci\u00f3 en los \u00faltimos d\u00edas luego de que el Diputado Ignacio Mier denunci\u00f3 ante la Fiscal\u00eda General de la Rep\u00fablica al Gobernador Miguel Barbosa, al Fiscal estatal y al Senador Alejandro Armenta Mier, pero desde hace meses militantes han dado indicios de su intenci\u00f3n por buscar tanto la presidencia del partido a nivel estatal como la candidatura para gobernar la entidad rumbo a 2024.<\/em><\/p>\n\n\n\n<p><\/p>\n\n\n\n<figure class=\"wp-block-embed is-type-video is-provider-youtube wp-block-embed-youtube wp-embed-aspect-16-9 wp-has-aspect-ratio\"><div class=\"wp-block-embed__wrapper\">\n<iframe title=\"Barbosa alimenta la divisi\u00f3n y Morena de Puebla se parte. Ser\u00e1 una sucesi\u00f3n ruidosa\" width=\"500\" height=\"281\" src=\"https:\/\/www.youtube.com\/embed\/rzWvIb6LZkE?feature=oembed\" frameborder=\"0\" allow=\"accelerometer; autoplay; clipboard-write; encrypted-media; gyroscope; picture-in-picture; web-share\" referrerpolicy=\"strict-origin-when-cross-origin\" allowfullscreen><\/iframe>\n<\/div><\/figure>\n\n\n\n<p><\/p>\n\n\n\n<p class=\"has-vivid-cyan-blue-color has-text-color has-medium-font-size\">MONTSERRAT ANT\u00daNEZ ESTRADA \/ SINEMBARGO<\/p>\n\n\n\n<p>Ciudad de M\u00e9xico, 18 de julio (SinEmbargo).\u2013\u00a0<strong>Morena<\/strong>\u00a0inici\u00f3 en toda la Rep\u00fablica un proceso de\u00a0<strong>renovaci\u00f3n de sus dirigencias estatales,<\/strong>\u00a0pero en\u00a0<strong>Puebla<\/strong>\u00a0la disputa es especialmente enconada entre los grupos internos que tambi\u00e9n luchan desde ahora por la sucesi\u00f3n del Gobernador\u00a0<strong>Miguel Barbosa Huerta<\/strong>, quien adem\u00e1s de haber sido denunciado penalmente por el Diputado federal<strong>\u00a0Ignacio Mier<\/strong>\u00a0suma tres a\u00f1os de gobierno con bajos niveles de aprobaci\u00f3n y cr\u00edticas de militantes que cuestionan su gesti\u00f3n.<\/p>\n\n\n\n<p>El conflicto interno es de tal magnitud que la denuncia de Mier, coordinador de los diputados federales de Morena, por tr\u00e1fico de influencias y delitos cometidos por servidores p\u00fablicos previstos en el C\u00f3digo Penal Federal incluye al Fiscal de Puebla Gilberto Higuera, al extitular de la UIF Santiago Nieto y al Senador Alejandro Armenta Mier, su primo y rival por la candidatura a Gobernador en 2024.<\/p>\n\n\n\n<p>Armenta Mier neg\u00f3 tener alguna responsabilidad en los delitos, rechaz\u00f3 posicionarse contra morenistas y descart\u00f3 ver este asunto como el comienzo de la disputa por la candidatura en Puebla. \u201cNo, no, no, de mi parte no. Yo estoy trabajando, estoy concentrado en los temas de la permanente, los temas del Senado\u201d, dijo en entrevista con\u00a0<strong>SinEmbargo<\/strong>.<\/p>\n\n\n\n<p>\u201cLos asuntos judiciales, como es el caso, se deben atender en los tribunales en lugar de poner en evidencia un trasfondo que no es el jur\u00eddico. Yo niego categ\u00f3ricamente esta circunstancia, soy respetuoso y no puede afectar [la elecci\u00f3n interna de Morena] un tema que es privado, que tendr\u00eda que ver con el orden judicial\u201d, agreg\u00f3 en entrevista.<\/p>\n\n\n\n<p>Barbosa Huerta minimiz\u00f3 la denuncia presentada ante la Fiscal\u00eda General de la Rep\u00fablica al se\u00f1alar que Mier no representa a Morena, pues record\u00f3 su cercan\u00eda con el Partido Revolucionario Institucional (PRI), donde milit\u00f3 hasta 2017. Tambi\u00e9n le pidi\u00f3 aclarar su situaci\u00f3n legal y externar desde ahora si tiene deseos de competir o no por un cargo de elecci\u00f3n popular para 2024 en Puebla.<\/p>\n\n\n\n<p>El coordinador de los diputados del partido en el poder acus\u00f3 a Barbosa y a los otros pol\u00edticos por filtrar una supuesta denuncia iniciada en su contra por un caso de lavado de dinero a trav\u00e9s del uso de empresas fantasma y evasi\u00f3n de impuestos por m\u00e1s de 400 millones de pesos.<\/p>\n\n\n\n<p>Santiago Nieto reconoci\u00f3 recientemente que la filtraci\u00f3n de esos datos fue ilegal y descart\u00f3 que durante su gesti\u00f3n en la UIF se iniciara una investigaci\u00f3n contra Mier Velazco, lo que comenz\u00f3 fue una indagatoria contra una empresa ligada a \u00e9l.<\/p>\n\n\n\n<figure class=\"wp-block-embed is-type-rich is-provider-twitter wp-block-embed-twitter\"><div class=\"wp-block-embed__wrapper\">\n<blockquote class=\"twitter-tweet\" data-width=\"500\" data-dnt=\"true\"><p lang=\"es\" dir=\"ltr\">En congruencia con mis convicciones e ideales, que son los de la inmensa mayor\u00eda que integramos el movimiento transformador en \ud83c\uddf2\ud83c\uddfd, denunci\u00e9 ante la <a href=\"https:\/\/twitter.com\/FGRMexico?ref_src=twsrc%5Etfw\">@FGRMexico<\/a> a quienes sistem\u00e1ticamente traicionan y quieren da\u00f1ar al movimiento por intereses econ\u00f3micos, pol\u00edticos y personales. <a href=\"https:\/\/t.co\/1UpXWqAZO2\">pic.twitter.com\/1UpXWqAZO2<\/a><\/p>&mdash; Ignacio Mier Velazco (@NachoMierV) <a href=\"https:\/\/twitter.com\/NachoMierV\/status\/1546501763422986240?ref_src=twsrc%5Etfw\">July 11, 2022<\/a><\/blockquote><script async src=\"https:\/\/platform.twitter.com\/widgets.js\" charset=\"utf-8\"><\/script>\n<\/div><\/figure>\n\n\n\n<p>El partido guinda celebrar\u00e1 el 30 de julio asambleas distritales para definir a los perfiles que en agosto competir\u00e1n por la dirigencia en Puebla. El proceso se realizar\u00e1 a tres a\u00f1os de Gobierno de Miguel Barbosa, quien seg\u00fan la \u00faltima encuesta de&nbsp;<em>El Financiero<\/em>&nbsp;publicada en mayo est\u00e1 entre los gobernadores morenistas con menores niveles de aprobaci\u00f3n, con 39 por ciento. sobre \u00e9l pesan cr\u00edticas de militantes que cuestionan su respaldo al proyecto de naci\u00f3n del Presidente Andr\u00e9s Manuel L\u00f3pez Obrador.<\/p>\n\n\n\n<p>Similar a lo que lo hizo el Presidente al nombrar a \u201clas corcholatas\u201d que podr\u00edan sucederlo en la pr\u00f3xima elecci\u00f3n federal, Barbosa Huerta comenz\u00f3 a hablar sobre las aspiraciones de 2024 desde inicio de mes, cuando pidi\u00f3 a funcionarios locales \u201cautodestaparse\u201d y dejar claras sus intenciones electorales.<\/p>\n\n\n\n<p>El Senador Alejandro Armenta, la exalcaldesa Claudia Rivera Vivanco y Arist\u00f3teles Belmont, dirigente de Morena en Puebla, coincidieron en entrevistas por separado en que el proceso penal iniciado por el Diputado Mier no tendr\u00eda que interferir con el proceso de renovaci\u00f3n interna.<\/p>\n\n\n\n<p>Otro ejemplo de que la disputa por dirigir el partido guinda en el estado tambi\u00e9n ha generado roces entre pol\u00edticos es que el Gobernador Barbosa ha hecho p\u00fablicas sus cr\u00edticas a las aspiraciones para la dirigencia estatal de Claudia Rivera Vivanco, cercana a Mario Delgado y quien recientemente se sum\u00f3 al Comit\u00e9 organizador del proceso de renovaci\u00f3n de Morena.<\/p>\n\n\n\n<p>La exfuncionaria reconoci\u00f3 que s\u00ed hay grupos de morenistas que ya pelean por el poder en Puebla, y aunque acept\u00f3 que el liderazgo de Barbosa podr\u00eda impactar en el partido, record\u00f3 que la ciudadan\u00eda critica su administraci\u00f3n porque en estos a\u00f1os se ha quedado corto al impulsar la agenda de la Cuarta Transformaci\u00f3n, lo que atribuy\u00f3 \u201ca que muchos de los funcionarios que integran su Gabinete no conocen el proyecto de naci\u00f3n\u201d.<\/p>\n\n\n\n<figure class=\"wp-block-embed is-type-rich is-provider-twitter wp-block-embed-twitter\"><div class=\"wp-block-embed__wrapper\">\n<blockquote class=\"twitter-tweet\" data-width=\"500\" data-dnt=\"true\"><p lang=\"es\" dir=\"ltr\">Agradezco a <a href=\"https:\/\/twitter.com\/mario_delgado?ref_src=twsrc%5Etfw\">@mario_delgado<\/a> la invitaci\u00f3n para formar parte del comit\u00e9 organizador del proceso de renovaci\u00f3n de <a href=\"https:\/\/twitter.com\/PartidoMorenaMx?ref_src=twsrc%5Etfw\">@PartidoMorenaMx<\/a>. En todo el pa\u00eds llamamos a la unidad, la organizaci\u00f3n y la participaci\u00f3n. Despu\u00e9s le acompa\u00f1amos a Rueda de Prensa para  detallar sobre la convocatoria <a href=\"https:\/\/t.co\/8mxn7uItvp\">pic.twitter.com\/8mxn7uItvp<\/a><\/p>&mdash; Claudia Rivera Vivanco (@RiveraVivanco_) <a href=\"https:\/\/twitter.com\/RiveraVivanco_\/status\/1546624955726569475?ref_src=twsrc%5Etfw\">July 11, 2022<\/a><\/blockquote><script async src=\"https:\/\/platform.twitter.com\/widgets.js\" charset=\"utf-8\"><\/script>\n<\/div><\/figure>\n\n\n\n<p>Rivera Vivanco consider\u00f3 que ahora ve en la militancia la responsabilidad de \u201creeducar\u201d a pol\u00edticos que tienen poco tiempo en Morena, esto para que no reproduzcan pr\u00e1cticas de otras fuerzas pol\u00edticas. Al cuestionarle si con ello se refiere espec\u00edficamente a actos como la denuncia interpuesta por el expriista Ignacio Mier insisti\u00f3 en que el llamado es a la unidad.<\/p>\n\n\n\n<blockquote class=\"wp-block-quote is-layout-flow wp-block-quote-is-layout-flow\"><p>\u201cDesde el partido se est\u00e1 convocando a la unidad, a que esa situaci\u00f3n que est\u00e1n resolviendo se lleve a un buen t\u00e9rmino y se mantenga en una agenda particular y no se traiga o se jale a este proceso que ahorita estamos viviendo de renovaci\u00f3n y sobre todo que pueda desgastar el proyecto de naci\u00f3n que estamos impulsando, en ese sentido el llamado aqu\u00ed es que no caben aspiraciones particulares, personales, aqu\u00ed estamos por un gran proyecto y los temas que tengan que resolver entre particulares que se resuelvan sin embarrar, sin da\u00f1ar lo que es este partido\u201d, mencion\u00f3.<\/p><\/blockquote>\n\n\n\n<p>En el mismo sentido de pronunci\u00f3 Arist\u00f3teles Betancourt, quien pidi\u00f3 a las autoridades de los tres niveles y \u00f3rdenes de gobierno no inmiscuirse en el proceso interno del partido, \u201cque lo hagan en su calidad de militantes, de participantes del movimiento, pero no como autoridades\u201d.<\/p>\n\n\n\n<p>La dirigencia estatal se renovar\u00e1, al igual que en otros estados del pa\u00eds, despu\u00e9s de no hacerlo desde 2018. En los pr\u00f3ximos d\u00edas informar\u00e1n sobre las sedes para votar, se tiene previsto instalar hasta tres en algunos de los distritos electorales de Pueblas.<\/p>\n\n\n\n<p>En esta etapa del 30 de julio cualquier morenista puede ser votado. Los que aspiren a&nbsp; consejer\u00edas deber\u00e1n registrarse en la p\u00e1gina del partido, esa lista se depurar\u00e1 en la Comisi\u00f3n Nacional de Elecciones y la Comisi\u00f3n Nacional de Honestidad y Justicia. En los 15 distritos se elegir\u00e1n cinco hombres y mujeres, por lo que habr\u00e1 un total de 150 consejeros.<\/p>\n\n\n\n<p>Ocho d\u00edas despu\u00e9s de las asambleas distritales se celebrar\u00e1 el primer Consejo estatal ya con los consejeros electos, entre quienes se conformar\u00e1 el Comit\u00e9 Ejecutivo estatal y el Consejo Estatal.<\/p>\n\n\n\n<p><strong>POL\u00cdTICOS SE DISPUTAN EL PODER<\/strong><\/p>\n\n\n\n<p>Aunque militantes de Morena insisten en que la denuncia presentada por Mier Velazco se trata de un asunto penal por resolverse entre particulares e instituciones que no incumben a la vida pol\u00edtica de Morena, si algo es cierto es que las reacciones recordaron que la disputa por el poder ya comenz\u00f3 en Puebla, estado donde 4 millones 459 mil 452 personas pueden votar, de acuerdo con la Lista Nominal de 2021 del Instituto Nacional Electoral.<\/p>\n\n\n\n<p>En cuanto al Senador Armenta y su primo, el Diputado Ignacio Mier Velazco, sus carreras han crecido en Puebla y con el PRI, ambos militan en Morena desde 2018, pero est\u00e1n respaldados por grupos distintos.<\/p>\n\n\n\n<p>Alejandro Armenta, por ejemplo, es cercano al Senador Ricardo Monreal, un cr\u00edtico de la encuesta que Morena prev\u00e9 implementar en 2023 para elegir a la persona que buscar\u00e1 la candidatura presidencial.<\/p>\n\n\n\n<p>Tan s\u00f3lo en junio el presidente de la Junta de Coordinaci\u00f3n Pol\u00edtica en el Senado dej\u00f3 claro al diario poblano<em>\u00a0Peri\u00f3dico Central<\/em>\u00a0que apoyar\u00e1 a Armenta como candidato a la gubernatura de Puebla porque lo ve como un perfil \u201cmuy fuerte\u201d, tambi\u00e9n lo calific\u00f3 como un buen pol\u00edtico y amigo.<\/p>\n\n\n\n<p><a href=\"https:\/\/www.facebook.com\/watch\/?v=5068649813183645\">https:\/\/www.facebook.com\/watch\/?v=5068649813183645<\/a><\/p>\n\n\n\n<p>Cuestionado sobre sus planes para asumir cargos de representaci\u00f3n dentro de Morena, Armenta asegur\u00f3 a&nbsp;<strong>SinEmbargo<\/strong>&nbsp;que si bien apoya al partido, a\u00fan valora si acudir\u00e1 o no a votar en el proceso de renovaci\u00f3n interna.<\/p>\n\n\n\n<p>Por su parte, a Mier Velazco lo respalda Mario Delgado, dirigente de Morena, quien este 11 de junio, como respuesta a la denuncia presentada ante la FGR, acus\u00f3 a Miguel Barbosa de una posible persecuci\u00f3n pol\u00edtica.<\/p>\n\n\n\n<p>El Diputado Mier se ha pronunciado contra Barbosa y la Fiscal\u00eda estatal por difundir datos de la UIF cuando estaba a cargo de Santiago Nieto; por este caso, Arturo Rueda, socio del legislador, fue detenido el 21 de mayo acusado de movimientos financieros irregulares.<\/p>\n\n\n\n<figure class=\"wp-block-image is-style-default\" id=\"attachment_4222000\"><img decoding=\"async\" src=\"https:\/\/i2.wp.com\/www.sinembargo.mx\/wp-content\/uploads\/2022\/07\/mier.jpg?resize=700%2C466&amp;quality=80&amp;strip=all&amp;ssl=1\" alt=\"\" class=\"wp-image-4222000\"\/><figcaption>Mario Delgado e Ignacio Mier. Foto: Facebook Ignacio Mier Velazco.<\/figcaption><\/figure>\n\n\n\n<p>Con el Gobierno de Rafael Moreno Valle en Puebla, Ignacio Mier Ba\u00f1uelos, hijo del coordinador de Diputados de Morena, fue nombrado presidente municipal de Tecamachalco, adem\u00e1s Daniela Mier, su hija, ocupa actualmente una diputaci\u00f3n local.<\/p>\n\n\n\n<p>El morenista que ya hizo oficial su inter\u00e9s por la gubernatura en 2024 fue el presidente de la Junta de Gobierno y Coordinaci\u00f3n Pol\u00edtica del Congreso de Puebla, Sergio Salom\u00f3n C\u00e9spedes Peregrina, quien antes milit\u00f3 en el PRI y Movimiento Ciudadano. A inicios de julio, luego de su anuncio, el Gobernador Barbosa lo felicit\u00f3 y dijo que respeta su trabajo.<\/p>\n\n\n\n<p>Otro militante que public\u00f3 sus intenciones fue el Secretario de Trabajo del Gobierno estatal, Gabriel Biestro Medinilla, a quien en 2019 acusaron&nbsp; diputados perredistas por falsificar papeles y mentir al Instituto Electoral del Estado sobre su residencia para ser reconocido como&nbsp; ciudadano poblano y competir por una diputaci\u00f3n.<\/p>\n\n\n\n<p>Entre los funcionarios de la gesti\u00f3n de Barbosa que tambi\u00e9n buscan una candidatura est\u00e1n Melit\u00f3n Lozano P\u00e9rez, Secretario de Educaci\u00f3n P\u00fablica y exalcalde en Iz\u00facar de Matamoros con el Partido de la Revoluci\u00f3n Democr\u00e1tica en 2002, as\u00ed como Olivia Salom\u00f3n Vivaldo, actual Secretaria de Econom\u00eda y cuya labor se ha concentrado en el sector empresarial, por ejemplo, como directora Comercial del Club de Golf y residencial La Vista Country Club.<\/p>\n\n\n\n<p>Mientras que Mar\u00eda Luisa Albores Gonz\u00e1lez, Secretaria del Medio Ambiente del Gobierno federal, ha sido cuestionada sobre sus intenciones por competir, algo que no ha descartado.<\/p>\n\n\n\n<p>Entre los interesados por la dirigencia estatal se encuentran Claudia Rivera, quien adem\u00e1s de su cercan\u00eda con Mario Delgado y Bertha Luj\u00e1n Uranga, presidenta del Consejo Nacional de Morena, es hija de Elo\u00edsa Vivanco, designada en 2021 como presidenta de la Comisi\u00f3n Nacional de Honestidad y Justicia de partido.<\/p>\n\n\n\n<p>Tambi\u00e9n est\u00e1 C\u00e9sar Addi S\u00e1nchez Salinas, coordinador estatal de Promoci\u00f3n y Defensa del Voto y cercano a Rodrigo Abdala Dartigues en la Secretar\u00eda de Bienestar. De igual forma tiene inter\u00e9s el dirigente actual Arist\u00f3teles Belmont, Alonso Aco Cort\u00e9s, fundador del partido; Mario Bracamonte Gonz\u00e1lez, exdirigente de Morena en Puebla, as\u00ed como Rosa M\u00e1rquez Cabrera, una de las fundadoras de Morena y madre del extitular del Instituto Poblano de Asistencia Migrante, David M\u00e9ndez M\u00e1rquez, quien dej\u00f3 su cargo este mes argumentando \u201cmotivos personales, familiares y pol\u00edticos\u201d.<\/p>\n\n\n\n<p>Fuente: https:\/\/www.sinembargo.mx\/18-07-2022\/4221883<\/p>\n","protected":false},"excerpt":{"rendered":"<p>La afrenta entre morenistas que buscan liderar Puebla creci\u00f3 en los \u00faltimos d\u00edas luego de que el Diputado Ignacio Mier [&hellip;]<\/p>\n","protected":false},"author":1,"featured_media":32404,"comment_status":"open","ping_status":"open","sticky":false,"template":"","format":"standard","meta":{"site-sidebar-layout":"default","site-content-layout":"","ast-site-content-layout":"default","site-content-style":"default","site-sidebar-style":"default","ast-global-header-display":"","ast-banner-title-visibility":"","ast-main-header-display":"","ast-hfb-above-header-display":"","ast-hfb-below-header-display":"","ast-hfb-mobile-header-display":"","site-post-title":"","ast-breadcrumbs-content":"","ast-featured-img":"","footer-sml-layout":"","theme-transparent-header-meta":"","adv-header-id-meta":"","stick-header-meta":"","header-above-stick-meta":"","header-main-stick-meta":"","header-below-stick-meta":"","astra-migrate-meta-layouts":"default","ast-page-background-enabled":"default","ast-page-background-meta":{"desktop":{"background-color":"var(--ast-global-color-4)","background-image":"","background-repeat":"repeat","background-position":"center center","background-size":"auto","background-attachment":"scroll","background-type":"","background-media":"","overlay-type":"","overlay-color":"","overlay-opacity":"","overlay-gradient":""},"tablet":{"background-color":"","background-image":"","background-repeat":"repeat","background-position":"center center","background-size":"auto","background-attachment":"scroll","background-type":"","background-media":"","overlay-type":"","overlay-color":"","overlay-opacity":"","overlay-gradient":""},"mobile":{"background-color":"","background-image":"","background-repeat":"repeat","background-position":"center center","background-size":"auto","background-attachment":"scroll","background-type":"","background-media":"","overlay-type":"","overlay-color":"","overlay-opacity":"","overlay-gradient":""}},"ast-content-background-meta":{"desktop":{"background-color":"var(--ast-global-color-5)","background-image":"","background-repeat":"repeat","background-position":"center center","background-size":"auto","background-attachment":"scroll","background-type":"","background-media":"","overlay-type":"","overlay-color":"","overlay-opacity":"","overlay-gradient":""},"tablet":{"background-color":"var(--ast-global-color-5)","background-image":"","background-repeat":"repeat","background-position":"center center","background-size":"auto","background-attachment":"scroll","background-type":"","background-media":"","overlay-type":"","overlay-color":"","overlay-opacity":"","overlay-gradient":""},"mobile":{"background-color":"var(--ast-global-color-5)","background-image":"","background-repeat":"repeat","background-position":"center center","background-size":"auto","background-attachment":"scroll","background-type":"","background-media":"","overlay-type":"","overlay-color":"","overlay-opacity":"","overlay-gradient":""}},"footnotes":""},"categories":[8],"tags":[11427,84,8711,3873,108,725],"class_list":["post-32403","post","type-post","status-publish","format-standard","has-post-thumbnail","hentry","category-noticias","tag-alejandro-armenta-miere","tag-claudia-rivera-vivanco","tag-elecciones-puebla-2024","tag-ignacio-mier","tag-miguel-barbosa-huerta","tag-morena-puebla"],"_links":{"self":[{"href":"https:\/\/losperiodistas.com.mx\/portal\/wp-json\/wp\/v2\/posts\/32403","targetHints":{"allow":["GET"]}}],"collection":[{"href":"https:\/\/losperiodistas.com.mx\/portal\/wp-json\/wp\/v2\/posts"}],"about":[{"href":"https:\/\/losperiodistas.com.mx\/portal\/wp-json\/wp\/v2\/types\/post"}],"author":[{"embeddable":true,"href":"https:\/\/losperiodistas.com.mx\/portal\/wp-json\/wp\/v2\/users\/1"}],"replies":[{"embeddable":true,"href":"https:\/\/losperiodistas.com.mx\/portal\/wp-json\/wp\/v2\/comments?post=32403"}],"version-history":[{"count":2,"href":"https:\/\/losperiodistas.com.mx\/portal\/wp-json\/wp\/v2\/posts\/32403\/revisions"}],"predecessor-version":[{"id":32406,"href":"https:\/\/losperiodistas.com.mx\/portal\/wp-json\/wp\/v2\/posts\/32403\/revisions\/32406"}],"wp:featuredmedia":[{"embeddable":true,"href":"https:\/\/losperiodistas.com.mx\/portal\/wp-json\/wp\/v2\/media\/32404"}],"wp:attachment":[{"href":"https:\/\/losperiodistas.com.mx\/portal\/wp-json\/wp\/v2\/media?parent=32403"}],"wp:term":[{"taxonomy":"category","embeddable":true,"href":"https:\/\/losperiodistas.com.mx\/portal\/wp-json\/wp\/v2\/categories?post=32403"},{"taxonomy":"post_tag","embeddable":true,"href":"https:\/\/losperiodistas.com.mx\/portal\/wp-json\/wp\/v2\/tags?post=32403"}],"curies":[{"name":"wp","href":"https:\/\/api.w.org\/{rel}","templated":true}]}}