{"id":32337,"date":"2022-07-18T06:19:28","date_gmt":"2022-07-18T11:19:28","guid":{"rendered":"http:\/\/losperiodistas.com.mx\/portal\/?p=32337"},"modified":"2022-07-18T06:19:30","modified_gmt":"2022-07-18T11:19:30","slug":"caciques","status":"publish","type":"post","link":"https:\/\/losperiodistas.com.mx\/portal\/caciques\/","title":{"rendered":"Caciques"},"content":{"rendered":"\n<p><\/p>\n\n\n\n<p class=\"has-medium-font-size\"><em>La sucesi\u00f3n gubernamental en Puebla siempre ha estado en codependencia con la influencia de los caciques regionales. No hay raz\u00f3n para que ahora no sea igual.<\/em><\/p>\n\n\n\n<p><\/p>\n\n\n\n<figure class=\"wp-block-embed is-type-video is-provider-youtube wp-block-embed-youtube wp-embed-aspect-16-9 wp-has-aspect-ratio\"><div class=\"wp-block-embed__wrapper\">\n<iframe title=\"Caciques\" width=\"500\" height=\"281\" src=\"https:\/\/www.youtube.com\/embed\/AQLKq-pINZ4?feature=oembed\" frameborder=\"0\" allow=\"accelerometer; autoplay; clipboard-write; encrypted-media; gyroscope; picture-in-picture; web-share\" referrerpolicy=\"strict-origin-when-cross-origin\" allowfullscreen><\/iframe>\n<\/div><\/figure>\n\n\n\n<p><\/p>\n\n\n\n<p class=\"has-vivid-cyan-blue-color has-text-color\" style=\"font-size:26px\"><strong><em>Por Jes\u00fas Manuel Hern\u00e1ndez<\/em><\/strong><\/p>\n\n\n\n<p>El balc\u00f3n central del viejo edificio del PRI en la 5 poniente fue el escenario por all\u00e1 de 1986. El delegado Mario Vargas Salda\u00f1a estaba parado junto a Mariano Pi\u00f1a Olaya quien con una chamarra de piel, negra, saludaba a los priistas que le ovacionaban en un largo desfile.<\/p>\n\n\n\n<p>Don Mario le pregunt\u00f3 a Pi\u00f1a Olaya: \u201c\u00bfMariano tu crees que estos te conocen?\u201d Claro, respondi\u00f3 el candidato por eso vinieron. Y Don Mario replic\u00f3: \u201cNo Mariano no saben qui\u00e9n eres, vinieron aqu\u00ed porque el partido los convoc\u00f3, igual hubieran ovacionado a \u00c1ngel Aceves o Poncho Zegbe\u2026\u201d.<\/p>\n\n\n\n<p>Pi\u00f1a Olaya hab\u00eda consolidado la candidatura a ra\u00edz de su cercan\u00eda con Miguel de la Madrid, su compa\u00f1ero de banca en la UNAM, quien en una maniobra sin precedente lo hizo candidato a diputado federal pasando por encima de varios acuerdos pol\u00edticos locales. En principio Pi\u00f1a iba por un distrito de la capital, luego por Tehuac\u00e1n, por Ciudad Serd\u00e1n y al final por Huauchinango donde lo cobijaron los caciques.<\/p>\n\n\n\n<p>Pi\u00f1a entendi\u00f3 muy bien que para ser gobernador, una vez ganada la diputaci\u00f3n tendr\u00eda que generar los acuerdos con los grupos de poder de la entidad. Y los fue descubriendo muy bien y acerc\u00e1ndose a ellos, as\u00ed consolid\u00f3 sus aspiraciones al sentarse con todos los caciques de Puebla, los serranos, los mixtecos y los urbanos, los de la capital, quienes prefer\u00edan a Guillermo Pacheco Pulido.<\/p>\n\n\n\n<p>Con la llegada de Pi\u00f1a Olaya se acab\u00f3 de consolidar el sistema de caciques poblanos, apellidos sobran, notables los casos de Amador Hern\u00e1ndez en Tehuac\u00e1n, Filem\u00f3n P\u00e9rez en Cholula, Antonio J. Hern\u00e1ndez en Atlixco\u2026 Camarillo, Esquit\u00edn, Fosado, Rivera, Vargas\u2026 Y muchos m\u00e1s que han ido heredando el poder caciquil en sus territorios.<\/p>\n\n\n\n<p>En aquellas \u00e9pocas los candidatos a alg\u00fan cargo de elecci\u00f3n popular no s\u00f3lo necesitaban el apoyo de un partido sino el \u201cpermiso\u201d del cacique para poder hacer campa\u00f1a.<\/p>\n\n\n\n<p>Dicho de otra forma, el verdadero poder no estaba en el partido m\u00e1s bien en la suma de los poderes de los caciques alrededor de un partido, o sea, un sistema de complicidades.<\/p>\n\n\n\n<p>Las reflexiones vienen a cuenta por los recientes \u201cdestapes\u201d en Morena Puebla, un espacio que pretende ser controlado al m\u00e1s puro estilo caciquil del pasado, ese contra el que luch\u00f3 L\u00f3pez Obrador.<\/p>\n\n\n\n<p>Los actores son lo de menos, su grado de conocimiento, su pasado o sus v\u00ednculos tampoco importan mucho, m\u00e1s bien que garanticen a los caciques mantener el poder regional.<\/p>\n\n\n\n<p>Y para eso se debe tener un conocimiento, una pr\u00e1ctica, un ejercicio en el viejo oficio de los gobernantes Totonacas. Xicomec\u00f3atl, fue uno de ellos, se vali\u00f3 de su fuerza y aspiraciones y se ali\u00f3 a Hern\u00e1n Cort\u00e9s para poner fin al dominio de los Mexicas. Le apodaban \u201cCacique Gordo\u201d, de ah\u00ed viene la referencia a los jefes regionales.<\/p>\n\n\n\n<p>Los ciudadanos poco importan, es m\u00e1s la sociedad est\u00e1 alejada y espantada de lo que est\u00e1 sucediendo, diputados, senadores, funcionarios, metidos en un galimat\u00edas de acusaciones y denuncias. Si as\u00ed se llevan entre ellos, que son de Morena, c\u00f3mo ser\u00e1 cuando tengan m\u00e1s poder.<\/p>\n\n\n\n<p>Y aqu\u00ed otra an\u00e9cdota. Seis a\u00f1os antes de Pi\u00f1a Olaya, Guillermo Jim\u00e9nez Morales, diputado federal, hab\u00eda conseguido la candidatura del PRI a gobernador. Lo hizo con el apoyo de Gustavo Carvajal Moreno, muy cercano a L\u00f3pez Portillo quien hab\u00eda sumado a sus filas al joven poblano Victoriano \u00c1lvarez quien sirvi\u00f3 de fuerte enlace entre ambos.<\/p>\n\n\n\n<p>Jim\u00e9nez Morales representaba en aquella \u00e9poca los intereses de los principales caciques de la Sierra Norte y Tehuac\u00e1n, le faltaba congraciarse con la sociedad poblana y para eso le sirvi\u00f3 el famoso \u201cVit\u00edn\u201d quien ser\u00eda candidato a Presidente Municipal.<\/p>\n\n\n\n<p>Un d\u00eda, a bordo del autob\u00fas del gobernador un&nbsp;grupo de poblanos le recrimin\u00f3 a Jim\u00e9nez Morales por la mala actuaci\u00f3n de \u201cEl Vit\u00edn\u201d. Despu\u00e9s en una reflexi\u00f3n con sus amigos el gobernador se lamentar\u00eda de la actuaci\u00f3n de \u00c1lvarez en la ciudad con esta reflexi\u00f3n: ten\u00eda todo para ser el mejor presidente municipal, mi apoyo, los poblanos lo quer\u00edan, pero nunca entendi\u00f3 para qu\u00e9 sirve el poder, el problema es que no conoces a la gente hasta que le das poder\u2026<\/p>\n\n\n\n<p>Y as\u00ed las cosas, quiz\u00e1 reflexionar en esto ayude a entender&nbsp;la sucesi\u00f3n en Puebla, los caciques siguen vigentes.<\/p>\n\n\n\n<p>O por lo menos, as\u00ed me lo parece.<\/p>\n\n\n\n<p><a href=\"mailto:losperiodistas.com.mx@gmail.com\">losperiodistas.com.mx@gmail.com<\/a><\/p>\n","protected":false},"excerpt":{"rendered":"<p>La sucesi\u00f3n gubernamental en Puebla siempre ha estado en codependencia con la influencia de los caciques regionales. No hay raz\u00f3n [&hellip;]<\/p>\n","protected":false},"author":1,"featured_media":32338,"comment_status":"open","ping_status":"open","sticky":false,"template":"","format":"standard","meta":{"site-sidebar-layout":"default","site-content-layout":"","ast-site-content-layout":"default","site-content-style":"default","site-sidebar-style":"default","ast-global-header-display":"","ast-banner-title-visibility":"","ast-main-header-display":"","ast-hfb-above-header-display":"","ast-hfb-below-header-display":"","ast-hfb-mobile-header-display":"","site-post-title":"","ast-breadcrumbs-content":"","ast-featured-img":"","footer-sml-layout":"","theme-transparent-header-meta":"","adv-header-id-meta":"","stick-header-meta":"","header-above-stick-meta":"","header-main-stick-meta":"","header-below-stick-meta":"","astra-migrate-meta-layouts":"default","ast-page-background-enabled":"default","ast-page-background-meta":{"desktop":{"background-color":"var(--ast-global-color-4)","background-image":"","background-repeat":"repeat","background-position":"center center","background-size":"auto","background-attachment":"scroll","background-type":"","background-media":"","overlay-type":"","overlay-color":"","overlay-opacity":"","overlay-gradient":""},"tablet":{"background-color":"","background-image":"","background-repeat":"repeat","background-position":"center center","background-size":"auto","background-attachment":"scroll","background-type":"","background-media":"","overlay-type":"","overlay-color":"","overlay-opacity":"","overlay-gradient":""},"mobile":{"background-color":"","background-image":"","background-repeat":"repeat","background-position":"center center","background-size":"auto","background-attachment":"scroll","background-type":"","background-media":"","overlay-type":"","overlay-color":"","overlay-opacity":"","overlay-gradient":""}},"ast-content-background-meta":{"desktop":{"background-color":"var(--ast-global-color-5)","background-image":"","background-repeat":"repeat","background-position":"center center","background-size":"auto","background-attachment":"scroll","background-type":"","background-media":"","overlay-type":"","overlay-color":"","overlay-opacity":"","overlay-gradient":""},"tablet":{"background-color":"var(--ast-global-color-5)","background-image":"","background-repeat":"repeat","background-position":"center center","background-size":"auto","background-attachment":"scroll","background-type":"","background-media":"","overlay-type":"","overlay-color":"","overlay-opacity":"","overlay-gradient":""},"mobile":{"background-color":"var(--ast-global-color-5)","background-image":"","background-repeat":"repeat","background-position":"center center","background-size":"auto","background-attachment":"scroll","background-type":"","background-media":"","overlay-type":"","overlay-color":"","overlay-opacity":"","overlay-gradient":""}},"footnotes":""},"categories":[8,5],"tags":[5019,8711,10459,108,1978],"class_list":["post-32337","post","type-post","status-publish","format-standard","has-post-thumbnail","hentry","category-noticias","category-por-soleares","tag-caciques-puebla","tag-elecciones-puebla-2024","tag-mariano-pina-olaya","tag-miguel-barbosa-huerta","tag-pri"],"_links":{"self":[{"href":"https:\/\/losperiodistas.com.mx\/portal\/wp-json\/wp\/v2\/posts\/32337","targetHints":{"allow":["GET"]}}],"collection":[{"href":"https:\/\/losperiodistas.com.mx\/portal\/wp-json\/wp\/v2\/posts"}],"about":[{"href":"https:\/\/losperiodistas.com.mx\/portal\/wp-json\/wp\/v2\/types\/post"}],"author":[{"embeddable":true,"href":"https:\/\/losperiodistas.com.mx\/portal\/wp-json\/wp\/v2\/users\/1"}],"replies":[{"embeddable":true,"href":"https:\/\/losperiodistas.com.mx\/portal\/wp-json\/wp\/v2\/comments?post=32337"}],"version-history":[{"count":1,"href":"https:\/\/losperiodistas.com.mx\/portal\/wp-json\/wp\/v2\/posts\/32337\/revisions"}],"predecessor-version":[{"id":32366,"href":"https:\/\/losperiodistas.com.mx\/portal\/wp-json\/wp\/v2\/posts\/32337\/revisions\/32366"}],"wp:featuredmedia":[{"embeddable":true,"href":"https:\/\/losperiodistas.com.mx\/portal\/wp-json\/wp\/v2\/media\/32338"}],"wp:attachment":[{"href":"https:\/\/losperiodistas.com.mx\/portal\/wp-json\/wp\/v2\/media?parent=32337"}],"wp:term":[{"taxonomy":"category","embeddable":true,"href":"https:\/\/losperiodistas.com.mx\/portal\/wp-json\/wp\/v2\/categories?post=32337"},{"taxonomy":"post_tag","embeddable":true,"href":"https:\/\/losperiodistas.com.mx\/portal\/wp-json\/wp\/v2\/tags?post=32337"}],"curies":[{"name":"wp","href":"https:\/\/api.w.org\/{rel}","templated":true}]}}