{"id":32306,"date":"2022-07-17T08:25:40","date_gmt":"2022-07-17T13:25:40","guid":{"rendered":"http:\/\/losperiodistas.com.mx\/portal\/?p=32306"},"modified":"2022-07-17T08:25:42","modified_gmt":"2022-07-17T13:25:42","slug":"el-papa-sugirio-no-fatigarse-ni-agitarse-por-un-activismo-esteril-vatican-news","status":"publish","type":"post","link":"https:\/\/losperiodistas.com.mx\/portal\/el-papa-sugirio-no-fatigarse-ni-agitarse-por-un-activismo-esteril-vatican-news\/","title":{"rendered":"El Papa sugiri\u00f3 no fatigarse ni agitarse por un activismo est\u00e9ril | Vatican News"},"content":{"rendered":"\n<p><em>Al comentar el Evangelio del d\u00eda, el Papa Francisco dijo, antes de rezar el \u00c1ngelus dominical, que \u201cla palabra de Jes\u00fas no es abstracta\u201d, sino \u201cuna ense\u00f1anza que toca y plasma la vida, la cambia, la libera de las opacidades del mal\u201d, porque es \u201cla parte buena\u201d que intuy\u00f3 Mar\u00eda, la hermana de Marta, d\u00e1ndole \u201cel primer lugar\u201d. Tambi\u00e9n invit\u00f3 a aprovechar el tiempo de las vacaciones desde el punto de vista espiritual<\/em><\/p>\n\n\n\n<p><\/p>\n\n\n\n<figure class=\"wp-block-embed is-type-video is-provider-youtube wp-block-embed-youtube wp-embed-aspect-16-9 wp-has-aspect-ratio\"><div class=\"wp-block-embed__wrapper\">\n<iframe title=\"\u00c1ngelus 17 de julio de  2022 Papa Francisco\" width=\"500\" height=\"281\" src=\"https:\/\/www.youtube.com\/embed\/2Ty_Id32idE?feature=oembed\" frameborder=\"0\" allow=\"accelerometer; autoplay; clipboard-write; encrypted-media; gyroscope; picture-in-picture; web-share\" referrerpolicy=\"strict-origin-when-cross-origin\" allowfullscreen><\/iframe>\n<\/div><\/figure>\n\n\n\n<p><\/p>\n\n\n\n<p class=\"has-vivid-cyan-blue-color has-text-color has-medium-font-size\">VATICAN NEWS<\/p>\n\n\n\n<p>En efecto, el evangelista relata que Marta se ocupa de la acogida de los hu\u00e9spedes, mientras Mar\u00eda se sienta a los pies de Jes\u00fas para escucharlo. Adem\u00e1s, Marta le pide al Maestro que inste a Mar\u00eda ayudarla con los quehaceres de la hospitalidad. Ar respecto el Obispo de Roma dijo: \u00abLa queja de Marta no parece fuera de lugar; por el contrario, sentimos que tenemos que darle la raz\u00f3n\u00bb.<\/p>\n\n\n\n<h2 class=\"wp-block-heading\"><strong>Jes\u00fas cambia nuestra forma de pensar<\/strong><\/h2>\n\n\n\n<p>\u201cY, sin embargo \u2013 prosigui\u00f3 el Santo Padre \u2013 Jes\u00fas le responde: \u2018Marta, Marta, te preocupas y te agitas por muchas cosas; y hay necesidad de pocas, o mejor, de una sola. Mar\u00eda ha elegido la parte buena, que no le ser\u00e1 quitada\u2019. Es una respuesta que sorprende \u2013 a\u00f1adi\u00f3 Francisco \u2013 pero Jes\u00fas muchas veces vuelca nuestra forma de pensar\u201d.<\/p>\n\n\n\n<blockquote class=\"wp-block-quote is-layout-flow wp-block-quote-is-layout-flow\"><p>\u201cPregunt\u00e9monos entonces por qu\u00e9 el Se\u00f1or, incluso apreciando la generosa atenci\u00f3n de Marta, afirma que la actitud de Mar\u00eda es preferible\u201d<\/p><\/blockquote>\n\n\n\n<h2 class=\"wp-block-heading\"><strong>Primero el deber, despu\u00e9s el placer<\/strong><\/h2>\n\n\n\n<p>\u201cLa \u2018filosof\u00eda\u2019 de Marta \u2013 explic\u00f3 Francisco \u2013 parece esta: primero el deber, despu\u00e9s el placer. La hospitalidad, de hecho, no est\u00e1 hecha de bonitas palabras, sino que exige poner la mano en los fogones, ocuparse de todo lo necesario para que el hu\u00e9sped se sienta bien acogido. Esto, Jes\u00fas lo sabe muy bien. Y de hecho reconoce el esfuerzo de Marta\u201d.<\/p>\n\n\n\n<h2 class=\"wp-block-heading\"><strong>La parte buena: escuchar las palabras de Jes\u00fas<\/strong><\/h2>\n\n\n\n<p>El Santo Padre dijo al respecto que el Se\u00f1or quiere hacerle entender a Marta que \u201chay un orden de prioridad nuevo, diferente al que hasta ahora hab\u00eda seguido. Mar\u00eda ha intuido que hay una \u2018parte buena\u2019 a la que hay que dar el primer lugar. Todo lo dem\u00e1s viene despu\u00e9s, como un arroyo de agua que brota de la fuente\u201d.<\/p>\n\n\n\n<p>\u201c\u00bfY qu\u00e9 es esta \u2018parte buena\u2019?\u201d<\/p>\n\n\n\n<p>\u201cEs la escucha de las palabras de Jes\u00fas\u201d, respondi\u00f3 el Pont\u00edfice, tal como dice el Evangelio: \u201cMar\u00eda, que, sentada a los pies del Se\u00f1or, escuchaba su Palabra\u201d. Notamos entonces \u2013 prosigui\u00f3 \u2013 que \u201cella no escuchaba de pie, haciendo otras cosas, sino que estaba sentada a los pies de Jes\u00fas\u201d.<\/p>\n\n\n\n<h2 class=\"wp-block-heading\"><strong>Jes\u00fas no es un hu\u00e9sped como los dem\u00e1s<\/strong><\/h2>\n\n\n\n<p>Y as\u00ed Marta comprendi\u00f3 que Jes\u00fas \u201cno es un hu\u00e9sped como los dem\u00e1s\u201d, aunque a primera vista parezca que ha venido a recibir, porque necesita comida y alojamiento. En realidad \u2013 dijo Francisco \u2013 el Maestro ha venido para donarse a s\u00ed mismo mediante su palabra\u201d.<\/p>\n\n\n\n<blockquote class=\"wp-block-quote is-layout-flow wp-block-quote-is-layout-flow\"><p>\u201cLa palabra de Jes\u00fas no es abstracta, es una ense\u00f1anza que toca y plasma la vida, la cambia, la libera de las opacidades del mal, satisface e infunde una alegr\u00eda que no pasa: es la parte buena. Por eso Mar\u00eda le da el primer lugar: se detiene y escucha. El resto vendr\u00e1 despu\u00e9s\u201d<\/p><\/blockquote>\n\n\n\n<p>\u201cEsto no quita nada al valor del empe\u00f1o pr\u00e1ctico \u2013 a\u00f1adi\u00f3 Francisco \u2013 pero eso no debe preceder, sino brotar de la escucha de la palabra de Jes\u00fas, debe estar animado por su Esp\u00edritu. De lo contrario, se reduce a fatigarse y agitarse por muchas cosas, a un activismo est\u00e9ril\u201d.<\/p>\n\n\n\n<h2 class=\"wp-block-heading\"><strong>Aprovechar el tiempo de las vacaciones<\/strong><\/h2>\n\n\n\n<blockquote class=\"wp-block-quote is-layout-flow wp-block-quote-is-layout-flow\"><p>\u201cHermanos y hermanas, aprovechemos este tiempo de vacaciones, para detenernos y ponernos en escucha de Jes\u00fas. Hoy cuesta cada vez m\u00e1s encontrar momentos libres para meditar. Para muchas personas los ritmos de trabajo son fren\u00e9ticos, extenuantes. El per\u00edodo de verano puede ser valioso tambi\u00e9n para abrir el Evangelio y leerlo lentamente, sin prisa\u201d<\/p><\/blockquote>\n\n\n\n<p>\u201cDej\u00e9monos interpelar por esas p\u00e1ginas \u2013 sugiri\u00f3 el Papa \u2013pregunt\u00e1ndonos c\u00f3mo est\u00e1 yendo nuestra vida, si est\u00e1 en l\u00ednea con lo que dice Jes\u00fas. En particular, pregunt\u00e9monos: cuando empiezo el d\u00eda, \u00bfme lanzo de cabeza a las cosas que tengo que hacer o busco primero la inspiraci\u00f3n en la Palabra de Dios?\u201d.<\/p>\n\n\n\n<blockquote class=\"wp-block-quote is-layout-flow wp-block-quote-is-layout-flow\"><p>\u201cSi salimos de casa por la ma\u00f1ana teniendo en mente una palabra de Jes\u00fas, el d\u00eda adquirir\u00e1 un tono marcado por esa palabra, que tiene el poder de orientar nuestras acciones seg\u00fan lo que el Se\u00f1or quiere\u201d<\/p><\/blockquote>\n\n\n\n<p>Y concluy\u00f3 invocando a la Virgen Mar\u00eda para que \u201cnos ense\u00f1e a elegir la parte buena, que no nos quitar\u00e1n nunca\u201d.<\/p>\n\n\n\n<h2 class=\"wp-block-heading\"><strong>Saludos del Papa<\/strong><\/h2>\n\n\n\n<p>Tras el rezo de la ant\u00edfona mariana del \u00c1ngelus, el Papa Francisco record\u00f3 la beatificaci\u00f3n, que tuvo lugar ayer en Ellwangen, del jesuita Juan Felipe Jeningen, sacerdote de la Compa\u00f1\u00eda de Jes\u00fas quien vivi\u00f3 en Alemania en la segunda mitad del siglo XVII.LEA TAMBI\u00c9N<a href=\"https:\/\/www.vaticannews.va\/es\/iglesia\/news\/2022-07\/alemania-beatificacion-jesuita-juan-felipe-jeningen.html\"><\/a>16\/07\/2022<\/p>\n\n\n\n<h2 class=\"wp-block-heading\"><a href=\"https:\/\/www.vaticannews.va\/es\/iglesia\/news\/2022-07\/alemania-beatificacion-jesuita-juan-felipe-jeningen.html\">Alemania, beatificaci\u00f3n del jesuita Juan Felipe Jeningen<\/a><\/h2>\n\n\n\n<p>A continuaci\u00f3n, el Santo Padre hizo un llamamiento en favor de Sri Lanka, instando a que se encuentre \u201cuna soluci\u00f3n pac\u00edfica a la crisis actual\u00bb, y volvi\u00f3 a expresar su cercan\u00eda a la poblaci\u00f3n m\u00e1rtir de Ucrania, \u00abgolpeada cada d\u00eda por una lluvia de misiles\u00bb. Y se refiri\u00f3 a su inminente viaje apost\u00f3lico a Canad\u00e1.<\/p>\n\n\n\n<p>Fuente: https:\/\/www.vaticannews.va\/es\/papa\/news\/2022-07\/el-papa-sugiri-no-fatigarse-ni-agitarse-por-un-activismo.html<\/p>\n","protected":false},"excerpt":{"rendered":"<p>Al comentar el Evangelio del d\u00eda, el Papa Francisco dijo, antes de rezar el \u00c1ngelus dominical, que \u201cla palabra de [&hellip;]<\/p>\n","protected":false},"author":1,"featured_media":32307,"comment_status":"open","ping_status":"open","sticky":false,"template":"","format":"standard","meta":{"site-sidebar-layout":"default","site-content-layout":"","ast-site-content-layout":"default","site-content-style":"default","site-sidebar-style":"default","ast-global-header-display":"","ast-banner-title-visibility":"","ast-main-header-display":"","ast-hfb-above-header-display":"","ast-hfb-below-header-display":"","ast-hfb-mobile-header-display":"","site-post-title":"","ast-breadcrumbs-content":"","ast-featured-img":"","footer-sml-layout":"","theme-transparent-header-meta":"","adv-header-id-meta":"","stick-header-meta":"","header-above-stick-meta":"","header-main-stick-meta":"","header-below-stick-meta":"","astra-migrate-meta-layouts":"default","ast-page-background-enabled":"default","ast-page-background-meta":{"desktop":{"background-color":"var(--ast-global-color-4)","background-image":"","background-repeat":"repeat","background-position":"center center","background-size":"auto","background-attachment":"scroll","background-type":"","background-media":"","overlay-type":"","overlay-color":"","overlay-opacity":"","overlay-gradient":""},"tablet":{"background-color":"","background-image":"","background-repeat":"repeat","background-position":"center center","background-size":"auto","background-attachment":"scroll","background-type":"","background-media":"","overlay-type":"","overlay-color":"","overlay-opacity":"","overlay-gradient":""},"mobile":{"background-color":"","background-image":"","background-repeat":"repeat","background-position":"center center","background-size":"auto","background-attachment":"scroll","background-type":"","background-media":"","overlay-type":"","overlay-color":"","overlay-opacity":"","overlay-gradient":""}},"ast-content-background-meta":{"desktop":{"background-color":"var(--ast-global-color-5)","background-image":"","background-repeat":"repeat","background-position":"center center","background-size":"auto","background-attachment":"scroll","background-type":"","background-media":"","overlay-type":"","overlay-color":"","overlay-opacity":"","overlay-gradient":""},"tablet":{"background-color":"var(--ast-global-color-5)","background-image":"","background-repeat":"repeat","background-position":"center center","background-size":"auto","background-attachment":"scroll","background-type":"","background-media":"","overlay-type":"","overlay-color":"","overlay-opacity":"","overlay-gradient":""},"mobile":{"background-color":"var(--ast-global-color-5)","background-image":"","background-repeat":"repeat","background-position":"center center","background-size":"auto","background-attachment":"scroll","background-type":"","background-media":"","overlay-type":"","overlay-color":"","overlay-opacity":"","overlay-gradient":""}},"footnotes":""},"categories":[8],"tags":[11406,8436],"class_list":["post-32306","post","type-post","status-publish","format-standard","has-post-thumbnail","hentry","category-noticias","tag-activismo-esteril","tag-angelus-papa-francisco-2"],"_links":{"self":[{"href":"https:\/\/losperiodistas.com.mx\/portal\/wp-json\/wp\/v2\/posts\/32306","targetHints":{"allow":["GET"]}}],"collection":[{"href":"https:\/\/losperiodistas.com.mx\/portal\/wp-json\/wp\/v2\/posts"}],"about":[{"href":"https:\/\/losperiodistas.com.mx\/portal\/wp-json\/wp\/v2\/types\/post"}],"author":[{"embeddable":true,"href":"https:\/\/losperiodistas.com.mx\/portal\/wp-json\/wp\/v2\/users\/1"}],"replies":[{"embeddable":true,"href":"https:\/\/losperiodistas.com.mx\/portal\/wp-json\/wp\/v2\/comments?post=32306"}],"version-history":[{"count":1,"href":"https:\/\/losperiodistas.com.mx\/portal\/wp-json\/wp\/v2\/posts\/32306\/revisions"}],"predecessor-version":[{"id":32308,"href":"https:\/\/losperiodistas.com.mx\/portal\/wp-json\/wp\/v2\/posts\/32306\/revisions\/32308"}],"wp:featuredmedia":[{"embeddable":true,"href":"https:\/\/losperiodistas.com.mx\/portal\/wp-json\/wp\/v2\/media\/32307"}],"wp:attachment":[{"href":"https:\/\/losperiodistas.com.mx\/portal\/wp-json\/wp\/v2\/media?parent=32306"}],"wp:term":[{"taxonomy":"category","embeddable":true,"href":"https:\/\/losperiodistas.com.mx\/portal\/wp-json\/wp\/v2\/categories?post=32306"},{"taxonomy":"post_tag","embeddable":true,"href":"https:\/\/losperiodistas.com.mx\/portal\/wp-json\/wp\/v2\/tags?post=32306"}],"curies":[{"name":"wp","href":"https:\/\/api.w.org\/{rel}","templated":true}]}}