{"id":3226,"date":"2021-01-12T03:41:07","date_gmt":"2021-01-12T09:41:07","guid":{"rendered":"http:\/\/losperiodistas.com.mx\/portal\/?p=3226"},"modified":"2021-01-12T03:41:07","modified_gmt":"2021-01-12T09:41:07","slug":"demuestran-que-la-microbiota-intestinal-influye-en-la-gravedad-de-la-covid-19-la-razon","status":"publish","type":"post","link":"https:\/\/losperiodistas.com.mx\/portal\/demuestran-que-la-microbiota-intestinal-influye-en-la-gravedad-de-la-covid-19-la-razon\/","title":{"rendered":"Demuestran que la microbiota intestinal influye en la gravedad de la Covid-19  | La Raz\u00f3n"},"content":{"rendered":"\n<p style=\"font-size:18px\"><em>La mala composici\u00f3n del microbioma empeora la respuesta inmune frente al SARS-CoV-2<\/em><\/p>\n\n\n\n<p class=\"has-vivid-cyan-blue-color has-text-color has-medium-font-size\">RAQUEL BONILLA \/ LA RAZ\u00d3N<\/p>\n\n\n\n<p>En uno de los puntos m\u00e1s \u00e1lgidos de la pandemia de la Covid-19 en todo el mundo, la pregunta del mill\u00f3n sigue siendo\u00a0<strong>por qu\u00e9 algunas personas pasan la enfermedad de forma m\u00e1s virulenta que otras<\/strong>. La ciencia va deshojando la margarita y parece que<strong>\u00a0una de las claves est\u00e1 en la microbiota intestinal<\/strong>, ya que la variedad y el volumen de bacterias en el intestino, conocido como microbioma, pueden<strong>\u00a0influir en la gravedad de la Covid-19, as\u00ed como en la magnitud de la respuesta del sistema inmunol\u00f3gico a la infecci\u00f3n<\/strong>, tal y como sugiere una investigaci\u00f3n publicada hoy en la\u00a0<a rel=\"noreferrer noopener\" href=\"https:\/\/gut.bmj.com\/\" target=\"_blank\">revista cient\u00edfica \u00abGut\u00bb de \u00abThe British Medical Journal\u00bb<\/a>\u00a0y liderada por Siew Ng, profesor de Medicina y Terap\u00e9utica de la Universidad China de Hong Kong.<\/p>\n\n\n\n<p>La Covid-19 es una patolog\u00eda fundamentalmente respiratoria, pero la evidencia cient\u00edfica sugiere que el intestino tambi\u00e9n puede tener un papel decisivo. \u00abLa experiencia acumulada nos permite demostrar que&nbsp;<strong>nuestras bacterias intestinales influyen sobre la integridad de nuestro intestino y, m\u00e1s importante en este caso, sobre la inflamaci\u00f3n<\/strong>, un factor decisivo para sufrir manifestaciones severas de la Covid-19. Por lo tanto, la l\u00ednea de esta l\u00f3gica es que una disbiosis (microbioma alterado) afecta negativamente al intestino provocando inflamaci\u00f3n, lo que aumenta el riesgo de consecuencias graves de la infecci\u00f3n por SARS-CoV-2\u00bb, explica&nbsp;<strong>Jos\u00e9 Mar\u00eda Ordov\u00e1s<\/strong>, director del laboratorio de Nutrici\u00f3n y Gen\u00e9tica de la Universidad de Tufts (Boston) e investigador senior de IMDEA Alimentaci\u00f3n, quien hace hincapi\u00e9 en que \u00abotro factor a tener en cuenta es que el famoso&nbsp;<strong>ACE-2, conocido como la llave del virus<\/strong>&nbsp;para entrar en nuestro organismo, no se encuentra solo en las v\u00edas respiratorias sino que<strong>&nbsp;tambi\u00e9n se halla en el intestino y resulta muy probable que ese intestino alterado sea m\u00e1s receptivo a la infecci\u00f3n viral<\/strong>\u00bb.<\/p>\n\n\n\n<p>La sospecha se ha confirmado ahora gracias al estudio publicado por el profesor Siew Ng tras analizar&nbsp;<strong>muestras de sangre y de heces, as\u00ed como registros m\u00e9dicos<\/strong>&nbsp;de 100 pacientes hospitalizados por Covid-19, adem\u00e1s de registros de 78 personas sin Covid-19 que participaban en un estudio de microbioma antes de la pandemia. As\u00ed, el an\u00e1lisis de las 274 muestras de heces confirma que<strong>&nbsp;la composici\u00f3n del microbioma intestinal difiere significativamente entre los pacientes con y sin coronavirus<\/strong>, independientemente de si hab\u00edan sido tratados con medicamentos, incluidos antibi\u00f3ticos. En concreto, los pacientes con Covid-19 ten\u00edan un mayor n\u00famero de especies \u2018\u2018malas\u2019&#8217; de Ruminococcus gnavus, Ruminococcus torques y Bacteroides dorei que las personas sin la infecci\u00f3n. Y no solo eso, ya que tambi\u00e9n ten\u00edan muchas menos especies \u2018\u2018buenas\u2019&#8217; que pueden influir en la respuesta del sistema inmunol\u00f3gico, como Bifidobacterium adolescentis, Faecalibacterium prausnitzii y Eubacterium rectale.<\/p>\n\n\n\n<h4 class=\"wp-block-heading\">M\u00e1s inflamaci\u00f3n<\/h4>\n\n\n\n<p>El an\u00e1lisis de las muestras de sangre muestra, adem\u00e1s, que<strong>&nbsp;el desequilibrio microbiano&nbsp;<\/strong>encontrado en los pacientes con Covid-19 tambi\u00e9n&nbsp;<strong>se asocia con niveles elevados de citocinas inflamatorias y marcadores sangu\u00edneos de da\u00f1o tisular<\/strong>, como la prote\u00edna C reactiva y ciertas enzimas. Esto sugiere, seg\u00fan los investigadores, que \u00ab<strong>el microbioma intestinal podr\u00eda influir en la respuesta del sistema inmunol\u00f3gico a la infecci\u00f3n por coronavirus y afectar potencialmente la gravedad y el resultado de la enfermedad<\/strong>\u00bb.<\/p>\n\n\n\n<p>Y esto tiene sentido, seg\u00fan apunta Ordov\u00e1s, \u00abporque toda la evidencia circunstancial que tenemos muestra que la microbiota puede tener un papel indirecto en aumentar o disminuir el riesgo individual de infecci\u00f3n y de sus consecuencias\u00bb. Y esta teor\u00eda tambi\u00e9n la suscribe\u00a0<strong>Francisco Guarner<\/strong>, director de la Unidad de Investigaci\u00f3n del Sistema Digestivo en el Hospital Universitario Vall d\u2019Hebron de Barcelona, quien recuerda que \u00ablo que ya sabemos es que\u00a0<strong>con microbiotas m\u00e1s diversas hay un sistema inmune m\u00e1s s\u00f3lido y m\u00e1s potente, mientras que si hay menos diversidad, existe una mayor inflamaci\u00f3n en el organismo<\/strong>\u00bb.<\/p>\n\n\n\n<p>Otra investigaci\u00f3n publicada esta semana en la revista cient\u00edfica MBio y realizada por la Sociedad Americana de Microbiolog\u00eda confirma que una fracci\u00f3n considerable de los pacientes hospitalizados por Covid-19 tambi\u00e9n presentan&nbsp;<strong>diarrea, n\u00e1useas y v\u00f3mitos, lo que sugiere que cuando el SARS-CoV-2 se involucra en el tracto gastrointestinal aumenta la gravedad de la enfermedad&nbsp;<\/strong>al permitir que el virus acceda a la superficie del tracto digestivo y, desde \u00e9l, a los \u00f3rganos internos. Y esto demuestra, de nuevo, tal y como apunta toda la evidencia, que<strong>&nbsp;la mala salud intestinal afecta negativamente al pron\u00f3stico de la Covid-19.<\/strong><\/p>\n\n\n\n<h4 class=\"wp-block-heading\">\u00bfC\u00f3mo tener una buena microbiota intestinal?<\/h4>\n\n\n\n<p>Las\u00a0<strong>dietas ricas en ciertos alimentos de origen vegetal<\/strong>\u00a0est\u00e1n relacionadas con la presencia de microbios intestinales que se asocian con un<strong>\u00a0menor riesgo de desarrollar afecciones como obesidad, diabetes tipo 2 y enfermedades cardiovasculares<\/strong>, seg\u00fan los resultados de un estudio internacional a gran escala de investigadores del King\u2019s College de Londres, la Escuela de Salud P\u00fablica TH Chan de Harvard, el Hospital General de Massachusetts (MGH), la Universidad de Trento (Italia) y la empresa emergente de ciencias de la salud ZOE,\u00a0<strong>publicado en la revista \u2018Nature Medicine\u2019.<\/strong><\/p>\n\n\n\n<p>Los investigadores han encontrado evidencia de que&nbsp;<strong>el microbioma est\u00e1 relacionado con alimentos y dietas espec\u00edficas<\/strong>&nbsp;y que, a su vez, ciertos microbios en el intestino est\u00e1n relacionados con biomarcadores de enfermedades metab\u00f3licas. Sorprendentemente, el microbioma tiene una&nbsp;<strong>mayor asociaci\u00f3n con estos marcadores que otros factores, como la gen\u00e9tica<\/strong>. El profesor Tim Spector, epidemi\u00f3logo del King\u2019s College de Londres, explica que, \u201ccuando comes, no solo est\u00e1s nutriendo tu cuerpo, est\u00e1s alimentando los billones de microbios que viven dentro de tu intestino\u201d.<\/p>\n\n\n\n<p>Y podemos modificar el microbioma intestinal eligiendo los mejores alimentos, ya que los investigadores encontraron que los sujetos que consum\u00edan\u00a0<strong>una dieta rica en alimentos saludables de origen vegetal ten\u00edan m\u00e1s probabilidades de tener altos niveles de microbios intestinales \u201cbuenos\u201d<\/strong>. Por el contrario, las dietas que conten\u00edan alimentos de origen vegetal m\u00e1s procesados ten\u00edan m\u00e1s probabilidades de estar asociadas con los microbios intestinales considerados \u201cmalos\u201d.<\/p>\n\n\n\n<p>Fuente: https:\/\/www.larazon.es\/salud\/20210112\/f7qgzvfmojgedpmeq7ill5vmoq.html<\/p>\n","protected":false},"excerpt":{"rendered":"<p>La mala composici\u00f3n del microbioma empeora la respuesta inmune frente al SARS-CoV-2 RAQUEL BONILLA \/ LA RAZ\u00d3N En uno de [&hellip;]<\/p>\n","protected":false},"author":1,"featured_media":3227,"comment_status":"open","ping_status":"open","sticky":false,"template":"","format":"standard","meta":{"site-sidebar-layout":"default","site-content-layout":"","ast-site-content-layout":"default","site-content-style":"default","site-sidebar-style":"default","ast-global-header-display":"","ast-banner-title-visibility":"","ast-main-header-display":"","ast-hfb-above-header-display":"","ast-hfb-below-header-display":"","ast-hfb-mobile-header-display":"","site-post-title":"","ast-breadcrumbs-content":"","ast-featured-img":"","footer-sml-layout":"","theme-transparent-header-meta":"","adv-header-id-meta":"","stick-header-meta":"","header-above-stick-meta":"","header-main-stick-meta":"","header-below-stick-meta":"","astra-migrate-meta-layouts":"default","ast-page-background-enabled":"default","ast-page-background-meta":{"desktop":{"background-color":"var(--ast-global-color-4)","background-image":"","background-repeat":"repeat","background-position":"center center","background-size":"auto","background-attachment":"scroll","background-type":"","background-media":"","overlay-type":"","overlay-color":"","overlay-opacity":"","overlay-gradient":""},"tablet":{"background-color":"","background-image":"","background-repeat":"repeat","background-position":"center center","background-size":"auto","background-attachment":"scroll","background-type":"","background-media":"","overlay-type":"","overlay-color":"","overlay-opacity":"","overlay-gradient":""},"mobile":{"background-color":"","background-image":"","background-repeat":"repeat","background-position":"center center","background-size":"auto","background-attachment":"scroll","background-type":"","background-media":"","overlay-type":"","overlay-color":"","overlay-opacity":"","overlay-gradient":""}},"ast-content-background-meta":{"desktop":{"background-color":"var(--ast-global-color-5)","background-image":"","background-repeat":"repeat","background-position":"center center","background-size":"auto","background-attachment":"scroll","background-type":"","background-media":"","overlay-type":"","overlay-color":"","overlay-opacity":"","overlay-gradient":""},"tablet":{"background-color":"var(--ast-global-color-5)","background-image":"","background-repeat":"repeat","background-position":"center center","background-size":"auto","background-attachment":"scroll","background-type":"","background-media":"","overlay-type":"","overlay-color":"","overlay-opacity":"","overlay-gradient":""},"mobile":{"background-color":"var(--ast-global-color-5)","background-image":"","background-repeat":"repeat","background-position":"center center","background-size":"auto","background-attachment":"scroll","background-type":"","background-media":"","overlay-type":"","overlay-color":"","overlay-opacity":"","overlay-gradient":""}},"footnotes":""},"categories":[8,1],"tags":[],"class_list":["post-3226","post","type-post","status-publish","format-standard","has-post-thumbnail","hentry","category-noticias","category-sin-categoria"],"_links":{"self":[{"href":"https:\/\/losperiodistas.com.mx\/portal\/wp-json\/wp\/v2\/posts\/3226","targetHints":{"allow":["GET"]}}],"collection":[{"href":"https:\/\/losperiodistas.com.mx\/portal\/wp-json\/wp\/v2\/posts"}],"about":[{"href":"https:\/\/losperiodistas.com.mx\/portal\/wp-json\/wp\/v2\/types\/post"}],"author":[{"embeddable":true,"href":"https:\/\/losperiodistas.com.mx\/portal\/wp-json\/wp\/v2\/users\/1"}],"replies":[{"embeddable":true,"href":"https:\/\/losperiodistas.com.mx\/portal\/wp-json\/wp\/v2\/comments?post=3226"}],"version-history":[{"count":1,"href":"https:\/\/losperiodistas.com.mx\/portal\/wp-json\/wp\/v2\/posts\/3226\/revisions"}],"predecessor-version":[{"id":3228,"href":"https:\/\/losperiodistas.com.mx\/portal\/wp-json\/wp\/v2\/posts\/3226\/revisions\/3228"}],"wp:featuredmedia":[{"embeddable":true,"href":"https:\/\/losperiodistas.com.mx\/portal\/wp-json\/wp\/v2\/media\/3227"}],"wp:attachment":[{"href":"https:\/\/losperiodistas.com.mx\/portal\/wp-json\/wp\/v2\/media?parent=3226"}],"wp:term":[{"taxonomy":"category","embeddable":true,"href":"https:\/\/losperiodistas.com.mx\/portal\/wp-json\/wp\/v2\/categories?post=3226"},{"taxonomy":"post_tag","embeddable":true,"href":"https:\/\/losperiodistas.com.mx\/portal\/wp-json\/wp\/v2\/tags?post=3226"}],"curies":[{"name":"wp","href":"https:\/\/api.w.org\/{rel}","templated":true}]}}