{"id":32249,"date":"2022-07-16T09:24:08","date_gmt":"2022-07-16T14:24:08","guid":{"rendered":"http:\/\/losperiodistas.com.mx\/portal\/?p=32249"},"modified":"2022-07-16T09:24:10","modified_gmt":"2022-07-16T14:24:10","slug":"fin-de-semana-de-arte-y-cultura-en-puebla-capital","status":"publish","type":"post","link":"https:\/\/losperiodistas.com.mx\/portal\/fin-de-semana-de-arte-y-cultura-en-puebla-capital\/","title":{"rendered":"Fin de semana de arte y cultura en Puebla capital"},"content":{"rendered":"\n<ul class=\"wp-block-list\"><li><em>En las redes sociales del IMACP se puede encontrar la cartelera del \u201cVerano de Arte y Cultura 2022\u201d.<\/em><\/li><\/ul>\n\n\n\n<figure class=\"wp-block-image size-full is-style-default\"><img fetchpriority=\"high\" decoding=\"async\" width=\"896\" height=\"897\" src=\"https:\/\/losperiodistas.com.mx\/portal\/wp-content\/uploads\/2022\/07\/WhatsApp-Image-2022-07-16-at-9.18.28-AM.jpeg\" alt=\"\" class=\"wp-image-32250\" srcset=\"https:\/\/losperiodistas.com.mx\/portal\/wp-content\/uploads\/2022\/07\/WhatsApp-Image-2022-07-16-at-9.18.28-AM.jpeg 896w, https:\/\/losperiodistas.com.mx\/portal\/wp-content\/uploads\/2022\/07\/WhatsApp-Image-2022-07-16-at-9.18.28-AM-300x300.jpeg 300w, https:\/\/losperiodistas.com.mx\/portal\/wp-content\/uploads\/2022\/07\/WhatsApp-Image-2022-07-16-at-9.18.28-AM-150x150.jpeg 150w, https:\/\/losperiodistas.com.mx\/portal\/wp-content\/uploads\/2022\/07\/WhatsApp-Image-2022-07-16-at-9.18.28-AM-768x769.jpeg 768w\" sizes=\"(max-width: 896px) 100vw, 896px\" \/><\/figure>\n\n\n\n<p><\/p>\n\n\n\n<p><\/p>\n\n\n\n<p class=\"has-vivid-cyan-blue-color has-text-color has-medium-font-size\">REDACCI\u00d3N<\/p>\n\n\n\n<p>En el Centro Hist\u00f3rico de Puebla todos los d\u00edas hay actividades art\u00edsticas y culturales para el deleite de chicos y grandes, locales y for\u00e1neos, con danzas regionales, cine, blues, marching band, conferencias, exposiciones, entre muchas otras cosas m\u00e1s.<\/p>\n\n\n\n<p>Despu\u00e9s de una larga semana de trabajo y tareas escolares, las familias podr\u00e1n asistir a alguna de las actividades planeadas para este s\u00e1bado y domingo, como parte del \u201cVerano de Arte y Cultura 2022\u201d, en el Parque Jard\u00edn San Luis, Z\u00f3calo, Teatro de la Ciudad y Galer\u00eda de Palacio, la cartelera se podr\u00e1 consultar en las redes sociales del Instituto Municipal de Arte y Cultura (IMACP) y en la p\u00e1gina www.pueblacapital.gob.mx.<\/p>\n\n\n\n<p>El s\u00e1bado 16 de julio se llevar\u00e1 a cabo en el Teatro de la Ciudad un conversatorio dirigido por Guadalupe Ortega, compa\u00f1era de vida del guionista y director poblano Xavier Robles que cuenta en su trayectoria con pel\u00edculas como \u201cLas Poquianchis\u201d y \u201cRojo Amanecer\u201d, que fueron proyectadas este viernes 15 de julio en el Ciclo de Cine. El homenaje tambi\u00e9n contar\u00e1 con la participaci\u00f3n de actores como Mar\u00eda Rojo y Alberto Estrella, el escritor Alfredo Naime, el director Arturo Tay y el catedr\u00e1tico Fernando Turrent.<\/p>\n\n\n\n<figure class=\"wp-block-image size-full is-style-default\"><img decoding=\"async\" width=\"661\" height=\"663\" src=\"https:\/\/losperiodistas.com.mx\/portal\/wp-content\/uploads\/2022\/07\/WhatsApp-Image-2022-07-16-at-9.18.29-AM.jpeg\" alt=\"\" class=\"wp-image-32251\" srcset=\"https:\/\/losperiodistas.com.mx\/portal\/wp-content\/uploads\/2022\/07\/WhatsApp-Image-2022-07-16-at-9.18.29-AM.jpeg 661w, https:\/\/losperiodistas.com.mx\/portal\/wp-content\/uploads\/2022\/07\/WhatsApp-Image-2022-07-16-at-9.18.29-AM-300x300.jpeg 300w, https:\/\/losperiodistas.com.mx\/portal\/wp-content\/uploads\/2022\/07\/WhatsApp-Image-2022-07-16-at-9.18.29-AM-150x150.jpeg 150w\" sizes=\"(max-width: 661px) 100vw, 661px\" \/><\/figure>\n\n\n\n<p>Tambi\u00e9n podr\u00e1s disfrutar de la Galer\u00eda de Palacio que estar\u00e1 abierta de 10:00 a 22:00 horas este s\u00e1bado, ya que se realiza una edici\u00f3n m\u00e1s de \u201cNoche de Museos\u201d, donde podr\u00e1n admirar las piezas de jaguares de la exposici\u00f3n \u201cC\u00e9sar Menchaca: Pasiones por M\u00e9xico\u201d gratuitamente.<\/p>\n\n\n\n<p>Mientras que, el domingo 17 habr\u00e1 Marching Band a las 13:00 horas en el parque Jard\u00edn San Luis y en el Z\u00f3calo a partir de la 1:30 de la tarde habr\u00e1 teatro, danza y cantantes.<\/p>\n","protected":false},"excerpt":{"rendered":"<p>En las redes sociales del IMACP se puede encontrar la cartelera del \u201cVerano de Arte y Cultura 2022\u201d. REDACCI\u00d3N En [&hellip;]<\/p>\n","protected":false},"author":1,"featured_media":32250,"comment_status":"open","ping_status":"open","sticky":false,"template":"","format":"standard","meta":{"site-sidebar-layout":"default","site-content-layout":"","ast-site-content-layout":"default","site-content-style":"default","site-sidebar-style":"default","ast-global-header-display":"","ast-banner-title-visibility":"","ast-main-header-display":"","ast-hfb-above-header-display":"","ast-hfb-below-header-display":"","ast-hfb-mobile-header-display":"","site-post-title":"","ast-breadcrumbs-content":"","ast-featured-img":"","footer-sml-layout":"","theme-transparent-header-meta":"","adv-header-id-meta":"","stick-header-meta":"","header-above-stick-meta":"","header-main-stick-meta":"","header-below-stick-meta":"","astra-migrate-meta-layouts":"default","ast-page-background-enabled":"default","ast-page-background-meta":{"desktop":{"background-color":"var(--ast-global-color-4)","background-image":"","background-repeat":"repeat","background-position":"center center","background-size":"auto","background-attachment":"scroll","background-type":"","background-media":"","overlay-type":"","overlay-color":"","overlay-opacity":"","overlay-gradient":""},"tablet":{"background-color":"","background-image":"","background-repeat":"repeat","background-position":"center center","background-size":"auto","background-attachment":"scroll","background-type":"","background-media":"","overlay-type":"","overlay-color":"","overlay-opacity":"","overlay-gradient":""},"mobile":{"background-color":"","background-image":"","background-repeat":"repeat","background-position":"center center","background-size":"auto","background-attachment":"scroll","background-type":"","background-media":"","overlay-type":"","overlay-color":"","overlay-opacity":"","overlay-gradient":""}},"ast-content-background-meta":{"desktop":{"background-color":"var(--ast-global-color-5)","background-image":"","background-repeat":"repeat","background-position":"center center","background-size":"auto","background-attachment":"scroll","background-type":"","background-media":"","overlay-type":"","overlay-color":"","overlay-opacity":"","overlay-gradient":""},"tablet":{"background-color":"var(--ast-global-color-5)","background-image":"","background-repeat":"repeat","background-position":"center center","background-size":"auto","background-attachment":"scroll","background-type":"","background-media":"","overlay-type":"","overlay-color":"","overlay-opacity":"","overlay-gradient":""},"mobile":{"background-color":"var(--ast-global-color-5)","background-image":"","background-repeat":"repeat","background-position":"center center","background-size":"auto","background-attachment":"scroll","background-type":"","background-media":"","overlay-type":"","overlay-color":"","overlay-opacity":"","overlay-gradient":""}},"footnotes":""},"categories":[8],"tags":[7279],"class_list":["post-32249","post","type-post","status-publish","format-standard","has-post-thumbnail","hentry","category-noticias","tag-contigoyconrumbo"],"_links":{"self":[{"href":"https:\/\/losperiodistas.com.mx\/portal\/wp-json\/wp\/v2\/posts\/32249","targetHints":{"allow":["GET"]}}],"collection":[{"href":"https:\/\/losperiodistas.com.mx\/portal\/wp-json\/wp\/v2\/posts"}],"about":[{"href":"https:\/\/losperiodistas.com.mx\/portal\/wp-json\/wp\/v2\/types\/post"}],"author":[{"embeddable":true,"href":"https:\/\/losperiodistas.com.mx\/portal\/wp-json\/wp\/v2\/users\/1"}],"replies":[{"embeddable":true,"href":"https:\/\/losperiodistas.com.mx\/portal\/wp-json\/wp\/v2\/comments?post=32249"}],"version-history":[{"count":1,"href":"https:\/\/losperiodistas.com.mx\/portal\/wp-json\/wp\/v2\/posts\/32249\/revisions"}],"predecessor-version":[{"id":32252,"href":"https:\/\/losperiodistas.com.mx\/portal\/wp-json\/wp\/v2\/posts\/32249\/revisions\/32252"}],"wp:featuredmedia":[{"embeddable":true,"href":"https:\/\/losperiodistas.com.mx\/portal\/wp-json\/wp\/v2\/media\/32250"}],"wp:attachment":[{"href":"https:\/\/losperiodistas.com.mx\/portal\/wp-json\/wp\/v2\/media?parent=32249"}],"wp:term":[{"taxonomy":"category","embeddable":true,"href":"https:\/\/losperiodistas.com.mx\/portal\/wp-json\/wp\/v2\/categories?post=32249"},{"taxonomy":"post_tag","embeddable":true,"href":"https:\/\/losperiodistas.com.mx\/portal\/wp-json\/wp\/v2\/tags?post=32249"}],"curies":[{"name":"wp","href":"https:\/\/api.w.org\/{rel}","templated":true}]}}