{"id":32246,"date":"2022-07-16T09:19:19","date_gmt":"2022-07-16T14:19:19","guid":{"rendered":"http:\/\/losperiodistas.com.mx\/portal\/?p=32246"},"modified":"2022-07-16T09:19:21","modified_gmt":"2022-07-16T14:19:21","slug":"festival-de-cine-cannabico-en-mexico-propone-mirada-lucida-sobre-marihuana-y-derechos-france-24","status":"publish","type":"post","link":"https:\/\/losperiodistas.com.mx\/portal\/festival-de-cine-cannabico-en-mexico-propone-mirada-lucida-sobre-marihuana-y-derechos-france-24\/","title":{"rendered":"Festival de cine cann\u00e1bico en M\u00e9xico propone mirada l\u00facida sobre marihuana y derechos | France 24"},"content":{"rendered":"\n<figure class=\"wp-block-image size-large is-style-default\"><img fetchpriority=\"high\" decoding=\"async\" width=\"1024\" height=\"576\" src=\"https:\/\/losperiodistas.com.mx\/portal\/wp-content\/uploads\/2022\/07\/c3537a4aaab2b52a1ae84fe8d84a01aacf57d84e-1024x576.jpg\" alt=\"\" class=\"wp-image-32247\" srcset=\"https:\/\/losperiodistas.com.mx\/portal\/wp-content\/uploads\/2022\/07\/c3537a4aaab2b52a1ae84fe8d84a01aacf57d84e-1024x576.jpg 1024w, https:\/\/losperiodistas.com.mx\/portal\/wp-content\/uploads\/2022\/07\/c3537a4aaab2b52a1ae84fe8d84a01aacf57d84e-300x169.jpg 300w, https:\/\/losperiodistas.com.mx\/portal\/wp-content\/uploads\/2022\/07\/c3537a4aaab2b52a1ae84fe8d84a01aacf57d84e-768x432.jpg 768w, https:\/\/losperiodistas.com.mx\/portal\/wp-content\/uploads\/2022\/07\/c3537a4aaab2b52a1ae84fe8d84a01aacf57d84e.jpg 1280w\" sizes=\"(max-width: 1024px) 100vw, 1024px\" \/><figcaption>el Festival Internacional de Cine Cann\u00e1bico de M\u00e9xico (FEICCA) propone una mirada l\u00facida y con enfoque de derechos sobre la marihuana\u00a0Amos Gumulira AFP\/Archivos<\/figcaption><\/figure>\n\n\n\n<p class=\"has-vivid-cyan-blue-color has-text-color has-medium-font-size\">FRANCE 24<\/p>\n\n\n\n<p><em>M\u00e9xico (AFP) \u2013\u00a0<\/em>Lejos de prejuicios, humo u ojos enrojecidos el Festival Internacional de Cine Cann\u00e1bico de M\u00e9xico (FEICCA) propone una mirada l\u00facida y con enfoque de derechos sobre la marihuana a trav\u00e9s del trabajo de creadores audiovisuales de todo el mundo.<\/p>\n\n\n\n<p>\u00abEs un festival con responsabilidad social y enfocado en los derechos humanos de quienes somos usuarios del cannabis\u00bb, dice a la AFP Iv\u00e1n Librado, director y fundador del evento que celebra este a\u00f1o su quinta edici\u00f3n.<\/p>\n\n\n\n<p>Tania Magdaleno, otra de las organizadoras, se siente feliz y sorprendida con la evoluci\u00f3n del festival que empez\u00f3 en Guadalajara \u00abclandestinamente, porque no pod\u00edamos anunciarlo\u00bb y hoy cuenta incluso con invitados internacionales.<\/p>\n\n\n\n<p>\u00abLa gente que asiste al festival es gente consumidora pero tambi\u00e9n personas que tienen dudas o que se han cuestionado por qu\u00e9 la marihuana es &#8216;mala&#8217; y vienen a informarse\u00bb, dice Magdaleno.<\/p>\n\n\n\n<p>Para ello, la programaci\u00f3n del festival ha procurado componer una \u00abperspectiva internacional\u00bb del cannabis \u00aba trav\u00e9s de la cinematograf\u00eda\u00bb, explica Librado, expresada en diferentes g\u00e9neros y formatos como largometraje, documental, animaci\u00f3n, cine de serie B o serie web.<\/p>\n\n\n\n<p>Con producciones de Turqu\u00eda, Egipto, Uruguay o M\u00e9xico, algunas de las cuales han sido exhibidas en Cannes, Sundance o Venecia, el festival no pone l\u00edmites a la expresi\u00f3n aunque hace excepciones muy puntuales.<\/p>\n\n\n\n<p>\u00abNo vas a ver narcotr\u00e1fico, ni nada pol\u00edticamente correcto\u00bb, dice C\u00e9sar Amigo, programador del FEICCA, subrayando la necesidad de erradicar la criminalizaci\u00f3n de la marihuana y los prejuicios alrededor de ella.<\/p>\n\n\n\n<p>El festival propone por ejemplo el documental \u00abMadre Planta\u00bb sobre la \u00abla lucha de las mamas cultivadoras de Argentina y Chile\u00bb para \u00abmejorar la calidad de vida de sus hijos\u00bb enfermos.<\/p>\n\n\n\n<p>O la serie web \u00abPachecos funcionales\u00bb, que recopila testimonios de consumidores de marihuana -llamados \u00abpachecos\u00bb en M\u00e9xico- y apuesta por \u00abquitarle el estigma\u00bb a la planta y a las personas que la usan, seg\u00fan su director, Ramiro Medina.<\/p>\n\n\n\n<p>\u00abLa contamos m\u00e1s all\u00e1 del morbo o el tab\u00fa de la cannabis, o la planta, o la droga o la prohibici\u00f3n\u00bb, dice.<\/p>\n\n\n\n<p>La celebraci\u00f3n del festival coincide con una mayor apertura de la sociedad mexicana respecto al uso del cannabis y busca dar \u00abun empuj\u00f3n\u00bb para que la legislaci\u00f3n se ponga al d\u00eda del sentir y los h\u00e1bitos de la gente, comenta Swald Huerta, tambi\u00e9n parte del equipo organizador.<\/p>\n\n\n\n<p>La Corte Suprema de M\u00e9xico despenaliz\u00f3 el uso recreativo del cannabis para adultos en junio de 2021 al declarar inconstitucionales art\u00edculos de la ley de salud que lo prohib\u00edan, alegando para ello \u00abel derecho al libre desarrollo de la personalidad\u00bb.<\/p>\n\n\n\n<p>Pero tras m\u00e1s de un a\u00f1o de la sentencia, el Congreso mexicano mantiene relegado el debate de una ley sobre la materia.<\/p>\n\n\n\n<p>\u00a9 2022 AFP<\/p>\n\n\n\n<p>Fuente: https:\/\/www.france24.com\/es\/minuto-a-minuto\/20220716-festival-de-cine-cann%C3%A1bico-en-m%C3%A9xico-propone-mirada-l%C3%BAcida-sobre-marihuana-y-derechos<\/p>\n","protected":false},"excerpt":{"rendered":"<p>FRANCE 24 M\u00e9xico (AFP) \u2013\u00a0Lejos de prejuicios, humo u ojos enrojecidos el Festival Internacional de Cine Cann\u00e1bico de M\u00e9xico (FEICCA) [&hellip;]<\/p>\n","protected":false},"author":1,"featured_media":32247,"comment_status":"open","ping_status":"open","sticky":false,"template":"","format":"standard","meta":{"site-sidebar-layout":"default","site-content-layout":"","ast-site-content-layout":"default","site-content-style":"default","site-sidebar-style":"default","ast-global-header-display":"","ast-banner-title-visibility":"","ast-main-header-display":"","ast-hfb-above-header-display":"","ast-hfb-below-header-display":"","ast-hfb-mobile-header-display":"","site-post-title":"","ast-breadcrumbs-content":"","ast-featured-img":"","footer-sml-layout":"","theme-transparent-header-meta":"","adv-header-id-meta":"","stick-header-meta":"","header-above-stick-meta":"","header-main-stick-meta":"","header-below-stick-meta":"","astra-migrate-meta-layouts":"default","ast-page-background-enabled":"default","ast-page-background-meta":{"desktop":{"background-color":"var(--ast-global-color-4)","background-image":"","background-repeat":"repeat","background-position":"center center","background-size":"auto","background-attachment":"scroll","background-type":"","background-media":"","overlay-type":"","overlay-color":"","overlay-opacity":"","overlay-gradient":""},"tablet":{"background-color":"","background-image":"","background-repeat":"repeat","background-position":"center center","background-size":"auto","background-attachment":"scroll","background-type":"","background-media":"","overlay-type":"","overlay-color":"","overlay-opacity":"","overlay-gradient":""},"mobile":{"background-color":"","background-image":"","background-repeat":"repeat","background-position":"center center","background-size":"auto","background-attachment":"scroll","background-type":"","background-media":"","overlay-type":"","overlay-color":"","overlay-opacity":"","overlay-gradient":""}},"ast-content-background-meta":{"desktop":{"background-color":"var(--ast-global-color-5)","background-image":"","background-repeat":"repeat","background-position":"center center","background-size":"auto","background-attachment":"scroll","background-type":"","background-media":"","overlay-type":"","overlay-color":"","overlay-opacity":"","overlay-gradient":""},"tablet":{"background-color":"var(--ast-global-color-5)","background-image":"","background-repeat":"repeat","background-position":"center center","background-size":"auto","background-attachment":"scroll","background-type":"","background-media":"","overlay-type":"","overlay-color":"","overlay-opacity":"","overlay-gradient":""},"mobile":{"background-color":"var(--ast-global-color-5)","background-image":"","background-repeat":"repeat","background-position":"center center","background-size":"auto","background-attachment":"scroll","background-type":"","background-media":"","overlay-type":"","overlay-color":"","overlay-opacity":"","overlay-gradient":""}},"footnotes":""},"categories":[8],"tags":[11404,11403,11405],"class_list":["post-32246","post","type-post","status-publish","format-standard","has-post-thumbnail","hentry","category-noticias","tag-cine-cannabico","tag-fecca","tag-pachecos-funcionales"],"_links":{"self":[{"href":"https:\/\/losperiodistas.com.mx\/portal\/wp-json\/wp\/v2\/posts\/32246","targetHints":{"allow":["GET"]}}],"collection":[{"href":"https:\/\/losperiodistas.com.mx\/portal\/wp-json\/wp\/v2\/posts"}],"about":[{"href":"https:\/\/losperiodistas.com.mx\/portal\/wp-json\/wp\/v2\/types\/post"}],"author":[{"embeddable":true,"href":"https:\/\/losperiodistas.com.mx\/portal\/wp-json\/wp\/v2\/users\/1"}],"replies":[{"embeddable":true,"href":"https:\/\/losperiodistas.com.mx\/portal\/wp-json\/wp\/v2\/comments?post=32246"}],"version-history":[{"count":1,"href":"https:\/\/losperiodistas.com.mx\/portal\/wp-json\/wp\/v2\/posts\/32246\/revisions"}],"predecessor-version":[{"id":32248,"href":"https:\/\/losperiodistas.com.mx\/portal\/wp-json\/wp\/v2\/posts\/32246\/revisions\/32248"}],"wp:featuredmedia":[{"embeddable":true,"href":"https:\/\/losperiodistas.com.mx\/portal\/wp-json\/wp\/v2\/media\/32247"}],"wp:attachment":[{"href":"https:\/\/losperiodistas.com.mx\/portal\/wp-json\/wp\/v2\/media?parent=32246"}],"wp:term":[{"taxonomy":"category","embeddable":true,"href":"https:\/\/losperiodistas.com.mx\/portal\/wp-json\/wp\/v2\/categories?post=32246"},{"taxonomy":"post_tag","embeddable":true,"href":"https:\/\/losperiodistas.com.mx\/portal\/wp-json\/wp\/v2\/tags?post=32246"}],"curies":[{"name":"wp","href":"https:\/\/api.w.org\/{rel}","templated":true}]}}