{"id":32241,"date":"2022-07-16T08:01:26","date_gmt":"2022-07-16T13:01:26","guid":{"rendered":"http:\/\/losperiodistas.com.mx\/portal\/?p=32241"},"modified":"2022-07-16T08:01:28","modified_gmt":"2022-07-16T13:01:28","slug":"caro-quintero-capturado-el-narco-de-narcos-uno-de-los-jefes-historicos-de-sinaloa-el-pais","status":"publish","type":"post","link":"https:\/\/losperiodistas.com.mx\/portal\/caro-quintero-capturado-el-narco-de-narcos-uno-de-los-jefes-historicos-de-sinaloa-el-pais\/","title":{"rendered":"Caro Quintero: capturado El Narco de Narcos, uno de los jefes hist\u00f3ricos de Sinaloa | El Pa\u00eds"},"content":{"rendered":"\n<p><em>La Marina detiene en un pueblo de la sierra al veterano criminal implicado en el salvaje asesinato del agente de la DEA Kiki Camarena en los a\u00f1os ochenta. Catorce soldados que participaron en la captura fallecen al estrellarse el helic\u00f3ptero en el que viajaban<\/em><\/p>\n\n\n\n<p><\/p>\n\n\n\n<figure class=\"wp-block-image size-large is-style-default\"><img fetchpriority=\"high\" decoding=\"async\" width=\"1024\" height=\"575\" src=\"https:\/\/losperiodistas.com.mx\/portal\/wp-content\/uploads\/2022\/07\/Captura-de-Pantalla-2022-07-16-a-las-7.57.15-1024x575.jpg\" alt=\"\" class=\"wp-image-32242\" srcset=\"https:\/\/losperiodistas.com.mx\/portal\/wp-content\/uploads\/2022\/07\/Captura-de-Pantalla-2022-07-16-a-las-7.57.15-1024x575.jpg 1024w, https:\/\/losperiodistas.com.mx\/portal\/wp-content\/uploads\/2022\/07\/Captura-de-Pantalla-2022-07-16-a-las-7.57.15-300x168.jpg 300w, https:\/\/losperiodistas.com.mx\/portal\/wp-content\/uploads\/2022\/07\/Captura-de-Pantalla-2022-07-16-a-las-7.57.15-768x431.jpg 768w, https:\/\/losperiodistas.com.mx\/portal\/wp-content\/uploads\/2022\/07\/Captura-de-Pantalla-2022-07-16-a-las-7.57.15-1536x863.jpg 1536w, https:\/\/losperiodistas.com.mx\/portal\/wp-content\/uploads\/2022\/07\/Captura-de-Pantalla-2022-07-16-a-las-7.57.15-2048x1150.jpg 2048w\" sizes=\"(max-width: 1024px) 100vw, 1024px\" \/><figcaption>El momento en que elementos de la Marina detienen a Rafael Caro Quintero en la comunidad de San Sim\u00f3n, municipio de Choix, en Sinaloa.Foto:\u00a0RR. SS.\u00a0|\u00a0V\u00eddeo:\u00a0AFP \/ TELEVISA<\/figcaption><\/figure>\n\n\n\n<p><\/p>\n\n\n\n<p class=\"has-vivid-cyan-blue-color has-text-color has-medium-font-size\">ELENA REINA \/ EL PA\u00cdS<\/p>\n\n\n\n<p>Rafael Caro Quintero ha sido capturado. Quien fuera llamado El Narco de Narcos en los a\u00f1os ochenta, sobre el que pesaba la mayor recompensa que ofrece la Agencia Antidrogas de Estados Unidos (DEA) para un criminal (20 millones de d\u00f3lares), ha sido detenido este viernes en la sierra de Sinaloa. Fundador del legendario cartel de Guadalajara, despu\u00e9s llamado cartel de Sinaloa, es la segunda vez que las autoridades le arrestan. En 1985 pis\u00f3 la c\u00e1rcel tras el brutal asesinato de un agente infiltrado de la DEA, Kiki Camarena, y en 2013 fue liberado en M\u00e9xico tras una escandalosa decisi\u00f3n judicial, cuando le faltaban todav\u00eda por cumplir 12 a\u00f1os de condena. Estados Unidos jam\u00e1s perdon\u00f3 (ni olvid\u00f3) el crimen y presion\u00f3 a las autoridades mexicanas para su recaptura. El viejo capo de la droga, que lejos de retirarse, contaba con un cartel a su nombre en el norte, regresa ahora a prisi\u00f3n con 69 a\u00f1os. Se trata de la mayor captura de un narco durante el Gobierno de Andr\u00e9s Manuel L\u00f3pez Obrador. La justicia estadounidense afirma que su extradici\u00f3n ser\u00e1 inminente.<\/p>\n\n\n\n<p>Las autoridades lo han trasladado la noche del viernes al penal de m\u00e1xima seguridad del Altiplano, en el Estado de M\u00e9xico. La c\u00e1rcel se hizo famosa tras la segunda y \u00faltima fuga de Joaqu\u00edn&nbsp;<em>El Chapo<\/em>&nbsp;Guzm\u00e1n, que se escap\u00f3 en julio de 2015 por un t\u00fanel conectado a la ducha de su celda.<\/p>\n\n\n\n<figure class=\"wp-block-image is-style-default\"><img decoding=\"async\" src=\"https:\/\/imagenes.elpais.com\/resizer\/WOjOJ-DoxGt3DFT8t000Yw4qOwM=\/414x0\/cloudfront-eu-central-1.images.arcpublishing.com\/prisa\/QUYE6GESWZAT5CVLY57Y2WKCZI.jpeg\" alt=\"Elementos de la Marina escoltan a Caro Quintero en la pista de un aeropuerto para continuar con su traslado al penal del Altiplano.\"\/><figcaption>Elementos de la Marina escoltan a Caro Quintero en la pista de un aeropuerto para continuar con su traslado al penal del Altiplano.SEMAR<\/figcaption><\/figure>\n\n\n\n<p>En un v\u00eddeo filtrado por las autoridades, se observa a Caro con el pelo te\u00f1ido de negro, una imagen que dista mucho de la \u00faltima vez que se le vio custodiado, donde parec\u00eda un hombre mucho mayor. En las im\u00e1genes que circulan en redes sociales, un marino le pasa una botella de agua y se observa al capo sudoroso, tomado por los brazos, no sometido, ni esposado. En un comunicado, la Secretar\u00eda de Marina inform\u00f3 de que fue un perro, Max, el que consigui\u00f3 ubicar al narco \u201centre matorrales\u201d en el municipio de la sierra de Sinaloa, San Sim\u00f3n (Choix).<\/p>\n\n\n\n<figure class=\"wp-block-image is-style-default\"><img decoding=\"async\" src=\"https:\/\/imagenes.elpais.com\/resizer\/d4JVCjMYC-kHEt_As32lUTfUxm4=\/414x0\/cloudfront-eu-central-1.images.arcpublishing.com\/prisa\/O227ROFJGNAIBCYBVCW6FGGYA4.jpg\" alt=\"Max, la sabueso de la Marina que ayud\u00f3 a localizar a Rafael Caro Quintero.\"\/><figcaption>Max, la sabueso de la Marina que ayud\u00f3 a localizar a Rafael Caro Quintero.RR. SS.<\/figcaption><\/figure>\n\n\n\n<p>Poco despu\u00e9s de darse a conocer la noticia, un helic\u00f3ptero de la Marina con 15 soldados que hab\u00edan participado en el operativo contra Caro Quintero se desplom\u00f3 en la costa Sinaloa, a la altura de Los Mochis.&nbsp;<a href=\"https:\/\/elpais.com\/internacional\/2022-07-16\/mueren-14-marinos-en-el-operativo-de-captura-de-caro-quintero-al-caerse-el-helicoptero-en-el-que-viajaban.html\" target=\"_blank\" rel=\"noreferrer noopener\">Fallecieron 14 marinos<\/a>. Las causas del posible accidente son todav\u00eda un misterio y se ha abierto una investigaci\u00f3n para esclarecer lo sucedido. \u201cNo se cuenta con informaci\u00f3n de que el accidente a\u00e9reo est\u00e9 relacionado con la detenci\u00f3n del presunto narcotraficante\u201d, indica el comunicado de la Marina. L\u00f3pez Obrador ha lamentado la muerte de los oficiales<a href=\"https:\/\/twitter.com\/lopezobrador_\/status\/1548131559001051136\">&nbsp;en un mensaje en redes sociales<\/a>.<\/p>\n\n\n\n<p>El Gobierno de Estados Unidos ha celebrado la captura como un \u00e9xito propio. El fiscal general, Merrick Garland, ha insistido en que el arresto supone \u201cla culminaci\u00f3n de un trabajo incansable de la DEA y de sus socios mexicanos\u201d. \u201cNo hay escondite posible para quien secuestre, torture y asesine a un agente estadounidense\u201d, indica el comunicado.<\/p>\n\n\n\n<figure class=\"wp-block-image is-style-default\"><img decoding=\"async\" src=\"https:\/\/imagenes.elpais.com\/resizer\/R4BwVyqcS-dbkcZEcpCmbny2yCg=\/414x0\/cloudfront-eu-central-1.images.arcpublishing.com\/prisa\/5XKWY4XXOATAFJTEQETQYBFFYQ.jpg\" alt=\"Param\u00e9dicos de la Cruz Roja junto al helic\u00f3ptero que cay\u00f3 en Los Mochis (Sinaloa), en el accidente que dej\u00f3 un saldo de 14 marinos muertos, este 15 de julio.\"\/><figcaption>Param\u00e9dicos de la Cruz Roja junto al helic\u00f3ptero que cay\u00f3 en Los Mochis (Sinaloa), en el accidente que dej\u00f3 un saldo de 14 marinos muertos, este 15 de julio.STRINGER (REUTERS)<\/figcaption><\/figure>\n\n\n\n<p>El operativo se ha ejecutado dos d\u00edas despu\u00e9s de&nbsp;<a href=\"https:\/\/elpais.com\/mexico\/2022-07-15\/la-reunion-de-lopez-obrador-con-biden-cierra-las-heridas-de-la-cumbre-de-la-americas.html\">la reuni\u00f3n en Washington de L\u00f3pez Obrador con Joe Biden<\/a>. Durante la visita del mandatario, la seguridad y el tr\u00e1fico de armas fueron uno de los asuntos principales, adem\u00e1s de la crisis migratoria. Con la captura del capo se salda una de las deudas pendientes de M\u00e9xico con la Casa Blanca. \u201cUn objetivo prioritario\u201d para ambos gobiernos, apunta la Marina.<\/p>\n\n\n\n<p>Aunque ya no posee el poder de anta\u00f1o, la ficha del FBI alerta de que sigue siendo una amenaza para el tr\u00e1fico de estupefacientes. Lo que deja abierta la puerta a una posible extradici\u00f3n, al igual que en su d\u00eda otro de los narcos m\u00e1s buscados, Joaqu\u00edn&nbsp;<em>El Chapo<\/em>&nbsp;Guzm\u00e1n, fue extraditado a Nueva York semanas despu\u00e9s de que Donald Trump tomara el poder en enero de 2017.<\/p>\n\n\n\n<p>Caro Quintero cumpli\u00f3 28 a\u00f1os de condena en M\u00e9xico y cuando le faltaban 12 para cumplir su sentencia, fue liberado por un tribunal, un esc\u00e1ndalo judicial que el Gobierno estadounidense jam\u00e1s olvidar\u00eda. En agosto de 2013, el tribunal de apelaciones revoc\u00f3 la sentencia de 40 a\u00f1os de prisi\u00f3n por el asesinato de Camarena y del piloto que lo acompa\u00f1aba, Alfredo Zavala. El tribunal aleg\u00f3 que un juzgado estatal debi\u00f3 haber llevado el caso, y no uno federal, y orden\u00f3 su liberaci\u00f3n inmediata de una prisi\u00f3n de m\u00e1xima seguridad. Pis\u00f3 la calle<a href=\"https:\/\/elpais.com\/internacional\/2013\/08\/09\/actualidad\/1376064041_369018.html\">&nbsp;el 9 de agosto de ese a\u00f1o<\/a>, un viernes de madrugada.<\/p>\n\n\n\n<figure class=\"wp-block-image is-style-default\"><img decoding=\"async\" src=\"https:\/\/imagenes.elpais.com\/resizer\/5z1TgnGjtiMI7toBm_l0Q0KALMY=\/414x0\/cloudfront-eu-central-1.images.arcpublishing.com\/prisa\/A6XWXIW5YRHRRJVMOIHJYXSRXE.jpeg\" alt=\"Elementos de la Marina sentados a ambos lados de Rafael Caro Quintero (tercero de izquierda a derecha) en un avi\u00f3n para trasladarlo al penal de m\u00e1xima seguridad, este viernes.\"\/><figcaption>Elementos de la Marina sentados a ambos lados de Rafael Caro Quintero (tercero de izquierda a derecha) en un avi\u00f3n para trasladarlo al penal de m\u00e1xima seguridad, este viernes.SEMAR<\/figcaption><\/figure>\n\n\n\n<p>Meses despu\u00e9s, la Suprema Corte de M\u00e9xico anul\u00f3 la orden que lo liberaba, se\u00f1alando que Camarena era un agente del Gobierno estadounidense y, por lo tanto, su homicidio era un delito federal, de manera que hab\u00eda sido procesado adecuadamente. Se emiti\u00f3 entonces una nueva orden de aprehensi\u00f3n contra Caro Quintero, pero era demasiado tarde. El capo hab\u00eda huido de la justicia y estuvo pr\u00f3fugo nueve a\u00f1os.<\/p>\n\n\n\n<p>El brutal asesinato de Kiki Camarena revent\u00f3 el poder que los jefes de la droga mexicanos hab\u00edan adquirido durante d\u00e9cadas. La persecuci\u00f3n de la DEA contra todos los fundadores del cartel de Guadalajara lanz\u00f3 un duro mensaje para el narcotr\u00e1fico, que se vio acorralado por primera vez. El cartel de Medell\u00edn de Pablo Escobar sufri\u00f3 tambi\u00e9n las consecuencias de la ira de la DEA contra el narco unos a\u00f1os despu\u00e9s. Los involucrados en el asesinato de Camarena no fueron extraditados \u2014el mayor temor de un narcotraficante\u2014 y las autoridades mexicanas no impidieron la liberaci\u00f3n de Caro, lo que supuso un segundo golpe para la credibilidad de la lucha contra el tr\u00e1fico de estupefacientes.<\/p>\n\n\n\n<p>Los d\u00edas de Caro Quintero estuvieron siempre ligados a la sed de venganza de la poderosa DEA. Pocos se atrevieron a llegar tan lejos como los fundadores del cartel de Guadalajara, el padre de todos los c\u00e1rteles que nacieron despu\u00e9s. El \u00fanico que permanec\u00eda en prisi\u00f3n por el crimen del agente de la DEA era&nbsp;<a href=\"https:\/\/elpais.com\/mexico\/2021-08-18\/el-jefe-de-jefes-del-narco-mexicano-lo-niega-todo.html\">Miguel \u00c1ngel F\u00e9lix Gallardo<\/a>, el jefe de jefes.&nbsp;<a href=\"https:\/\/elpais.com\/internacional\/2017\/03\/31\/mexico\/1490997314_577323.html\">Ernesto Fonseca Carrillo,&nbsp;<em>Don Neto<\/em><\/a><em>,&nbsp;<\/em>consigui\u00f3 la prisi\u00f3n domiciliaria por su edad, 91 a\u00f1os, y sus problemas de salud. Caro, tambi\u00e9n apodado<em>&nbsp;El Pr\u00edncipe<\/em>, y el m\u00e1s joven del grupo, hab\u00eda conseguido salirse con la suya y volver al campo a los 60 a\u00f1os. Desde su guarida ofreci\u00f3 una entrevista a la revista&nbsp;<em>Proceso&nbsp;<\/em>donde afirmaba: \u201cYo ya no soy un peligro para la sociedad. No quiero saber nada de narcotr\u00e1fico. Si algo hice mal, ya lo pagu\u00e9\u201d, se\u00f1al\u00f3.<\/p>\n\n\n\n<figure class=\"wp-block-image is-style-default\"><img decoding=\"async\" src=\"https:\/\/imagenes.elpais.com\/resizer\/XpZb6m02QYAshLYjo6XcKQw6xrE=\/414x0\/cloudfront-eu-central-1.images.arcpublishing.com\/prisa\/OKST4WSF5NCTDFKSELMMQ2RDAQ.jpg\" alt=\"Miembros de la Marina y de la Polic\u00eda Federal Ministerial realizan un operativo en el hangar de la Fiscal\u00eda General para trasladar al capo desde Ciudad de M\u00e9xico hacia el penal del Altiplano (Estado de M\u00e9xico).\"\/><figcaption>Miembros de la Marina y de la Polic\u00eda Federal Ministerial realizan un operativo en el hangar de la Fiscal\u00eda General para trasladar al capo desde Ciudad de M\u00e9xico hacia el penal del Altiplano (Estado de M\u00e9xico).JOS\u00c9 M\u00c9NDEZ (EFE)<\/figcaption><\/figure>\n\n\n\n<p>La deuda pendiente que manten\u00eda por&nbsp;<a href=\"https:\/\/elpais.com\/mexico\/2020-12-02\/la-dea-no-olvida-la-caza-a-caro-quintero-35-anos-despues.html\">el crimen que le llev\u00f3 a la c\u00e1rcel en 1985<\/a>&nbsp;le persegu\u00eda noche y d\u00eda. La sentencia en su contra consideraba probado que el 7 de febrero de aquel a\u00f1o, cuando Camarena sal\u00eda del Consulado de Estados Unidos en Guadalajara, fue secuestrado por polic\u00edas y entregado al c\u00e1rtel de Guadalajara. En una finca de la organizaci\u00f3n, el polic\u00eda estadounidense fue torturado una y otra vez mientras un m\u00e9dico lo manten\u00eda con vida. Cuando su cuerpo fue recuperado, se descubri\u00f3 que hab\u00eda sido castrado y enterrado vivo.<\/p>\n\n\n\n<p>Camarena era un agente estadounidense que, infiltrado en el cartel de Guadalajara, desmantel\u00f3 una gigantesca plantaci\u00f3n de marihuana, ubicada en el llamado rancho B\u00fafalo. La versi\u00f3n oficial indica que, en represalia, los narcotraficantes lo asesinaron a \u00e9l y al piloto con el que inspeccionaba los sembrad\u00edos de droga, Alfredo Zavala.&nbsp;<a href=\"https:\/\/elpais.com\/diario\/1985\/03\/08\/internacional\/479084418_850215.html\">Sus cuerpos aparecieron, un mes despu\u00e9s de ser secuestrados, en una zanja a 150 kil\u00f3metros de Guadalajara<\/a>.<\/p>\n\n\n\n<h4 class=\"wp-block-heading\">El narco aferrado a su tierra<\/h4>\n\n\n\n<p>Pese a ser el criminal con la recompensa m\u00e1s alta ofrecida por la DEA, 20 millones de d\u00f3lares, nadie en su tierra dudaba hace unos meses de cu\u00e1l era su refugio: los pueblos donde se crio, la sierra polvorosa de Sinaloa y el desierto donde vivi\u00f3 desde joven con su familia, el norte de Sonora. Lugares peque\u00f1os, dif\u00edcilmente accesibles, rodeados de su gente. Este viernes lo han capturado en Choix, un municipio rural al norte de Sinaloa, a unos kil\u00f3metros de ah\u00ed.<\/p>\n\n\n\n<p>Regresar al terru\u00f1o ha sido desde hace d\u00e9cadas la estrategia de los narcotraficantes mexicanos, aunque les pisaran los talones. Le sucedi\u00f3 a Joaqu\u00edn&nbsp;<em>El Chapo<\/em>&nbsp;Guzm\u00e1n, que fue&nbsp;<a href=\"https:\/\/elpais.com\/internacional\/2016\/01\/08\/actualidad\/1452277806_499324.html\">detenido por \u00faltima vez en una casa en Los Mochis&nbsp;<\/a>(Sinaloa, en 2016) y se da por hecho que lo mismo sucede con el \u00fanico gran narco de la vieja escuela que jam\u00e1s ha sido detenido, Ismael&nbsp;<em>El Mayo<\/em>&nbsp;Zambada. Cuando Caro Quintero logr\u00f3 que&nbsp;<a href=\"https:\/\/elpais.com\/internacional\/2013\/08\/10\/actualidad\/1376165737_664769.html\">un juez lo dejara en libertad<\/a>, lo primero que hizo fue regresar a su pueblo. Reorganizar a su gente, negociar un pedazo del pastel y sin las excentricidades de su \u00e9poca, continuar con el negocio de manera silenciosa. El FBI lo ubicaba en Badiraguato (Sinaloa), el pueblo del que son casi todos los capos de la droga de M\u00e9xico, y anuncia: desde ah\u00ed opera su propio cartel. No err\u00f3 por muchos kil\u00f3metros el tiro.<\/p>\n\n\n\n<p>Adem\u00e1s de&nbsp;<a href=\"https:\/\/elpais.com\/internacional\/2014\/02\/28\/actualidad\/1393622660_897184.html\">Badiraguato,&nbsp;<\/a>hay otro lugar donde los vecinos hab\u00edan ubicado a Caro Quintero antes que la DEA o el FBI. En el municipio de Caborca (Sonora) asediado desde hace m\u00e1s de un a\u00f1o por la violencia entre c\u00e1rteles locales, comenz\u00f3 a sonar su nombre. No era raro, pues los que recuerdan la \u00e9poca de los ochenta, tienen en su imaginario la llegada de la familia de Caro Quintero a este pueblo del desierto sonorense. Cuando ni las calles estaban asfaltadas, una reportera con m\u00e1s de dos d\u00e9cadas de trabajo en la zona, que prefiere no dar su nombre por temor a represalias, tiene grabada una imagen que todav\u00eda no olvida: una limusina rosa. \u201cCaro trajo mucho dinero al pueblo, la gente lo estima mucho a \u00e9l y a su familia. Muchos se quedaron a vivir ac\u00e1 y es algo conocido que va y viene de Sinaloa a estos rumbos\u201d, se\u00f1alaba en una entrevista.<\/p>\n\n\n\n<p><a href=\"https:\/\/elpais.com\/mexico\/2022-02-18\/los-vecinos-de-caborca-en-mitad-del-fuego-de-los-hijos-de-el-chapo-los-militares-se-escondieron-y-nos-dejaron-solos.html\">En Caborca, a 100 kil\u00f3metros des\u00e9rticos de la frontera estadounidense<\/a>&nbsp;y sin apenas control de las autoridades, manten\u00eda otro de sus refugios. Unas narcomantas se\u00f1alaron el a\u00f1o pasado la llegada de pistoleros suyos en esta zona. Y algunos medios locales apuntaron a una pelea por la plaza de algunos que reivindicaban su nombre. La inteligencia mexicana filtr\u00f3 a la prensa local que Caro Quintero trabajaba en coordinaci\u00f3n con el cartel de Ju\u00e1rez y su brazo armado, La L\u00ednea, para recuperar zonas de Sonora que mientras \u00e9l estaba en prisi\u00f3n hab\u00edan sido tomadas por otro cartel, el de los hijos de El Chapo, conocidos como&nbsp;<a href=\"https:\/\/elpais.com\/internacional\/2019\/10\/18\/mexico\/1571358013_226950.html\">Los Chapitos<\/a>.<\/p>\n\n\n\n<p>Una guerra entre Los Chapitos \u2014herederos del imperio criminal de su padre que se han disputado el control total de la organizaci\u00f3n con otro de los fundadores,&nbsp;<em>El Mayo<\/em>&nbsp;Zambada\u2014 y bandas locales que resucitan el nombre de Caro Quintero mantienen sitiado el norte de Sonora. Pero mientras que ellos han desatado el terror en la regi\u00f3n por sus nuevas formas de amedrentar a sus rivales, mucho m\u00e1s sangrientos, renuentes a pactos ni el m\u00e1s m\u00ednimo c\u00f3digo de honor, el viejo capo segu\u00eda representando la \u00e9poca dorada del narcotr\u00e1fico.<\/p>\n\n\n\n<p><a href=\"https:\/\/plus.elpais.com\/newsletters\/lnp\/1\/348\"><strong>Suscr\u00edbase aqu\u00ed<\/strong><\/a>a la\u00a0<em>newsletter<\/em>\u00a0de EL PA\u00cdS M\u00e9xico y reciba todas las claves informativas de la actualidad de este pa\u00eds<\/p>\n\n\n\n<p>Fuente: https:\/\/elpais.com\/mexico\/2022-07-15\/rafael-caro-quintero-capturado-el-jefe-historico-del-cartel-de-sinaloa.html<\/p>\n","protected":false},"excerpt":{"rendered":"<p>La Marina detiene en un pueblo de la sierra al veterano criminal implicado en el salvaje asesinato del agente de [&hellip;]<\/p>\n","protected":false},"author":1,"featured_media":32242,"comment_status":"open","ping_status":"open","sticky":false,"template":"","format":"standard","meta":{"site-sidebar-layout":"default","site-content-layout":"","ast-site-content-layout":"default","site-content-style":"default","site-sidebar-style":"default","ast-global-header-display":"","ast-banner-title-visibility":"","ast-main-header-display":"","ast-hfb-above-header-display":"","ast-hfb-below-header-display":"","ast-hfb-mobile-header-display":"","site-post-title":"","ast-breadcrumbs-content":"","ast-featured-img":"","footer-sml-layout":"","theme-transparent-header-meta":"","adv-header-id-meta":"","stick-header-meta":"","header-above-stick-meta":"","header-main-stick-meta":"","header-below-stick-meta":"","astra-migrate-meta-layouts":"default","ast-page-background-enabled":"default","ast-page-background-meta":{"desktop":{"background-color":"var(--ast-global-color-4)","background-image":"","background-repeat":"repeat","background-position":"center center","background-size":"auto","background-attachment":"scroll","background-type":"","background-media":"","overlay-type":"","overlay-color":"","overlay-opacity":"","overlay-gradient":""},"tablet":{"background-color":"","background-image":"","background-repeat":"repeat","background-position":"center center","background-size":"auto","background-attachment":"scroll","background-type":"","background-media":"","overlay-type":"","overlay-color":"","overlay-opacity":"","overlay-gradient":""},"mobile":{"background-color":"","background-image":"","background-repeat":"repeat","background-position":"center center","background-size":"auto","background-attachment":"scroll","background-type":"","background-media":"","overlay-type":"","overlay-color":"","overlay-opacity":"","overlay-gradient":""}},"ast-content-background-meta":{"desktop":{"background-color":"var(--ast-global-color-5)","background-image":"","background-repeat":"repeat","background-position":"center center","background-size":"auto","background-attachment":"scroll","background-type":"","background-media":"","overlay-type":"","overlay-color":"","overlay-opacity":"","overlay-gradient":""},"tablet":{"background-color":"var(--ast-global-color-5)","background-image":"","background-repeat":"repeat","background-position":"center center","background-size":"auto","background-attachment":"scroll","background-type":"","background-media":"","overlay-type":"","overlay-color":"","overlay-opacity":"","overlay-gradient":""},"mobile":{"background-color":"var(--ast-global-color-5)","background-image":"","background-repeat":"repeat","background-position":"center center","background-size":"auto","background-attachment":"scroll","background-type":"","background-media":"","overlay-type":"","overlay-color":"","overlay-opacity":"","overlay-gradient":""}},"footnotes":""},"categories":[8],"tags":[11402],"class_list":["post-32241","post","type-post","status-publish","format-standard","has-post-thumbnail","hentry","category-noticias","tag-caro-quintero"],"_links":{"self":[{"href":"https:\/\/losperiodistas.com.mx\/portal\/wp-json\/wp\/v2\/posts\/32241","targetHints":{"allow":["GET"]}}],"collection":[{"href":"https:\/\/losperiodistas.com.mx\/portal\/wp-json\/wp\/v2\/posts"}],"about":[{"href":"https:\/\/losperiodistas.com.mx\/portal\/wp-json\/wp\/v2\/types\/post"}],"author":[{"embeddable":true,"href":"https:\/\/losperiodistas.com.mx\/portal\/wp-json\/wp\/v2\/users\/1"}],"replies":[{"embeddable":true,"href":"https:\/\/losperiodistas.com.mx\/portal\/wp-json\/wp\/v2\/comments?post=32241"}],"version-history":[{"count":1,"href":"https:\/\/losperiodistas.com.mx\/portal\/wp-json\/wp\/v2\/posts\/32241\/revisions"}],"predecessor-version":[{"id":32243,"href":"https:\/\/losperiodistas.com.mx\/portal\/wp-json\/wp\/v2\/posts\/32241\/revisions\/32243"}],"wp:featuredmedia":[{"embeddable":true,"href":"https:\/\/losperiodistas.com.mx\/portal\/wp-json\/wp\/v2\/media\/32242"}],"wp:attachment":[{"href":"https:\/\/losperiodistas.com.mx\/portal\/wp-json\/wp\/v2\/media?parent=32241"}],"wp:term":[{"taxonomy":"category","embeddable":true,"href":"https:\/\/losperiodistas.com.mx\/portal\/wp-json\/wp\/v2\/categories?post=32241"},{"taxonomy":"post_tag","embeddable":true,"href":"https:\/\/losperiodistas.com.mx\/portal\/wp-json\/wp\/v2\/tags?post=32241"}],"curies":[{"name":"wp","href":"https:\/\/api.w.org\/{rel}","templated":true}]}}