{"id":3223,"date":"2021-01-12T03:26:34","date_gmt":"2021-01-12T09:26:34","guid":{"rendered":"http:\/\/losperiodistas.com.mx\/portal\/?p=3223"},"modified":"2021-01-12T03:26:34","modified_gmt":"2021-01-12T09:26:34","slug":"el-partido-democrata-inicia-el-impeachment-contra-trump-por-poner-en-peligro-la-seguridad-de-ee-uu-abc","status":"publish","type":"post","link":"https:\/\/losperiodistas.com.mx\/portal\/el-partido-democrata-inicia-el-impeachment-contra-trump-por-poner-en-peligro-la-seguridad-de-ee-uu-abc\/","title":{"rendered":"El Partido Dem\u00f3crata inicia el \u00abimpeachment\u00bb contra Trump por poner en peligro la seguridad de EE.UU. | ABC"},"content":{"rendered":"\n<p style=\"font-size:18px\"><em>Es el \u00fanico presidente en la historia de Estados Unidos que se enfrenta a la recusaci\u00f3n por segunda vez. El voto ser\u00e1 con toda probabilidad mi\u00e9rcoles<\/em><\/p>\n\n\n\n<p class=\"has-vivid-cyan-blue-color has-text-color has-medium-font-size\">DAVID ALANDETE\/ Washington \/ ABC<\/p>\n\n\n\n<p>El segundo juicio pol\u00edtico a Donald Trump ya est\u00e1 en marcha. Seg\u00fan dicen los dem\u00f3cratas en la hoja de cargos presentada ayer en el Capitolio, \u00abel presidente&nbsp;<strong>Trump puso en grave peligro la seguridad de Estados Unidos&nbsp;<\/strong>y sus instituciones. Amenaz\u00f3 la integridad del sistema democr\u00e1tico, interfiri\u00f3 en el traspaso de poderes y puso en peligro otra rama de gobierno. De ese modo, traicion\u00f3 la confianza depositada en \u00e9l como presidente, en perjuicio manifiesto del pueblo de EE.UU.\u00bb El \u00fanico cargo contra el presidente es de \u00abincitaci\u00f3n a la insurrecci\u00f3n\u00bb.&nbsp;<\/p>\n\n\n\n<p>La recusaci\u00f3n del presidente en el proceso de \u00abimpeachment\u00bb tiene&nbsp;<strong>el apoyo ya de 218 de los 222 diputados dem\u00f3cratas<\/strong>. Pero antes de llevar los cargos al pleno, la presidenta de la C\u00e1mara de Representantes le ha dado al vicepresidente Mike Pence un ultim\u00e1tum: s\u00f3lo votar\u00e1n la reprobaci\u00f3n si antes el gabinete de Trump no le ha declarado incapaz ateni\u00e9ndose a la enmienda XXV de la Constituci\u00f3n, que permite destituir de ese modo a un presidente enajenado o enfermo.<\/p>\n\n\n\n<p><strong>Pence tiene de l\u00edmite hasta el mi\u00e9rcoles<\/strong>. S\u00f3lo entonces Pelosi llevar\u00e1 los cargos al pleno de la C\u00e1mara. As\u00ed, Trump ser\u00e1 el segundo presidente en la historia de la naci\u00f3n en haber sido sometido al \u00abimpeachmet\u00bb en dos ocasiones, y adem\u00e1s en un solo mandato, todo un r\u00e9cord. La dem\u00f3crata intent\u00f3 que la C\u00e1mara aprobara una resoluci\u00f3n instando a Pence a que declarara a su jefe incapaz, pero los republicanos se opusieron. Tampoco parece que Pence est\u00e9 por declarar a Trump incapaz, lo que le convertir\u00eda en presidente por solo unos d\u00edas.&nbsp;<\/p>\n\n\n\n<p>Seg\u00fan lament\u00f3 Pelosi en un comunicado en que no se dej\u00f3 nada en el tintero, \u00ablos republicanos de la C\u00e1mara de Representantes rechazaron esta propuesta para proteger a EE.UU., lo que permitir\u00e1 que sigan los desquiciados, inestables y perturbadores actos de sedici\u00f3n de este presidente\u00bb. \u00abSu complicidad pone en peligro a EE.UU., erosiona nuestra democracia y debe terminar\u00bb, a\u00f1adi\u00f3.<\/p>\n\n\n\n<p>Hay divisi\u00f3n entre los dem\u00f3cratas sobre c\u00f3mo actuar despu\u00e9s de que la C\u00e1mara avance el \u00abimpeachment\u00bb. Biden toma posesi\u00f3n del cargo la semana que viene.&nbsp;<strong>En siete d\u00edas es imposible que todo quede listo para que el Senado vote<\/strong>, como le corresponde, si destituye a Trump. En teor\u00eda puede hacerlo despu\u00e9s de que este abandone el poder, como una forma de castigarle y, lo que es m\u00e1s importante, inhabilitarle e impedirle presentarse de nuevo a las elecciones. Pero Biden le ha pedido a su partido que se centre en confirmar a sus candidatos para el gabinete.<\/p>\n\n\n\n<h3 class=\"wp-block-heading\">Detenci\u00f3n de los implicados<\/h3>\n\n\n\n<p>Eso ha incendiado a la izquierda del partido. Seg\u00fan dijo la diputada neoyorquina&nbsp;<strong>Alexandria Ocasio-Cortez<\/strong>&nbsp;en una entrevista en la cadena televisiva Abc, \u00abla prioridad n\u00famero uno debe ser garantizar la destituci\u00f3n de Donald Trump como presidente de EE.UU. Cada minuto y cada hora que est\u00e1 en el cargo representa un peligro claro y presente, no solo para el Congreso de EE.UU., sino para todo el pa\u00eds\u00bb.<\/p>\n\n\n\n<p>A medida que los dem\u00f3cratas avanzan la reprobaci\u00f3n del presidente, el FBI y la Fiscal\u00eda prosiguen con las detenciones de los implicados en el saqueo del Capitolio. A d\u00eda de hoy ha habido<strong>&nbsp;m\u00e1s de 90 arrestos en todo el pa\u00eds<\/strong>. Uno de los \u00faltimos en caer fue Eric Munchel, de Nashville, que seg\u00fan el auto de arresto asalt\u00f3 el Capitolio con su madre, con la que viaj\u00f3 armado a Washington. En varias im\u00e1genes en redes sociales se ve a Munchel saltando en las gradas del senado con un manojo de bridas en la mano, como si se dispusiera a esposar a alguien. En los foros de internet, los asaltantes llamaron a arrestar a los disputados y senadores.&nbsp;<\/p>\n\n\n\n<p>Tambi\u00e9n arrest\u00f3 el FBI en Tejas a Larry Rendell Brock, de 53 a\u00f1os, un teniente coronel jubilado de la Fuerza A\u00e9rea, acusado de asalto y vandalismo durante el asalto al Capitolio. A Brock se le ve en las&nbsp;<strong>im\u00e1genes del d\u00eda del asalto con chaleco antibalas y casco militar<\/strong>&nbsp;en medio del hemiciclo, dando indicaciones a otros infiltrados tambi\u00e9n con un atajo de bridas en la mano. Fue la ex mujer de Brock la que llam\u00f3 al FBI para decirle que era \u00e9l el de las fotos, y que ella sab\u00eda que llevaba meses radicaliz\u00e1ndose.<\/p>\n\n\n\n<p>Los cuerpos de seguridad ya han incrementado notablemente la seguridad de aqu\u00ed a la jura de Biden el 20 de enero. El Capitolio est\u00e1 rodeado por un per\u00edmetro de seguridad. La Guardia Nacional, cuerpo armado de reservistas, est\u00e1 ya desplegado en las calles de la Capital. La Casa Blanca lleva rodeada por barricadas desde la protesta racial del pasado verano. Desde hoy, se rodean y cierran al p\u00fablico los principales monumentos, como el obelisco dedicado a George Washington que se ve desde la balconada de la residencia del presidente.\u00a0<\/p>\n\n\n\n<p>Fuente: https:\/\/www.abc.es\/internacional\/abci-partido-democrata-inicia-impeachment-contra-trump-incitacion-insurreccion-202101111911_noticia.html<\/p>\n","protected":false},"excerpt":{"rendered":"<p>Es el \u00fanico presidente en la historia de Estados Unidos que se enfrenta a la recusaci\u00f3n por segunda vez. El [&hellip;]<\/p>\n","protected":false},"author":1,"featured_media":3224,"comment_status":"open","ping_status":"open","sticky":false,"template":"","format":"standard","meta":{"site-sidebar-layout":"default","site-content-layout":"","ast-site-content-layout":"default","site-content-style":"default","site-sidebar-style":"default","ast-global-header-display":"","ast-banner-title-visibility":"","ast-main-header-display":"","ast-hfb-above-header-display":"","ast-hfb-below-header-display":"","ast-hfb-mobile-header-display":"","site-post-title":"","ast-breadcrumbs-content":"","ast-featured-img":"","footer-sml-layout":"","theme-transparent-header-meta":"","adv-header-id-meta":"","stick-header-meta":"","header-above-stick-meta":"","header-main-stick-meta":"","header-below-stick-meta":"","astra-migrate-meta-layouts":"default","ast-page-background-enabled":"default","ast-page-background-meta":{"desktop":{"background-color":"var(--ast-global-color-4)","background-image":"","background-repeat":"repeat","background-position":"center center","background-size":"auto","background-attachment":"scroll","background-type":"","background-media":"","overlay-type":"","overlay-color":"","overlay-opacity":"","overlay-gradient":""},"tablet":{"background-color":"","background-image":"","background-repeat":"repeat","background-position":"center center","background-size":"auto","background-attachment":"scroll","background-type":"","background-media":"","overlay-type":"","overlay-color":"","overlay-opacity":"","overlay-gradient":""},"mobile":{"background-color":"","background-image":"","background-repeat":"repeat","background-position":"center center","background-size":"auto","background-attachment":"scroll","background-type":"","background-media":"","overlay-type":"","overlay-color":"","overlay-opacity":"","overlay-gradient":""}},"ast-content-background-meta":{"desktop":{"background-color":"var(--ast-global-color-5)","background-image":"","background-repeat":"repeat","background-position":"center center","background-size":"auto","background-attachment":"scroll","background-type":"","background-media":"","overlay-type":"","overlay-color":"","overlay-opacity":"","overlay-gradient":""},"tablet":{"background-color":"var(--ast-global-color-5)","background-image":"","background-repeat":"repeat","background-position":"center center","background-size":"auto","background-attachment":"scroll","background-type":"","background-media":"","overlay-type":"","overlay-color":"","overlay-opacity":"","overlay-gradient":""},"mobile":{"background-color":"var(--ast-global-color-5)","background-image":"","background-repeat":"repeat","background-position":"center center","background-size":"auto","background-attachment":"scroll","background-type":"","background-media":"","overlay-type":"","overlay-color":"","overlay-opacity":"","overlay-gradient":""}},"footnotes":""},"categories":[8],"tags":[],"class_list":["post-3223","post","type-post","status-publish","format-standard","has-post-thumbnail","hentry","category-noticias"],"_links":{"self":[{"href":"https:\/\/losperiodistas.com.mx\/portal\/wp-json\/wp\/v2\/posts\/3223","targetHints":{"allow":["GET"]}}],"collection":[{"href":"https:\/\/losperiodistas.com.mx\/portal\/wp-json\/wp\/v2\/posts"}],"about":[{"href":"https:\/\/losperiodistas.com.mx\/portal\/wp-json\/wp\/v2\/types\/post"}],"author":[{"embeddable":true,"href":"https:\/\/losperiodistas.com.mx\/portal\/wp-json\/wp\/v2\/users\/1"}],"replies":[{"embeddable":true,"href":"https:\/\/losperiodistas.com.mx\/portal\/wp-json\/wp\/v2\/comments?post=3223"}],"version-history":[{"count":1,"href":"https:\/\/losperiodistas.com.mx\/portal\/wp-json\/wp\/v2\/posts\/3223\/revisions"}],"predecessor-version":[{"id":3225,"href":"https:\/\/losperiodistas.com.mx\/portal\/wp-json\/wp\/v2\/posts\/3223\/revisions\/3225"}],"wp:featuredmedia":[{"embeddable":true,"href":"https:\/\/losperiodistas.com.mx\/portal\/wp-json\/wp\/v2\/media\/3224"}],"wp:attachment":[{"href":"https:\/\/losperiodistas.com.mx\/portal\/wp-json\/wp\/v2\/media?parent=3223"}],"wp:term":[{"taxonomy":"category","embeddable":true,"href":"https:\/\/losperiodistas.com.mx\/portal\/wp-json\/wp\/v2\/categories?post=3223"},{"taxonomy":"post_tag","embeddable":true,"href":"https:\/\/losperiodistas.com.mx\/portal\/wp-json\/wp\/v2\/tags?post=3223"}],"curies":[{"name":"wp","href":"https:\/\/api.w.org\/{rel}","templated":true}]}}