{"id":32201,"date":"2022-07-15T07:32:51","date_gmt":"2022-07-15T12:32:51","guid":{"rendered":"http:\/\/losperiodistas.com.mx\/portal\/?p=32201"},"modified":"2022-07-15T07:32:53","modified_gmt":"2022-07-15T12:32:53","slug":"donald-trump-confirmo-que-quiere-volver-a-la-casa-blanca-y-solo-piensa-cuando-anunciarlo-la-nacion","status":"publish","type":"post","link":"https:\/\/losperiodistas.com.mx\/portal\/donald-trump-confirmo-que-quiere-volver-a-la-casa-blanca-y-solo-piensa-cuando-anunciarlo-la-nacion\/","title":{"rendered":"Donald Trump confirm\u00f3 que quiere volver a la Casa Blanca y solo piensa cu\u00e1ndo anunciarlo | La Naci\u00f3n"},"content":{"rendered":"\n<p><em>\u201cEn mi mente, ya tom\u00e9 esa decisi\u00f3n\u201d, dijo en una entrevista con la revista New York Magazine; el dilema es si anunciarlo antes o despu\u00e9s de las elecciones legislativas<\/em><\/p>\n\n\n\n<p><\/p>\n\n\n\n<figure class=\"wp-block-image size-large is-style-default\"><img fetchpriority=\"high\" decoding=\"async\" width=\"1024\" height=\"683\" src=\"https:\/\/losperiodistas.com.mx\/portal\/wp-content\/uploads\/2022\/07\/5PEMSXLIU5BTLMYUSACLDU54SY-1024x683.jpg\" alt=\"\" class=\"wp-image-32202\" srcset=\"https:\/\/losperiodistas.com.mx\/portal\/wp-content\/uploads\/2022\/07\/5PEMSXLIU5BTLMYUSACLDU54SY-1024x683.jpg 1024w, https:\/\/losperiodistas.com.mx\/portal\/wp-content\/uploads\/2022\/07\/5PEMSXLIU5BTLMYUSACLDU54SY-300x200.jpg 300w, https:\/\/losperiodistas.com.mx\/portal\/wp-content\/uploads\/2022\/07\/5PEMSXLIU5BTLMYUSACLDU54SY-768x512.jpg 768w, https:\/\/losperiodistas.com.mx\/portal\/wp-content\/uploads\/2022\/07\/5PEMSXLIU5BTLMYUSACLDU54SY.jpg 1200w\" sizes=\"(max-width: 1024px) 100vw, 1024px\" \/><figcaption>Trump ya le apunta de nuevo a la Casa Blanca.<\/figcaption><\/figure>\n\n\n\n<p class=\"has-vivid-cyan-blue-color has-text-color has-medium-font-size\">RAFAEL MATHUS RUIZ \/ Corresponsal \/ LA NACI\u00d3N<\/p>\n\n\n\n<p>WASHINGTON.-&nbsp;<strong>Donald Trump ya decidi\u00f3 que ir\u00e1 por la revancha y buscar\u00e1 recuperar la Casa Blanca en 2024.&nbsp;<\/strong>Su \u00fanica duda: si lanzar formalmente su candidatura presidencial antes o despu\u00e9s de las pr\u00f3ximas elecciones legislativas, en noviembre.<\/p>\n\n\n\n<p>\u201cEn mi mente, ya tom\u00e9 esa decisi\u00f3n, as\u00ed que ya nada influye.\u00a0<strong>En mi mente, ya tom\u00e9 esa decisi\u00f3n<\/strong>\u201d, dijo Trump en una entrevista con la periodista Olivia Nuzzi de\u00a0<a href=\"https:\/\/nymag.com\/intelligencer\/article\/donald-trump-2024-decision.html\" target=\"_blank\" rel=\"noreferrer noopener\">la revista\u00a0<em>New York Magazine<\/em><\/a>, en la cual admiti\u00f3 solo un dilema:\u00a0<strong>\u201c\u00bfVoy antes o despu\u00e9s? Esa ser\u00e1 mi gran decisi\u00f3n\u201d,\u00a0<\/strong>indic\u00f3, en referencia a las legislativas.<\/p>\n\n\n\n<p>La entrevista ofreci\u00f3 la primera confirmaci\u00f3n p\u00fablica de que Trump buscar\u00e1 una vez m\u00e1s ganar la presidencia de Estados Unidos. Durante meses, el magnate ha hecho campa\u00f1a por todo el pa\u00eds, respaldando o baj\u00e1ndole el pulgar a candidatos a congresistas o senadores y llevando, a\u00fan, multitudes a sus&nbsp;<em>rallies<\/em>&nbsp;de campa\u00f1a, una clara demostraci\u00f3n de que,&nbsp;<strong>aun con todos sus esc\u00e1ndalos a cuestas, sigue siendo la figura pol\u00edtica m\u00e1s gravitante del Partido Republicano.<\/strong><\/p>\n\n\n\n<p>La nueva candidatura presidencial de Trump era un secreto a voces pr\u00e1cticamente desde que se fue de la Casa Blanca,\u00a0<strong>sin admitir nunca su derrota ante Joe Biden,\u00a0<\/strong>e insistiendo, hasta el d\u00eda de hoy y sin evidencia alguna, que hubo un fraude masivo.<\/p>\n\n\n\n<figure class=\"wp-block-image size-large is-style-default\"><img decoding=\"async\" width=\"1024\" height=\"731\" src=\"https:\/\/losperiodistas.com.mx\/portal\/wp-content\/uploads\/2022\/07\/Captura-de-Pantalla-2022-07-15-a-las-7.30.14-1024x731.jpg\" alt=\"\" class=\"wp-image-32205\" srcset=\"https:\/\/losperiodistas.com.mx\/portal\/wp-content\/uploads\/2022\/07\/Captura-de-Pantalla-2022-07-15-a-las-7.30.14-1024x731.jpg 1024w, https:\/\/losperiodistas.com.mx\/portal\/wp-content\/uploads\/2022\/07\/Captura-de-Pantalla-2022-07-15-a-las-7.30.14-300x214.jpg 300w, https:\/\/losperiodistas.com.mx\/portal\/wp-content\/uploads\/2022\/07\/Captura-de-Pantalla-2022-07-15-a-las-7.30.14-768x548.jpg 768w, https:\/\/losperiodistas.com.mx\/portal\/wp-content\/uploads\/2022\/07\/Captura-de-Pantalla-2022-07-15-a-las-7.30.14.jpg 1476w\" sizes=\"(max-width: 1024px) 100vw, 1024px\" \/><\/figure>\n\n\n\n<p>En la entrevista con&nbsp;<em>New York Magazine,<\/em>&nbsp;Trump se mostr\u00f3 ampliamente confiado en que, una vez que lance su nueva campa\u00f1a presidencial,&nbsp;<strong>nada impedir\u00e1 su retorno al poder.&nbsp;<\/strong>Pero a diferencia de 2016, Trump ahora compite con un historial y varios lastres:&nbsp;<strong>la investigaci\u00f3n en el Congreso sobre&nbsp;<\/strong><a href=\"https:\/\/www.lanacion.com.ar\/el-mundo\/donald-trump-intento-manejar-su-limusina-al-capitolio-para-liderar-a-los-atacantes-del-congreso-nid28062022\/\"><strong>el ataque al Capitolio<\/strong><\/a><strong>&nbsp;<\/strong>el 6 de enero de 2021 lo ha comprometido, y es blanco de&nbsp;<strong>investigaciones judiciales en Manhattan, Washington y el estado de Nueva York.<\/strong><\/p>\n\n\n\n<p>As\u00ed y todo,&nbsp;<strong>las encuestas le brindan una ampl\u00edsima ventaja en una hipot\u00e9tica primaria presidencial,&nbsp;<\/strong>aunque todav\u00eda falta un a\u00f1o y medio para el caucus de Iowa, a fines de enero, que marcar\u00e1 el inicio de las internas en Estados Unidos. Con todo,&nbsp;<strong>Trump cosecha hoy un respaldo en las encuestas del 53%,&nbsp;<\/strong>seg\u00fan el promedio de&nbsp;<em>RealClearPolitics<\/em>, m\u00e1s de 30 puntos por delante de qui\u00e9n aparece como su principal rival, el gobernador de Florida,&nbsp;<strong>Ron DeSantis.<\/strong><\/p>\n\n\n\n<p>Adem\u00e1s del respaldo entre los republicanos,&nbsp;<strong>otros sondeos indican que si Trump y el presidente, Joe Biden, compitieran hoy por la presidencia, el magnate se impondr\u00eda por un margen estrecho o la pelea ser\u00eda al menos mucho m\u00e1s re\u00f1ida que hace dos a\u00f1os,&nbsp;<\/strong>un claro indicativo del s\u00f3lido respaldo que tiene Trump entre sus fieles seguidores, y tambi\u00e9n del muy mal momento que est\u00e1 atravesando Biden en la Casa Blanca.<\/p>\n\n\n\n<figure class=\"wp-block-image is-style-default\"><img decoding=\"async\" src=\"https:\/\/resizer.glanacion.com\/resizer\/BoguXAT2Fm79q2WUKJVIrlEQsUM=\/310x0\/filters:format(webp):quality(80)\/cloudfront-us-east-1.images.arcpublishing.com\/lanacionar\/OBTNENGPIREJ7GH6E634ZVHF3U.jpg\" alt=\"Trump frente a Biden, en un debate presidencial en 2020\"\/><figcaption>Trump frente a Biden, en un debate presidencial en 2020SAUL LOEB \/ AFP &#8211; Reuters<\/figcaption><\/figure>\n\n\n\n<p>El respaldo a la gesti\u00f3n de Biden ha ca\u00eddo debajo del 39%, el nivel m\u00e1s bajo de toda su presidencia e incluso m\u00e1s bajo del que ten\u00eda Trump a la misma altura de su mandato. Ante esa realidad y el escenario latente de una candidatura de Trump,&nbsp;<strong>Biden se enfrenta a una&nbsp;<\/strong><a href=\"https:\/\/www.lanacion.com.ar\/estados-unidos\/biden-se-cae-y-los-democratas-empiezan-a-medir-a-otros-candidatos-para-2024-nid11072022\/\"><strong>creciente presi\u00f3n<\/strong><\/a><strong>&nbsp;para dar un paso al costado y dejar que una nueva camada de figuras dem\u00f3cratas intente ocupar su lugar.<\/strong><\/p>\n\n\n\n<p>Ya confirmada la intenci\u00f3n de Trump de volver a competir por la presidencia, las dos \u00fanicas inc\u00f3gnitas son cu\u00e1ndo concretar\u00e1 el anuncio formal y si alguien en el Partido Republicano se atrever\u00e1 a desafiar su liderazgo. La informaci\u00f3n que emana de su esfera de confianza le otorga una&nbsp;<strong>mayor probabilidad a un anuncio antes de las elecciones de medio t\u00e9rmino,&nbsp;<\/strong>aunque el&nbsp;<em>establishment<\/em>&nbsp;republicano presiona para que espere para evitar cualquier ruido en unos comicios en los que esperan recuperar el Congreso.<\/p>\n\n\n\n<p>Y respecto de potenciales rivales, todas las miradas recaen sobre DeSantis, ampliamente visto como el pol\u00edtico con mejores posibilidades de desbancar a Trump. DeSantis no confirm\u00f3 si ser\u00e1 candidato, pero sus \u00faltimos movimientos indican que tiene intenci\u00f3n de serlo. Trump desestim\u00f3 un desaf\u00edo real por parte de DeSantis, aunque dijo que uno de los beneficios de lanzar con anticipaci\u00f3n su candidatura es desalentar a otros a hacerlo.<\/p>\n\n\n\n<p>\u201cHay ciertos activos en anunciar antes \u2013dijo Trump en su entrevista\u2013. Que la gente sepa.\u00a0<strong>Creo que mucha gente ni siquiera competir\u00eda si hiciera eso\u00a0<\/strong>porque, si miras las encuestas, ni siquiera registran. La mayor\u00eda de estas personas. Y creo que en realidad habr\u00eda un re<\/p>\n\n\n\n<p>Fuente: https:\/\/www.lanacion.com.ar\/estados-unidos\/donald-trump-confirmo-que-volver-a-la-casa-blanca-y-solo-piensa-cuando-anunciarlo-nid14072022\/<\/p>\n","protected":false},"excerpt":{"rendered":"<p>\u201cEn mi mente, ya tom\u00e9 esa decisi\u00f3n\u201d, dijo en una entrevista con la revista New York Magazine; el dilema es [&hellip;]<\/p>\n","protected":false},"author":1,"featured_media":32202,"comment_status":"open","ping_status":"open","sticky":false,"template":"","format":"standard","meta":{"site-sidebar-layout":"default","site-content-layout":"","ast-site-content-layout":"default","site-content-style":"default","site-sidebar-style":"default","ast-global-header-display":"","ast-banner-title-visibility":"","ast-main-header-display":"","ast-hfb-above-header-display":"","ast-hfb-below-header-display":"","ast-hfb-mobile-header-display":"","site-post-title":"","ast-breadcrumbs-content":"","ast-featured-img":"","footer-sml-layout":"","theme-transparent-header-meta":"","adv-header-id-meta":"","stick-header-meta":"","header-above-stick-meta":"","header-main-stick-meta":"","header-below-stick-meta":"","astra-migrate-meta-layouts":"default","ast-page-background-enabled":"default","ast-page-background-meta":{"desktop":{"background-color":"var(--ast-global-color-4)","background-image":"","background-repeat":"repeat","background-position":"center center","background-size":"auto","background-attachment":"scroll","background-type":"","background-media":"","overlay-type":"","overlay-color":"","overlay-opacity":"","overlay-gradient":""},"tablet":{"background-color":"","background-image":"","background-repeat":"repeat","background-position":"center center","background-size":"auto","background-attachment":"scroll","background-type":"","background-media":"","overlay-type":"","overlay-color":"","overlay-opacity":"","overlay-gradient":""},"mobile":{"background-color":"","background-image":"","background-repeat":"repeat","background-position":"center center","background-size":"auto","background-attachment":"scroll","background-type":"","background-media":"","overlay-type":"","overlay-color":"","overlay-opacity":"","overlay-gradient":""}},"ast-content-background-meta":{"desktop":{"background-color":"var(--ast-global-color-5)","background-image":"","background-repeat":"repeat","background-position":"center center","background-size":"auto","background-attachment":"scroll","background-type":"","background-media":"","overlay-type":"","overlay-color":"","overlay-opacity":"","overlay-gradient":""},"tablet":{"background-color":"var(--ast-global-color-5)","background-image":"","background-repeat":"repeat","background-position":"center center","background-size":"auto","background-attachment":"scroll","background-type":"","background-media":"","overlay-type":"","overlay-color":"","overlay-opacity":"","overlay-gradient":""},"mobile":{"background-color":"var(--ast-global-color-5)","background-image":"","background-repeat":"repeat","background-position":"center center","background-size":"auto","background-attachment":"scroll","background-type":"","background-media":"","overlay-type":"","overlay-color":"","overlay-opacity":"","overlay-gradient":""}},"footnotes":""},"categories":[8],"tags":[5257,11401],"class_list":["post-32201","post","type-post","status-publish","format-standard","has-post-thumbnail","hentry","category-noticias","tag-donald-trump","tag-elecciones-eeuu"],"_links":{"self":[{"href":"https:\/\/losperiodistas.com.mx\/portal\/wp-json\/wp\/v2\/posts\/32201","targetHints":{"allow":["GET"]}}],"collection":[{"href":"https:\/\/losperiodistas.com.mx\/portal\/wp-json\/wp\/v2\/posts"}],"about":[{"href":"https:\/\/losperiodistas.com.mx\/portal\/wp-json\/wp\/v2\/types\/post"}],"author":[{"embeddable":true,"href":"https:\/\/losperiodistas.com.mx\/portal\/wp-json\/wp\/v2\/users\/1"}],"replies":[{"embeddable":true,"href":"https:\/\/losperiodistas.com.mx\/portal\/wp-json\/wp\/v2\/comments?post=32201"}],"version-history":[{"count":1,"href":"https:\/\/losperiodistas.com.mx\/portal\/wp-json\/wp\/v2\/posts\/32201\/revisions"}],"predecessor-version":[{"id":32206,"href":"https:\/\/losperiodistas.com.mx\/portal\/wp-json\/wp\/v2\/posts\/32201\/revisions\/32206"}],"wp:featuredmedia":[{"embeddable":true,"href":"https:\/\/losperiodistas.com.mx\/portal\/wp-json\/wp\/v2\/media\/32202"}],"wp:attachment":[{"href":"https:\/\/losperiodistas.com.mx\/portal\/wp-json\/wp\/v2\/media?parent=32201"}],"wp:term":[{"taxonomy":"category","embeddable":true,"href":"https:\/\/losperiodistas.com.mx\/portal\/wp-json\/wp\/v2\/categories?post=32201"},{"taxonomy":"post_tag","embeddable":true,"href":"https:\/\/losperiodistas.com.mx\/portal\/wp-json\/wp\/v2\/tags?post=32201"}],"curies":[{"name":"wp","href":"https:\/\/api.w.org\/{rel}","templated":true}]}}