{"id":32195,"date":"2022-07-15T06:40:13","date_gmt":"2022-07-15T11:40:13","guid":{"rendered":"http:\/\/losperiodistas.com.mx\/portal\/?p=32195"},"modified":"2022-07-15T06:40:15","modified_gmt":"2022-07-15T11:40:15","slug":"francisco-reitera-compromiso-de-tolerancia-cero-con-los-abusos-vatican-news","status":"publish","type":"post","link":"https:\/\/losperiodistas.com.mx\/portal\/francisco-reitera-compromiso-de-tolerancia-cero-con-los-abusos-vatican-news\/","title":{"rendered":"Francisco reitera compromiso de tolerancia cero con los abusos | Vatican News"},"content":{"rendered":"\n<p><em>El Papa recibi\u00f3 en audiencia a los participantes en los Cap\u00edtulos Generales de la Orden de la Madre de Dios, de la Orden Basiliana de San Josafat y de la Congregaci\u00f3n de la Misi\u00f3n, a quienes dirigi\u00f3 un extenso discurso en el que, entre otros, abord\u00f3 dos temas de actualidad: la guerra en Ucrania y la lucha contra la pederastia.<\/em><\/p>\n\n\n\n<p><\/p>\n\n\n\n<figure class=\"wp-block-embed is-type-video is-provider-youtube wp-block-embed-youtube wp-embed-aspect-16-9 wp-has-aspect-ratio\"><div class=\"wp-block-embed__wrapper\">\n<iframe title=\"Papa en audiencia con los Cap\u00edtulos Generales de religiosos\" width=\"500\" height=\"281\" src=\"https:\/\/www.youtube.com\/embed\/eNd_IhgWrss?feature=oembed\" frameborder=\"0\" allow=\"accelerometer; autoplay; clipboard-write; encrypted-media; gyroscope; picture-in-picture; web-share\" referrerpolicy=\"strict-origin-when-cross-origin\" allowfullscreen><\/iframe>\n<\/div><\/figure>\n\n\n\n<p><\/p>\n\n\n\n<p class=\"has-vivid-cyan-blue-color has-text-color has-medium-font-size\">VATICAN NEWS<\/p>\n\n\n\n<p>Romper el \u201cayuno\u201d de julio (<em>ndr: por las habituales vacaciones de verano<\/em>): esto fue lo que hizo el Obispo de Roma en la ma\u00f1ana del jueves 14 de julio, como lo dijo \u00e9l mismo, para encontrarse con los participantes en los Cap\u00edtulos Generales de tres congregaciones religiosas en la Sala Clementina del Palacio Apost\u00f3lico. Se trata de Orden de la Madre de Dios, la Orden Basiliana de San Josafat y la Congregaci\u00f3n de la Misi\u00f3n.<\/p>\n\n\n\n<p>Francisco devolvi\u00f3 los saludos de los tres superiores y les agradeci\u00f3 la presentaci\u00f3n de las trayectorias y perspectivas de sus respectivos Institutos. \u201cTambi\u00e9n yo deseo, en primer lugar, expresarles la gratitud de la Iglesia por el testimonio que dan como personas consagradas y por la actividad apost\u00f3lica que desarrollan all\u00ed donde est\u00e1n presentes\u201d, les manifest\u00f3.<\/p>\n\n\n\n<p>Luego, record\u00f3 que, en estos d\u00edas, las tres familias religiosas se dedican a trabajar en el Cap\u00edtulo General. Precis\u00f3 que los cl\u00e9rigos de la Madre de Dios y los sacerdotes de la Misi\u00f3n est\u00e1n llegando al final de estos espacios, mientras que los basilianos \u201cno han hecho m\u00e1s que empezar\u201d, acot\u00f3. El Papa extendi\u00f3 sus mejores deseos a los que han sido elegidos para el servicio del gobierno y se uni\u00f3 a su gratitud por los que han terminado.<\/p>\n\n\n\n<h2 class=\"wp-block-heading\"><strong>El Cap\u00edtulo, tiempo del discernimiento comunitario<\/strong><\/h2>\n\n\n\n<p>Tras el \u201cper\u00edodo de distanciamiento forzado por la pandemia\u201d, as\u00ed lo describi\u00f3 el Pont\u00edfice, consider\u00f3 que \u201cesto tambi\u00e9n deber\u00eda ayudarles a no dar por sentado el hecho de poder encontrarse, de poder mirarse a los ojos y, sobre todo, de poder rezar juntos, escuchar la Palabra juntos y compartir la Eucarist\u00eda\u201d.<\/p>\n\n\n\n<p>Citando un pasaje del Evangelio seg\u00fan San Juan, cap\u00edtulo 15, vers\u00edculo 5 (\u201cYo soy la vid, ustedes los sarmientos. Si no permanecen en m\u00ed, no pueden dar fruto\u201d), Francisco asever\u00f3 que \u201clos miembros del Cap\u00edtulo tienen esta experiencia de primera mano, pero espiritualmente se transmite a todos los hermanos, a toda la familia religiosa, mucho m\u00e1s all\u00e1 de lo que podemos conocer y experimentar\u201d.<\/p>\n\n\n\n<p>Refiri\u00e9ndose a la instancia del Cap\u00edtulo como propicia para el discernimiento, el Sucesor de Pedro sostvo que, \u201ccon la ayuda del Esp\u00edritu Santo, tratamos de ver si hemos sido fieles al carisma y hasta qu\u00e9 punto, en lo que el Esp\u00edritu nos impulsa a seguir adelante y en lo que, en cambio, nos pide que cambiemos\u201d.<\/p>\n\n\n\n<h2 class=\"wp-block-heading\"><strong>La evangelizaci\u00f3n<\/strong><\/h2>\n\n\n\n<p>Francisco tambi\u00e9n aprovech\u00f3 la ocasi\u00f3n para reiterar \u201cel criterio de la evangelizaci\u00f3n\u201d, al que calific\u00f3 como \u201cesencial\u201d en el discernimiento. Explic\u00f3 que, \u201ccuando nos cuestionamos sobre nuestra fidelidad creativa al carisma original, debemos preguntarnos si nuestro modo de interpretarlo y ponerlo en pr\u00e1ctica es \u2018evangelizador\u2019, es decir, si las opciones que hacemos \u2013en cuanto a contenidos, m\u00e9todos, instrumentos, estilo de vida- est\u00e1n orientadas al testimonio y al anuncio del Evangelio\u201d.<\/p>\n\n\n\n<p>Ampliando su reflexi\u00f3n, el Papa aclar\u00f3 que \u201clos carismas, como ense\u00f1a San Pablo, son todos para la edificaci\u00f3n de la Iglesia, y como la Iglesia no es un fin en s\u00ed misma, sino que su finalidad es evangelizar, se deduce que todos los carismas, sin excepci\u00f3n, pueden y deben cooperar en la evangelizaci\u00f3n. Y esto hay que tenerlo bien presente a la hora de discernir\u201d.<\/p>\n\n\n\n<p>Prosigui\u00f3 diciendo que, \u201cteniendo en cuenta este principio, no es necesario detenerse en teor\u00edas abstractas, sino que es mejor aprender de los santos: en su caso, San Juan Leonardi, San Josafat y San Vicente de Pa\u00fal\u201d. En concreto, Francisco se detuvo en el aspecto de su diversidad, pues, seg\u00fan \u00e9l, estos santos muestran lo que significa ser \u201cevangelizadores con el Esp\u00edritu\u201d, es decir, \u201cevangelizadores que rezan y trabajan\u201d.<\/p>\n\n\n\n<p>Retomando el punto 262 de la&nbsp;<em><a href=\"https:\/\/www.vatican.va\/content\/francesco\/es\/apost_exhortations\/documents\/papa-francesco_esortazione-ap_20131124_evangelii-gaudium.html\">Evangelii gaudium<\/a>,&nbsp;<\/em>el Sucesor de Pedro afirm\u00f3 que \u201cdesde el punto de vista de la evangelizaci\u00f3n, no sirven las propuestas m\u00edsticas sin un fuerte compromiso social y misionero, ni los discursos y las pr\u00e1cticas sociales y pastorales sin una espiritualidad que transforme el coraz\u00f3n\u201d.<\/p>\n\n\n\n<h2 class=\"wp-block-heading\"><strong>Por una fraternidad libre y una alegr\u00eda real<\/strong><\/h2>\n\n\n\n<p>A su vez, el Santo Padre habl\u00f3 sobre c\u00f3mo, \u201cen el crisol de las relaciones, donde se tamizan nuestros corazones y donde, con el compromiso de cada uno, puede tomar forma un hermoso testimonio de hermanos\u201d. \u201cNo una cursiler\u00eda, no una concordia de fachada, no una homogeneidad aplanada por la personalidad del superior o de alg\u00fan l\u00edder. No. Una fraternidad libre, con gusto por la diversidad y en busca de una armon\u00eda cada vez m\u00e1s evang\u00e9lica. Como en una orquesta con muchos instrumentos, donde lo esencial no es la habilidad de los solistas, sino la capacidad de cada uno de ellos de escuchar a todos los dem\u00e1s para crear la mejor armon\u00eda posible\u201d, asegur\u00f3.<\/p>\n\n\n\n<p>Seg\u00fan Francisco, \u201cde ah\u00ed viene la alegr\u00eda. Una alegr\u00eda real, no formal, no una sonrisa artificial. La alegr\u00eda de ser de Cristo y estar juntos, con nuestras limitaciones y nuestros pecados\u201d, la alegr\u00eda \u00abde ser perdonados por Dios y de compartir este perd\u00f3n con nuestros hermanos y hermanas\u00bb, \u00abla alegr\u00eda que no se puede ocultar, \u00a1brilla!\u00bb.&nbsp;<\/p>\n\n\n\n<h2 class=\"wp-block-heading\">\u00abToda la Iglesia est\u00e1 cerca de ustedes\u00bb<\/h2>\n\n\n\n<p>Antes de concluir su alocuci\u00f3n con los habituales saludos y la bendici\u00f3n, el Papa Francisco se explay\u00f3 sobre dos cruciales temas de actualidad: extendi\u00f3 un pensamiento especial a los basilianos ucranianos, \u00aben&nbsp;en este momento de dolor, en este momento de martirio de vuestra patria\u00bb.<\/p>\n\n\n\n<p>\u00abMe gustar\u00eda decirles que estoy cerca de ustedes, toda la Iglesia est\u00e1 cerca, todos ustedes. Los acompa\u00f1amos como podemos en su dolor\u00bb, manifest\u00f3 el Pont\u00edfice.<\/p>\n\n\n\n<p>El Papa manifest\u00f3 que a menudo piensa que \u00abuno de los mayores peligros actuales es olvidar el drama de Ucrania\u00bb. \u00abUno se acostumbra, se acostumbra&#8230; y luego no es tan importante y se habla\u00bb. Coment\u00f3 que, en los \u00faltimos d\u00edas, vio en el peri\u00f3dico que las noticias sobre el conflicto estaban en la p\u00e1gina 9: \u00abNo es un problema de inter\u00e9s, no est\u00e1 bien esto, no est\u00e1 bien\u00bb, subray\u00f3.<\/p>\n\n\n\n<p>Por eso, renov\u00f3 su cercan\u00eda con el pueblo ucraniano: \u00abPor eso estamos cerca de ustedes y todos tenemos que mirarlos porque est\u00e1n en el martirio ahora mismo. Est\u00e1n en el martirio. Y les deseo que el Se\u00f1or tenga compasi\u00f3n de ustedes y que de otro modo est\u00e9 cerca de ustedes con la paz y el don de la paz\u00bb.&nbsp;<\/p>\n\n\n\n<h2 class=\"wp-block-heading\">Tolerancia cero con los abusos&nbsp;<\/h2>\n\n\n\n<p>El segundo asunto que el Pont\u00edfice abord\u00f3 fue el flagelo de los abusos a menores cometidos por cl\u00e9rigos. \u00abPor favor, recuerden bien esto: tolerancia cero en los abusos a menores o personas en discapacidad, tolerancia cero. Por favor, no escondan esta realidad. Nosotros somos religiosos, somos sacerdotes para llevar a la gente hacia Jes\u00fas, no para &#8216;comer&#8217; a la gente con nuestra concupiscencia. Y el abusador destruye, &#8216;come&#8217;, al abusado con su concupiscencia. Tolerancia cero\u00bb, enfatiz\u00f3.&nbsp;&nbsp;&nbsp;&nbsp;&nbsp;<\/p>\n\n\n\n<p>Francisco exhort\u00f3 a \u00abno tener verg\u00fcenza de denunciar: &#8216;Este hizo esto, este otro&#8230;'\u00bb, \u00abTe acompa\u00f1o, eres un pecador,&nbsp; \u00abTe acompa\u00f1o, eres un enfermo, pero tengo que proteger a los dem\u00e1s\u00bb, dijo el Papa.<\/p>\n\n\n\n<p>\u00abPor favor, les solicito esto, tolerancia cero. No se resuelve esto con una mudanza (<em>ndr: traslado de comunidad<\/em>): &#8216;Ah, en este continente, lo mando al otro continente&#8230;&#8217; No\u00bb, inst\u00f3 el Pont\u00edfice.<\/p>\n\n\n\n<p>Fuente: https:\/\/www.vaticannews.va\/es\/papa\/news\/2022-07\/francisco-audiencia-participantes-capitulosgenerales.html<\/p>\n","protected":false},"excerpt":{"rendered":"<p>El Papa recibi\u00f3 en audiencia a los participantes en los Cap\u00edtulos Generales de la Orden de la Madre de Dios, [&hellip;]<\/p>\n","protected":false},"author":1,"featured_media":32196,"comment_status":"open","ping_status":"open","sticky":false,"template":"","format":"standard","meta":{"site-sidebar-layout":"default","site-content-layout":"","ast-site-content-layout":"default","site-content-style":"default","site-sidebar-style":"default","ast-global-header-display":"","ast-banner-title-visibility":"","ast-main-header-display":"","ast-hfb-above-header-display":"","ast-hfb-below-header-display":"","ast-hfb-mobile-header-display":"","site-post-title":"","ast-breadcrumbs-content":"","ast-featured-img":"","footer-sml-layout":"","theme-transparent-header-meta":"","adv-header-id-meta":"","stick-header-meta":"","header-above-stick-meta":"","header-main-stick-meta":"","header-below-stick-meta":"","astra-migrate-meta-layouts":"default","ast-page-background-enabled":"default","ast-page-background-meta":{"desktop":{"background-color":"var(--ast-global-color-4)","background-image":"","background-repeat":"repeat","background-position":"center center","background-size":"auto","background-attachment":"scroll","background-type":"","background-media":"","overlay-type":"","overlay-color":"","overlay-opacity":"","overlay-gradient":""},"tablet":{"background-color":"","background-image":"","background-repeat":"repeat","background-position":"center center","background-size":"auto","background-attachment":"scroll","background-type":"","background-media":"","overlay-type":"","overlay-color":"","overlay-opacity":"","overlay-gradient":""},"mobile":{"background-color":"","background-image":"","background-repeat":"repeat","background-position":"center center","background-size":"auto","background-attachment":"scroll","background-type":"","background-media":"","overlay-type":"","overlay-color":"","overlay-opacity":"","overlay-gradient":""}},"ast-content-background-meta":{"desktop":{"background-color":"var(--ast-global-color-5)","background-image":"","background-repeat":"repeat","background-position":"center center","background-size":"auto","background-attachment":"scroll","background-type":"","background-media":"","overlay-type":"","overlay-color":"","overlay-opacity":"","overlay-gradient":""},"tablet":{"background-color":"var(--ast-global-color-5)","background-image":"","background-repeat":"repeat","background-position":"center center","background-size":"auto","background-attachment":"scroll","background-type":"","background-media":"","overlay-type":"","overlay-color":"","overlay-opacity":"","overlay-gradient":""},"mobile":{"background-color":"var(--ast-global-color-5)","background-image":"","background-repeat":"repeat","background-position":"center center","background-size":"auto","background-attachment":"scroll","background-type":"","background-media":"","overlay-type":"","overlay-color":"","overlay-opacity":"","overlay-gradient":""}},"footnotes":""},"categories":[8],"tags":[196,11396],"class_list":["post-32195","post","type-post","status-publish","format-standard","has-post-thumbnail","hentry","category-noticias","tag-papa-francisco","tag-tolerancia-cero-abusos"],"_links":{"self":[{"href":"https:\/\/losperiodistas.com.mx\/portal\/wp-json\/wp\/v2\/posts\/32195","targetHints":{"allow":["GET"]}}],"collection":[{"href":"https:\/\/losperiodistas.com.mx\/portal\/wp-json\/wp\/v2\/posts"}],"about":[{"href":"https:\/\/losperiodistas.com.mx\/portal\/wp-json\/wp\/v2\/types\/post"}],"author":[{"embeddable":true,"href":"https:\/\/losperiodistas.com.mx\/portal\/wp-json\/wp\/v2\/users\/1"}],"replies":[{"embeddable":true,"href":"https:\/\/losperiodistas.com.mx\/portal\/wp-json\/wp\/v2\/comments?post=32195"}],"version-history":[{"count":1,"href":"https:\/\/losperiodistas.com.mx\/portal\/wp-json\/wp\/v2\/posts\/32195\/revisions"}],"predecessor-version":[{"id":32197,"href":"https:\/\/losperiodistas.com.mx\/portal\/wp-json\/wp\/v2\/posts\/32195\/revisions\/32197"}],"wp:featuredmedia":[{"embeddable":true,"href":"https:\/\/losperiodistas.com.mx\/portal\/wp-json\/wp\/v2\/media\/32196"}],"wp:attachment":[{"href":"https:\/\/losperiodistas.com.mx\/portal\/wp-json\/wp\/v2\/media?parent=32195"}],"wp:term":[{"taxonomy":"category","embeddable":true,"href":"https:\/\/losperiodistas.com.mx\/portal\/wp-json\/wp\/v2\/categories?post=32195"},{"taxonomy":"post_tag","embeddable":true,"href":"https:\/\/losperiodistas.com.mx\/portal\/wp-json\/wp\/v2\/tags?post=32195"}],"curies":[{"name":"wp","href":"https:\/\/api.w.org\/{rel}","templated":true}]}}