{"id":32185,"date":"2022-07-15T05:56:22","date_gmt":"2022-07-15T10:56:22","guid":{"rendered":"http:\/\/losperiodistas.com.mx\/portal\/?p=32185"},"modified":"2022-07-15T06:12:19","modified_gmt":"2022-07-15T11:12:19","slug":"yolanda-andrade-la-fotografa-que-retrato-la-movida-mexicana-y-al-colectivo-lgtbiq","status":"publish","type":"post","link":"https:\/\/losperiodistas.com.mx\/portal\/yolanda-andrade-la-fotografa-que-retrato-la-movida-mexicana-y-al-colectivo-lgtbiq\/","title":{"rendered":"Yolanda Andrade, la fot\u00f3grafa que retrat\u00f3 la movida mexicana y al colectivo LGTBIQ+ | P\u00fablico"},"content":{"rendered":"\n<p><em>La mexicana que captura la diversidad, retrat\u00f3 los a\u00f1os de estallido de los movimientos feminista y LGTBIQ+ en su pa\u00eds y, actualmente, presenta su primera muestra fotogr\u00e1fica individual en Madrid.<\/em><\/p>\n\n\n\n<p><\/p>\n\n\n\n<figure class=\"wp-block-image size-full is-style-default\"><img fetchpriority=\"high\" decoding=\"async\" width=\"990\" height=\"660\" src=\"https:\/\/losperiodistas.com.mx\/portal\/wp-content\/uploads\/2022\/07\/62cd89796bd9f.jpeg\" alt=\"\" class=\"wp-image-32188\" srcset=\"https:\/\/losperiodistas.com.mx\/portal\/wp-content\/uploads\/2022\/07\/62cd89796bd9f.jpeg 990w, https:\/\/losperiodistas.com.mx\/portal\/wp-content\/uploads\/2022\/07\/62cd89796bd9f-300x200.jpeg 300w, https:\/\/losperiodistas.com.mx\/portal\/wp-content\/uploads\/2022\/07\/62cd89796bd9f-768x512.jpeg 768w\" sizes=\"(max-width: 990px) 100vw, 990px\" \/><figcaption><br>Imagen de Terry Holiday disponible en la exposici\u00f3n: \u00abTerry Holiday &#8211; Mexico De-generado\u00bb de Yolanda Andrade.&nbsp;<em>\u2014<\/em>&nbsp;<em>Imagen cedida por la artista.<\/em><br><br><\/figcaption><\/figure>\n\n\n\n<p class=\"has-vivid-cyan-blue-color has-text-color has-medium-font-size\">CANDELA BARRO \/ P\u00daBLICO<\/p>\n\n\n\n<p>Yolanda Andrade (Villahermosa, M\u00e9xico, 1950) es un \u00edcono de la fotograf\u00eda mexicana.&nbsp;Su trabajo ha sido expuesto en diversas galer\u00edas a nivel nacional e internacional. Estudi\u00f3 fotograf\u00eda en Rochester en Nueva York entre 1977 y 1979. Y aunque ha obtenido numerosas becas y premios internacionales con las que pudo capturar m\u00faltiples lugares del mundo,&nbsp;<strong>su trabajo m\u00e1s conocido se centra en la cultura popular mexicana, a trav\u00e9s del retrato de los estallidos feminista y LGTBIQ+ en Ciudad de M\u00e9xico, pero tambi\u00e9n del simbolismo de la muerte.&nbsp;<\/strong><\/p>\n\n\n\n<figure class=\"wp-block-embed is-type-video is-provider-dailymotion wp-block-embed-dailymotion\"><div class=\"wp-block-embed__wrapper\">\n<iframe title=\"Yolanda Andrade, la fot\u00f3grafa que retrata la diversidad en M\u00e9xico\" frameborder=\"0\" width=\"500\" height=\"281\" src=\"https:\/\/geo.dailymotion.com\/player.html?video=x8cg2p8&#038;\" allowfullscreen allow=\"autoplay; fullscreen; picture-in-picture; web-share\"><\/iframe>\n<\/div><\/figure>\n\n\n\n<h2 class=\"wp-block-heading\" id=\"m284-2-285\">Nace una fot\u00f3grafa<\/h2>\n\n\n\n<p id=\"m289-3-290\">La fotograf\u00eda le lleg\u00f3 \u00abde manera natural, intuitiva\u00bb y tambi\u00e9n la tem\u00e1tica,&nbsp;<strong>la cultura popular.<\/strong>&nbsp;De ni\u00f1a le\u00eda \u00abmuchas historietas\u00bb y de ah\u00ed surge el germen de un retrato de lo cotidiano, todo alrededor de la gente. Se considera a s\u00ed misma una&nbsp;<strong>\u00abfot\u00f3grafa de la calle\u00bb<\/strong>&nbsp;en el sentido del g\u00e9nero norteamericano&nbsp;<em>street photography<\/em>&nbsp;. Al final es en la calle donde \u00absuceden las expresiones de la gente, sobre todo, de las personas que viven mucho en el ambiente callejero\u00bb.&nbsp;<\/p>\n\n\n\n<figure class=\"wp-block-pullquote\"><blockquote><p>Todo lo aprendi\u00f3 de forma autodidacta \u00ableyendo el instructivo que tra\u00eda la c\u00e1mara\u00bb<\/p><\/blockquote><\/figure>\n\n\n\n<p id=\"m299-5-300\">Empez\u00f3 a trabajar con 15 a\u00f1os y con su primer sueldo se compr\u00f3 una c\u00e1mara, retrataba en anal\u00f3gico y en blanco y negro,<strong>&nbsp;todo lo aprendi\u00f3 de forma autodidacta \u00ableyendo el instructivo que tra\u00eda la c\u00e1mara\u00bb.&nbsp;<\/strong>Al principio ten\u00eda predilecci\u00f3n por el&nbsp;<strong>teatro y el cine<\/strong>, de hecho, empez\u00f3 a estudiar teatro, sin embargo, ella defiende que \u00abhay mucha conexi\u00f3n\u00bb entre estas dos disciplinas y la fotograf\u00eda. En conversaci\u00f3n para este medio, Andrade menciona como referentes a&nbsp;<strong>Garry Winogrand, William Klein o Hellen Levitt,<\/strong>&nbsp;entre otros, todos fot\u00f3grafos estadounidenses, \u00abmis referencias eran los fot\u00f3grafos norteamericanos que el maestro de historia de las fotograf\u00eda nos presentaba\u00bb. Tambi\u00e9n reconoce la influencia de los cuadros de&nbsp;<strong>Edward Hopper<\/strong>, al elegir el encuadre y la disposici\u00f3n, \u00abalguna de mis tomas tienen una estructura visual basada en sus cuadros\u00bb.&nbsp;<\/p>\n\n\n\n<figure class=\"wp-block-image is-style-default\" id=\"m304-6-305\"><a href=\"https:\/\/www.publico.es\/uploads\/2022\/07\/13\/62ce84db5236f.jpeg\"><img decoding=\"async\" src=\"https:\/\/www.publico.es\/files\/article_main\/uploads\/2022\/07\/13\/62ce84db5236f.jpeg\" alt=\"'El beso' (1993), fotograf\u00eda m\u00edtica de Yolanda Andrade capturando el Orgullo LGTBIQ.\"\/><\/a><figcaption>\u00abEl beso\u00bb (1993), fotograf\u00eda m\u00edtica de Yolanda Andrade capturando el Orgullo LGTBIQ.&nbsp;<em>\u2014<\/em>&nbsp;Imagen cedida por la artista.<\/figcaption><\/figure>\n\n\n\n<h2 class=\"wp-block-heading\" id=\"m321-7-322\">El club de los fot\u00f3grafos mexicanos<\/h2>\n\n\n\n<figure class=\"wp-block-image is-style-default\" id=\"m326-8-327\"><a href=\"https:\/\/www.publico.es\/uploads\/2022\/07\/13\/62cea11b1c3ec.jpeg\"><img decoding=\"async\" src=\"https:\/\/www.publico.es\/files\/article_main_vertical\/\/files\/crop\/uploads\/2022\/07\/13\/62cea11b1c3ec.r_1657780100625.186-0-710-790.jpeg\" alt=\"Yolanda Andrade en la entrada de su exposici\u00f3n en la Galer\u00eda Memoria.\"\/><\/a><figcaption>Yolanda Andrade en la entrada de su exposici\u00f3n en la Galer\u00eda Memoria.&nbsp;<em>\u2014<\/em>&nbsp;<em>Imagen cedida por la artista<\/em><\/figcaption><\/figure>\n\n\n\n<p id=\"m343-9-344\">Al volver de estudiar en Rochester y con la influencia de la&nbsp;<em>fotograf\u00eda de calle<\/em>, Yolanda Andrade se meti\u00f3 de lleno en el movimiento fotogr\u00e1fico del 1977 que dio lugar al Primer Coloquio Latinoamericano de Fotograf\u00eda. \u00abExpuse por primera vez de manera colectiva con grandes fot\u00f3grafos, no solo latinoamericanos, de todo el mundo\u00bb.&nbsp;<\/p>\n\n\n\n<p id=\"m348-10-349\">Aquello a\u00fan era un mundo de hombres, las mujeres fot\u00f3grafas mexicanas empezaron a conocerse&nbsp;<em>a posteriori<\/em>. \u00abEl m\u00e1s conocido era Manuel \u00c1lvarez Bravo, mucho menos conocida era su mujer, una fot\u00f3grafa extraordinaria, Lola \u00c1lvarez Bravo. Empezaba a despuntar en aquel momento, por ejemplo, Graciela Iturbide. Era un movimiento revolucionario en ese sentido\u00bb.&nbsp;<\/p>\n\n\n\n<p id=\"m353-11-354\">\u00abNo fue hasta hace poco tiempo que se ha empezado a revelar la gran cantidad de fot\u00f3grafas de la calle que ha habido. Han aparecido, de repente, en los \u00faltimos a\u00f1os. La obra de grandes fot\u00f3grafas de la calle, por mencionar una, Vivian Maier, cuya obra es extraordinaria y me fascina.&nbsp;<strong>Me identifico con ella, con esa visi\u00f3n como un poco marginal, fuera de la norma\u00bb,&nbsp;<\/strong>concluye en su ejercicio de revisi\u00f3n al pasado, Andrade.&nbsp;<\/p>\n\n\n\n<h2 class=\"wp-block-heading\" id=\"m358-12-359\">El retrato a una explosi\u00f3n<\/h2>\n\n\n\n<p id=\"m363-13-364\">Su v\u00ednculo con la cultura popular iba mucho m\u00e1s all\u00e1 con temas como el feminismo y la lucha LGTBIQ+. Andrade se hab\u00eda inmerso en los movimientos, le atra\u00eda el despiece del&nbsp;<em>status quo<\/em>, las cuestiones de g\u00e9nero, la reivindicaci\u00f3n de la mujer. \u00abConoc\u00eda a mujeres que integraban el movimiento feminista en ese momento (1978), y aunque no hice muchas tomas, s\u00ed participaba en los coloquios por los derechos de las mujeres y acud\u00eda a las marchas\u00bb.&nbsp;<\/p>\n\n\n\n<figure class=\"wp-block-pullquote\"><blockquote><p>\u00abLa androginia ha sido importante para m\u00ed, la capacidad de ver el mundo desde la perspectiva masculina y femenina\u00bb<\/p><\/blockquote><\/figure>\n\n\n\n<p id=\"m373-15-374\">Esto influy\u00f3 de lleno en la manera de acercarse y de que las personas que participaban de esos movimientos aceptasen su c\u00e1mara. Consigui\u00f3 captar algunas de las fotograf\u00edas m\u00e1s ic\u00f3nicas del movimiento LGTBIQ+ como, por ejemplo, las obras&nbsp;<em>El beso, Las protestantes&nbsp;<\/em>o<em>&nbsp;Las alas del deseo.&nbsp;<\/em>Se aproximaba con sana curiosidad, movida por la atracci\u00f3n hacia cuestionamientos del g\u00e9nero como lo es la&nbsp;<strong>androginia.&nbsp;<\/strong>\u00abSiempre ha sido muy importante para m\u00ed, la capacidad de ver y abordar el mundo desde la perspectiva femenina y masculina, de que seamos personas con una visi\u00f3n m\u00e1s amplia del mundo\u00bb como lo fue&nbsp;<strong>Virginia Woolf con su Orlando<\/strong>, uno de los libros que acerco a la artista a la cuesti\u00f3n transg\u00e9nero y&nbsp; a la androginia.&nbsp;<\/p>\n\n\n\n<figure class=\"wp-block-image is-style-default\" id=\"m378-16-379\"><a href=\"https:\/\/www.publico.es\/uploads\/2022\/07\/12\/62cd98da991d1.jpeg\"><img decoding=\"async\" src=\"https:\/\/www.publico.es\/files\/article_main\/uploads\/2022\/07\/12\/62cd98da991d1.jpeg\" alt=\"Yolanda Andrade Galer\u00eda\"\/><\/a><figcaption>Vista de la muestra fotogr\u00e1fica en la Galer\u00eda Memoria en Madrid disponible hasta el 25 de julio.&nbsp;<em>\u2014<\/em>&nbsp;<em>Imagen cedida por la galer\u00eda.<\/em><\/figcaption><\/figure>\n\n\n\n<h2 class=\"wp-block-heading\" id=\"m395-17-396\">Terry Holiday y lo trans<\/h2>\n\n\n\n<p id=\"m400-18-401\">Ahora mismo la artista expone en nuestro pa\u00eds en la&nbsp;<a href=\"https:\/\/www.instagram.com\/memoriagaleria\/\"><strong>Galer\u00eda Memoria<\/strong>&nbsp;<\/a>(hasta el 25 de julio) dentro del festival OFF de fotograf\u00eda internacional&nbsp;<a href=\"https:\/\/www.instagram.com\/photoespana_\/\">PHotoESPA\u00d1A<\/a>. La exposici\u00f3n,&nbsp;<em>Yolanda Andrade: Terry Holiday y el M\u00e9xico De-Generado,&nbsp;<\/em>es&nbsp;su primera muestra individual en la capital espa\u00f1ola. En ella, la figura de&nbsp;<strong>Terry Holiday, actriz, vedette y activista&nbsp;<em>queer&nbsp;<\/em>de Ciudad de M\u00e9xico<\/strong>&nbsp;funciona como el hilo conductor para acercarnos a la cuesti\u00f3n del g\u00e9nero y la diversidad durante los inicios del movimiento LGTBIQ+ entre los a\u00f1os 70 y 80, Holiday como hito de la vida nocturna mexicana.&nbsp;<strong>Una retrospectiva que nos conecta directamente a movimientos coet\u00e1neos como la Movida madrile\u00f1a.<\/strong><\/p>\n\n\n\n<p id=\"m405-19-406\">En ella,&nbsp;<strong>cada imagen funciona como un doble aprendizaje,<\/strong>&nbsp;por un lado, nos revela al personaje, una Holiday volcada en la c\u00e1mara, dispuesta al presente pero anunciando el futuro, y por otro,&nbsp;<strong>nos ense\u00f1a el contexto a trav\u00e9s de ella,&nbsp;<\/strong>donde se cuelan la ilusi\u00f3n rupturista y su acompa\u00f1ante fiel, ese ligero recelo, casi \u00edntimo, que la artista rompe con la \u00fanica herramienta posible, la confianza de verse involucrada. \u00abEstudiaba ingl\u00e9s en Luisiana y unos estudiantes fuimos durante el carnaval a ver lo que se llamaba entonces un show de travestismo. All\u00ed fue donde vi por primera vez un show y una orquesta de jazz, desde ese momento<strong>&nbsp;el jazz y el travestismo, el cross-dessing, fueron apasionantes para m\u00ed\u00bb.&nbsp;<\/strong><\/p>\n\n\n\n<figure class=\"wp-block-image is-style-default\" id=\"m410-20-411\"><a href=\"https:\/\/www.publico.es\/uploads\/2022\/07\/13\/62ce9a09f01ba.jpeg\"><img decoding=\"async\" src=\"https:\/\/www.publico.es\/files\/article_main\/\/files\/crop\/uploads\/2022\/07\/13\/62ce9a09f01ba.r_1657780100657.0-100-1200-900.jpeg\" alt=\"Terry Holiday (1980), maestra del show y reconocida figura de la escena nocturna mexicana, retratada por Yolanda Andrade.\"\/><\/a><figcaption>Terry Holiday (1980), maestra del show y reconocida figura de la escena nocturna mexicana, retratada por Yolanda Andrade.&nbsp;<em>\u2014<\/em>&nbsp;<em>Imagen cedida por la artista<\/em><\/figcaption><\/figure>\n\n\n\n<p id=\"m427-21-428\">Andrade conoci\u00f3 a Terry Holiday a partir del artista&nbsp;<strong>Adolfo Pati\u00f1o<\/strong>, ambas estaban conectadas por la efervescencia del arte y de la noche mexicana, \u00abme la present\u00f3 porque sab\u00eda que me atra\u00eda ese mundo\u00bb. Le apasionaba el espect\u00e1culo, la m\u00fasica, la performance. \u00abAdoptaban una vestimenta parecida a la de las estrellas de la canci\u00f3n, como Roc\u00edo Jurado en Espa\u00f1a, digamos, o cualquier otra cantante famosa de M\u00e9xico o de Estados Unidos\u00bb.&nbsp;<\/p>\n\n\n\n<p id=\"m432-22-433\">El inter\u00e9s por el&nbsp;<em>cross-dessing&nbsp;<\/em>(t\u00e9rmino despose\u00eddo de connotaci\u00f3n negativa) ten\u00eda un principio en las bases de teatro de Andrade. Igual que en su fotograf\u00eda es importante la idea de la&nbsp;<strong>m\u00e1scara<\/strong>, el cambiar de identidad de g\u00e9nero a trav\u00e9s de la performatividad, era el mismo paradigma, \u00abuna persona adopta otra personalidad, se transforma de manera voluntaria en alguien, en un otro, en ese otro yo que desea ser\u00bb.&nbsp;<\/p>\n\n\n\n<figure class=\"wp-block-image is-style-default\" id=\"m437-23-438\"><a href=\"https:\/\/www.publico.es\/uploads\/2022\/07\/13\/62ce9ffb5776a.jpeg\"><img decoding=\"async\" src=\"https:\/\/www.publico.es\/files\/article_main_vertical\/uploads\/2022\/07\/13\/62ce9ffb5776a.jpeg\" alt=\"Tetona Mendoza, Ciudad de M\u00e9xico, 1990.\"\/><\/a><figcaption>Tetona Mendoza, Ciudad de M\u00e9xico, 1990. Yolanda Andrade.&nbsp;<em>\u2014<\/em>&nbsp;<em>Imagen cedida por la artista.<\/em><\/figcaption><\/figure>\n\n\n\n<p id=\"m454-24-455\"><strong>Andrade quiere ahora adentrarse en la intimidad m\u00e1s plena<\/strong>&nbsp;y continuar con los proyectos que ya ten\u00eda sobre la mesa. \u00abCon la pandemia no he podido salir a grandes manifestaciones pero tengo mucho inter\u00e9s en continuar trabajando con Holiday y otras mujeres trans que est\u00e9n a su alrededor pero desde sus espacios personales\u00bb&nbsp;<\/p>\n\n\n\n<p>Fuente: https:\/\/www.publico.es\/culturas\/yolanda-andrade-fotografa-retrato-movida-mexicana-colectivo-lgtbiq.html#analytics-seccion:listado<\/p>\n","protected":false},"excerpt":{"rendered":"<p>La mexicana que captura la diversidad, retrat\u00f3 los a\u00f1os de estallido de los movimientos feminista y LGTBIQ+ en su pa\u00eds [&hellip;]<\/p>\n","protected":false},"author":1,"featured_media":32188,"comment_status":"open","ping_status":"open","sticky":false,"template":"","format":"standard","meta":{"site-sidebar-layout":"default","site-content-layout":"","ast-site-content-layout":"default","site-content-style":"default","site-sidebar-style":"default","ast-global-header-display":"","ast-banner-title-visibility":"","ast-main-header-display":"","ast-hfb-above-header-display":"","ast-hfb-below-header-display":"","ast-hfb-mobile-header-display":"","site-post-title":"","ast-breadcrumbs-content":"","ast-featured-img":"","footer-sml-layout":"","theme-transparent-header-meta":"","adv-header-id-meta":"","stick-header-meta":"","header-above-stick-meta":"","header-main-stick-meta":"","header-below-stick-meta":"","astra-migrate-meta-layouts":"default","ast-page-background-enabled":"default","ast-page-background-meta":{"desktop":{"background-color":"var(--ast-global-color-4)","background-image":"","background-repeat":"repeat","background-position":"center center","background-size":"auto","background-attachment":"scroll","background-type":"","background-media":"","overlay-type":"","overlay-color":"","overlay-opacity":"","overlay-gradient":""},"tablet":{"background-color":"","background-image":"","background-repeat":"repeat","background-position":"center center","background-size":"auto","background-attachment":"scroll","background-type":"","background-media":"","overlay-type":"","overlay-color":"","overlay-opacity":"","overlay-gradient":""},"mobile":{"background-color":"","background-image":"","background-repeat":"repeat","background-position":"center center","background-size":"auto","background-attachment":"scroll","background-type":"","background-media":"","overlay-type":"","overlay-color":"","overlay-opacity":"","overlay-gradient":""}},"ast-content-background-meta":{"desktop":{"background-color":"var(--ast-global-color-5)","background-image":"","background-repeat":"repeat","background-position":"center center","background-size":"auto","background-attachment":"scroll","background-type":"","background-media":"","overlay-type":"","overlay-color":"","overlay-opacity":"","overlay-gradient":""},"tablet":{"background-color":"var(--ast-global-color-5)","background-image":"","background-repeat":"repeat","background-position":"center center","background-size":"auto","background-attachment":"scroll","background-type":"","background-media":"","overlay-type":"","overlay-color":"","overlay-opacity":"","overlay-gradient":""},"mobile":{"background-color":"var(--ast-global-color-5)","background-image":"","background-repeat":"repeat","background-position":"center center","background-size":"auto","background-attachment":"scroll","background-type":"","background-media":"","overlay-type":"","overlay-color":"","overlay-opacity":"","overlay-gradient":""}},"footnotes":""},"categories":[8],"tags":[11393,11395,11394,11392],"class_list":["post-32185","post","type-post","status-publish","format-standard","has-post-thumbnail","hentry","category-noticias","tag-lgtbiq","tag-mexico-de-generado","tag-terry-holiday","tag-yolanda-andrade-fotografa"],"_links":{"self":[{"href":"https:\/\/losperiodistas.com.mx\/portal\/wp-json\/wp\/v2\/posts\/32185","targetHints":{"allow":["GET"]}}],"collection":[{"href":"https:\/\/losperiodistas.com.mx\/portal\/wp-json\/wp\/v2\/posts"}],"about":[{"href":"https:\/\/losperiodistas.com.mx\/portal\/wp-json\/wp\/v2\/types\/post"}],"author":[{"embeddable":true,"href":"https:\/\/losperiodistas.com.mx\/portal\/wp-json\/wp\/v2\/users\/1"}],"replies":[{"embeddable":true,"href":"https:\/\/losperiodistas.com.mx\/portal\/wp-json\/wp\/v2\/comments?post=32185"}],"version-history":[{"count":3,"href":"https:\/\/losperiodistas.com.mx\/portal\/wp-json\/wp\/v2\/posts\/32185\/revisions"}],"predecessor-version":[{"id":32192,"href":"https:\/\/losperiodistas.com.mx\/portal\/wp-json\/wp\/v2\/posts\/32185\/revisions\/32192"}],"wp:featuredmedia":[{"embeddable":true,"href":"https:\/\/losperiodistas.com.mx\/portal\/wp-json\/wp\/v2\/media\/32188"}],"wp:attachment":[{"href":"https:\/\/losperiodistas.com.mx\/portal\/wp-json\/wp\/v2\/media?parent=32185"}],"wp:term":[{"taxonomy":"category","embeddable":true,"href":"https:\/\/losperiodistas.com.mx\/portal\/wp-json\/wp\/v2\/categories?post=32185"},{"taxonomy":"post_tag","embeddable":true,"href":"https:\/\/losperiodistas.com.mx\/portal\/wp-json\/wp\/v2\/tags?post=32185"}],"curies":[{"name":"wp","href":"https:\/\/api.w.org\/{rel}","templated":true}]}}