{"id":32180,"date":"2022-07-15T05:22:58","date_gmt":"2022-07-15T10:22:58","guid":{"rendered":"http:\/\/losperiodistas.com.mx\/portal\/?p=32180"},"modified":"2022-07-15T05:23:00","modified_gmt":"2022-07-15T10:23:00","slug":"el-encierro-de-la-villavesa-la-traca-final-de-san-fermin-2022-noticias-de-navarra","status":"publish","type":"post","link":"https:\/\/losperiodistas.com.mx\/portal\/el-encierro-de-la-villavesa-la-traca-final-de-san-fermin-2022-noticias-de-navarra\/","title":{"rendered":"El encierro de la villavesa, la traca final de San Ferm\u00edn 2022 | Noticias de Navarra"},"content":{"rendered":"\n<figure class=\"wp-block-image size-large is-style-default\"><img fetchpriority=\"high\" decoding=\"async\" width=\"1024\" height=\"576\" src=\"https:\/\/losperiodistas.com.mx\/portal\/wp-content\/uploads\/2022\/07\/583221e9-7090-406c-b9e1-b8090840f2ba_16-9-discover-aspect-ratio_default_0-1024x576.jpeg\" alt=\"\" class=\"wp-image-32181\" srcset=\"https:\/\/losperiodistas.com.mx\/portal\/wp-content\/uploads\/2022\/07\/583221e9-7090-406c-b9e1-b8090840f2ba_16-9-discover-aspect-ratio_default_0-1024x576.jpeg 1024w, https:\/\/losperiodistas.com.mx\/portal\/wp-content\/uploads\/2022\/07\/583221e9-7090-406c-b9e1-b8090840f2ba_16-9-discover-aspect-ratio_default_0-300x169.jpeg 300w, https:\/\/losperiodistas.com.mx\/portal\/wp-content\/uploads\/2022\/07\/583221e9-7090-406c-b9e1-b8090840f2ba_16-9-discover-aspect-ratio_default_0-768x432.jpeg 768w, https:\/\/losperiodistas.com.mx\/portal\/wp-content\/uploads\/2022\/07\/583221e9-7090-406c-b9e1-b8090840f2ba_16-9-discover-aspect-ratio_default_0.jpeg 1200w\" sizes=\"(max-width: 1024px) 100vw, 1024px\" \/><figcaption><em>Encierro de la villavesa y los \u00faltimos coletazos de San Ferm\u00edn 2022<\/em>\u00a0PATXI CASCANTE<\/figcaption><\/figure>\n\n\n\n<p class=\"has-vivid-cyan-blue-color has-text-color has-medium-font-size\">JORGE URD\u00c1NUZ GANUZA \/ NOTICIAS DE NAVARRA<\/p>\n\n\n\n<p>El conocido popularmente como&nbsp;<strong>encierro de la villavesa<\/strong>&nbsp;viene sucedi\u00e9ndose sin interrupci\u00f3n desde hace ya muchos, muchos a\u00f1os. Tras un par\u00e9ntesis de dos a\u00f1os por la pandemia, este viernes 15 de julio ha vuelto a poner el broche festivo a unos&nbsp;<strong>Sanfermines&nbsp;<\/strong>para el recuerdo.<\/p>\n\n\n\n<p>Tras cantar a su particular San Ferm\u00edn en la hornacina, ha comenzado la carrera con un \u00ab<strong>Indurain<\/strong>\u00bb con m\u00e1s kilos y una bicicleta a\u00f1osa para completar el recorrido desde los corrales de Santo Domingo hasta la plaza de toros con un ambiente festivo. La carrera,\u00a0<strong>multitudinaria<\/strong>, se ha saldado sin heridos por asta y las consecuencias se reducen a alg\u00fan que otro mareo y malestar general tras toda una noche de juerga.<\/p>\n\n\n\n<p>El tr\u00e1fico de la Cuesta de Labrit con calle Amaya y calle Cortes de Navarra se ha reabierto pasadas las 08:30 tras cerrarse a la hora del encierro, aunque a las 9 todav\u00eda quedaban fiesteras y festeros apurando los \u00faltimos tragos:<\/p>\n\n\n\n<figure class=\"wp-block-embed is-type-rich is-provider-twitter wp-block-embed-twitter\"><div class=\"wp-block-embed__wrapper\">\n<blockquote class=\"twitter-tweet\" data-width=\"500\" data-dnt=\"true\"><p lang=\"eu\" dir=\"ltr\">Ezin falta DJ REIMY entzierroan! <a href=\"https:\/\/t.co\/t0xeKebnms\">pic.twitter.com\/t0xeKebnms<\/a><\/p>&mdash; Haritz Pascual Garjon (@haritzpg) <a href=\"https:\/\/twitter.com\/haritzpg\/status\/1547825408174764035?ref_src=twsrc%5Etfw\">July 15, 2022<\/a><\/blockquote><script async src=\"https:\/\/platform.twitter.com\/widgets.js\" charset=\"utf-8\"><\/script>\n<\/div><\/figure>\n\n\n\n<h2 class=\"wp-block-heading\">La historia<\/h2>\n\n\n\n<p>Aunque hay quienes, bas\u00e1ndose en unas fugaces im\u00e1genes del No-do del 16 de julio de 1962, retrotraen su nacimiento hasta ese a\u00f1o, la hip\u00f3tesis carece de demasiada consistencia. Lo que ah\u00ed se ve es a hombres, mujeres y ni\u00f1os bailando alegres por la calle Chapitela con una villavesa, es cierto, detr\u00e1s. Pero eso no significa nada m\u00e1s all\u00e1 de que, por aquel entonces, las villavesas segu\u00edan haciendo con normalidad su recorrido incluso en San Ferm\u00edn, algo impensable hoy. Ah\u00ed vemos fiesta, s\u00ed, pero no encierro. Todo indica que, como afirman los entendidos en estas lides,&nbsp;<strong>el a\u00f1o fundacional fue 1986<\/strong>.<\/p>\n\n\n\n<p><a href=\"https:\/\/twitter.com\/haritzpg\/status\/1547825408174764035?ref_src=twsrc%5Etfw\">En&nbsp;<\/a><a href=\"https:\/\/www.facebook.com\/watch\/?v=983731618464104\" rel=\"noreferrer noopener\" target=\"_blank\">Facebook&nbsp;<\/a>podemos encontrar, de hecho, un magn\u00edfico v\u00eddeo de la carrera de 1988, editado nada menos que por TVE1, que al parecer realiz\u00f3 todo un despliegue informativo ese a\u00f1o, colocando incluso un c\u00e1mara en el interior de la villavesa. Porque, como es harto sabido, el nombre del encierro viene del hecho de que durante los primeros a\u00f1os del mismo la l\u00ednea 6, que por aquel entonces sub\u00eda por la cuesta de Santo Domingo, fue utilizada a modo de improvisado sustituto de los toros. Los corredores, por su parte, no eran ni los habituales divinos ni los valerosos mozos que se juegan el tipo delante de los astados, sino un inclasificable y peculiar grupo de juerguistas, tarambanas y calaveras que se negaban y se niegan a asumir que todo esto acaba el 14 a medianoche con el Pobre de M\u00ed. Ellos y ellas quieren m\u00e1s.&nbsp;En alg\u00fan momento de los 90, y sin duda con buen criterio, el Ayuntamiento cancel\u00f3 el recorrido de la l\u00ednea durante la fat\u00eddica hora de las 8 de la ma\u00f1ana. Pero eso no fue obst\u00e1culo para que la tradici\u00f3n popular, ya muy arraigada entre los incondicionales de la noche del 14, perdurara por sus propios medios.<\/p>\n\n\n\n<p>En 1995 \u00f3 1996 los expertos discrepan en este punto hizo su aparici\u00f3n estelar&nbsp;<strong>un mozo disfrazado de Indur\u00e1in<\/strong>. Eran los a\u00f1os de gloria del ciclista, una figura de renombre mundial entonces por sus apabullantes \u00e9xitos en el Tour de Francia. Un gigante, adem\u00e1s, nacido en Villava, la localidad que da el nombre a los autobuses de Pamplona y, a la postre, claro, al propio encierro de la villavesa.&nbsp;El caso es que, enfundado en el inconfundible maillot amarillo y armado con la m\u00edtica Espada la bicicleta m\u00e1s famosa del mundo, con la que Indur\u00e1in bati\u00f3 en 1994 el r\u00e9cord de la hora, aquel mozo sustituy\u00f3 a la villavesa, haciendo las veces de esforzado astado.<\/p>\n\n\n\n<p>El gent\u00edo lo recibi\u00f3 como a lo que sin duda era, un h\u00e9roe del cachondeo, de la fiesta y del buen humor. Y as\u00ed, junto a otros espont\u00e1neos igualmente iluminados por la audacia de lo jovial, entre los que destac\u00f3 muchos a\u00f1os&nbsp;<strong>un mono Charlie<\/strong>, ha sobrevivido el encierro hasta hoy. Porque, de modo casi prodigioso, aquel mozo sigue hasta hoy mismo acudiendo a su particular cita con San Ferm\u00edn.<\/p>\n\n\n\n<p>En 2019 corri\u00f3 su vigesimotercer o vigesimocuarto encierro. Desde Santo Domingo con cohete, adoraci\u00f3n al santo (ejem) y c\u00e1nticos incluidos hasta el callej\u00f3n, m\u00e1s de veinte a\u00f1os haciendo posible la continuaci\u00f3n del jolgorio. Se dice pronto. Hay que llevar la fiesta muy muy dentro para hacer algo as\u00ed, y la palabra \u00abpasi\u00f3n\u00bb, que Hemingway conoc\u00eda tan bien, tiene sin duda todo que ver. Porque, para cualquiera que lo haya vivido, ese encierro es la fiesta en estado puro. Un maravilloso sarao alcoh\u00f3lico sin sentido alguno, surgido solo por y para la risa y la parranda. Algo que, desde las Dionisias de la antigua Grecia hasta cualquier festival multitudinario de rock, habita en el coraz\u00f3n de la fiesta, porque toda fiesta es siempre un espacio de interrupci\u00f3n de lo cotidiano, un momento en el tiempo en el que las reglas y la sensatez quedan de lado y aparece lo inesperado, lo ins\u00f3lito, lo extravagante.<\/p>\n\n\n\n<figure class=\"wp-block-embed is-type-video is-provider-youtube wp-block-embed-youtube wp-embed-aspect-16-9 wp-has-aspect-ratio\"><div class=\"wp-block-embed__wrapper\">\n<iframe title=\"#Sanferminak2019 Encierro de la Villavesa r\u00e1pido y sin incidencias ni heridos\" width=\"500\" height=\"281\" src=\"https:\/\/www.youtube.com\/embed\/-t4TGPOeNcM?feature=oembed\" frameborder=\"0\" allow=\"accelerometer; autoplay; clipboard-write; encrypted-media; gyroscope; picture-in-picture; web-share\" referrerpolicy=\"strict-origin-when-cross-origin\" allowfullscreen><\/iframe>\n<\/div><\/figure>\n\n\n\n<p><\/p>\n\n\n\n<p>El encierro de la villavesa atrapa ese momento an\u00e1rquico, inclasificable y entusiasta que se resiste a ser encauzado de acuerdo a los dictados de la raz\u00f3n. Todos los Sanfermines respiran algo de ese esp\u00edritu. Tambi\u00e9n de otros esp\u00edritus, por descontado, pero el \u00faltimo encierro es la expresi\u00f3n m\u00e1s acabada de esa vivencia de lo irracional y lo instintivo que acompa\u00f1a siempre a lo festivo. Hace algunos a\u00f1os se intent\u00f3, desde el Ayuntamiento de UPN, acabar&nbsp;<em>manu policiali&nbsp;<\/em>con el encierro de la villavesa. Mala idea.<\/p>\n\n\n\n<p>La cosa no va m\u00e1s all\u00e1 de una continuaci\u00f3n de las fiestas por otros medios durante media hora escasa. Es solo juerga, y mandar a la Polic\u00eda Nacional a disolver a los j\u00f3venes pamploneses a pelotazos no parece la medida ni m\u00e1s respetuosa ni m\u00e1s inteligente del mundo. La izquierda abertzale intent\u00f3, por su parte, como intenta con todas las expresiones populares, apropiarse del movimiento. No se lo permitieron. A los portentosos juerguistas que est\u00e1n al mando de la cosa, que son todos los que van, toda esa clase de politiqueos de sal\u00f3n barato les resbalan maravillosamente. Solo hay que verlos en acci\u00f3n durante su descacharrante recorrido para comprender que est\u00e1n demasiado por debajo de todo eso, que es la manera m\u00e1s radical de estar por encima. Lo mejor es sin duda que el encierro de la villavesa contin\u00fae como naci\u00f3:&nbsp;<strong>libre, inclasificable y divertid\u00edsimo<\/strong>. Y que el capote de Indur\u00e1in los proteja muchos a\u00f1os.<\/p>\n\n\n\n<p>(<em>*) El autor es profesor de Filosof\u00eda del Derecho de la Universidad P\u00fablica de Navarra<\/em><\/p>\n\n\n\n<figure class=\"wp-block-embed is-type-video is-provider-youtube wp-block-embed-youtube wp-embed-aspect-16-9 wp-has-aspect-ratio\"><div class=\"wp-block-embed__wrapper\">\n<iframe title=\"Cierre popular a los Sanfermines frente al modelo festivo excluyente impuesto por Navarra Suma\" width=\"500\" height=\"281\" src=\"https:\/\/www.youtube.com\/embed\/40sAb4T34So?feature=oembed\" frameborder=\"0\" allow=\"accelerometer; autoplay; clipboard-write; encrypted-media; gyroscope; picture-in-picture; web-share\" referrerpolicy=\"strict-origin-when-cross-origin\" allowfullscreen><\/iframe>\n<\/div><\/figure>\n\n\n\n<p><\/p>\n\n\n\n<p>Fuente: https:\/\/www.noticiasdenavarra.com\/san-fermin\/2022\/07\/15\/encierro-villavesa-traca-final-san-5817849.html<\/p>\n","protected":false},"excerpt":{"rendered":"<p>JORGE URD\u00c1NUZ GANUZA \/ NOTICIAS DE NAVARRA El conocido popularmente como&nbsp;encierro de la villavesa&nbsp;viene sucedi\u00e9ndose sin interrupci\u00f3n desde hace ya [&hellip;]<\/p>\n","protected":false},"author":1,"featured_media":32181,"comment_status":"open","ping_status":"open","sticky":false,"template":"","format":"standard","meta":{"site-sidebar-layout":"default","site-content-layout":"","ast-site-content-layout":"default","site-content-style":"default","site-sidebar-style":"default","ast-global-header-display":"","ast-banner-title-visibility":"","ast-main-header-display":"","ast-hfb-above-header-display":"","ast-hfb-below-header-display":"","ast-hfb-mobile-header-display":"","site-post-title":"","ast-breadcrumbs-content":"","ast-featured-img":"","footer-sml-layout":"","theme-transparent-header-meta":"","adv-header-id-meta":"","stick-header-meta":"","header-above-stick-meta":"","header-main-stick-meta":"","header-below-stick-meta":"","astra-migrate-meta-layouts":"default","ast-page-background-enabled":"default","ast-page-background-meta":{"desktop":{"background-color":"var(--ast-global-color-4)","background-image":"","background-repeat":"repeat","background-position":"center center","background-size":"auto","background-attachment":"scroll","background-type":"","background-media":"","overlay-type":"","overlay-color":"","overlay-opacity":"","overlay-gradient":""},"tablet":{"background-color":"","background-image":"","background-repeat":"repeat","background-position":"center center","background-size":"auto","background-attachment":"scroll","background-type":"","background-media":"","overlay-type":"","overlay-color":"","overlay-opacity":"","overlay-gradient":""},"mobile":{"background-color":"","background-image":"","background-repeat":"repeat","background-position":"center center","background-size":"auto","background-attachment":"scroll","background-type":"","background-media":"","overlay-type":"","overlay-color":"","overlay-opacity":"","overlay-gradient":""}},"ast-content-background-meta":{"desktop":{"background-color":"var(--ast-global-color-5)","background-image":"","background-repeat":"repeat","background-position":"center center","background-size":"auto","background-attachment":"scroll","background-type":"","background-media":"","overlay-type":"","overlay-color":"","overlay-opacity":"","overlay-gradient":""},"tablet":{"background-color":"var(--ast-global-color-5)","background-image":"","background-repeat":"repeat","background-position":"center center","background-size":"auto","background-attachment":"scroll","background-type":"","background-media":"","overlay-type":"","overlay-color":"","overlay-opacity":"","overlay-gradient":""},"mobile":{"background-color":"var(--ast-global-color-5)","background-image":"","background-repeat":"repeat","background-position":"center center","background-size":"auto","background-attachment":"scroll","background-type":"","background-media":"","overlay-type":"","overlay-color":"","overlay-opacity":"","overlay-gradient":""}},"footnotes":""},"categories":[8],"tags":[11391,11190],"class_list":["post-32180","post","type-post","status-publish","format-standard","has-post-thumbnail","hentry","category-noticias","tag-encierra-de-la-villavesa","tag-sanfermines-2022"],"_links":{"self":[{"href":"https:\/\/losperiodistas.com.mx\/portal\/wp-json\/wp\/v2\/posts\/32180","targetHints":{"allow":["GET"]}}],"collection":[{"href":"https:\/\/losperiodistas.com.mx\/portal\/wp-json\/wp\/v2\/posts"}],"about":[{"href":"https:\/\/losperiodistas.com.mx\/portal\/wp-json\/wp\/v2\/types\/post"}],"author":[{"embeddable":true,"href":"https:\/\/losperiodistas.com.mx\/portal\/wp-json\/wp\/v2\/users\/1"}],"replies":[{"embeddable":true,"href":"https:\/\/losperiodistas.com.mx\/portal\/wp-json\/wp\/v2\/comments?post=32180"}],"version-history":[{"count":1,"href":"https:\/\/losperiodistas.com.mx\/portal\/wp-json\/wp\/v2\/posts\/32180\/revisions"}],"predecessor-version":[{"id":32184,"href":"https:\/\/losperiodistas.com.mx\/portal\/wp-json\/wp\/v2\/posts\/32180\/revisions\/32184"}],"wp:featuredmedia":[{"embeddable":true,"href":"https:\/\/losperiodistas.com.mx\/portal\/wp-json\/wp\/v2\/media\/32181"}],"wp:attachment":[{"href":"https:\/\/losperiodistas.com.mx\/portal\/wp-json\/wp\/v2\/media?parent=32180"}],"wp:term":[{"taxonomy":"category","embeddable":true,"href":"https:\/\/losperiodistas.com.mx\/portal\/wp-json\/wp\/v2\/categories?post=32180"},{"taxonomy":"post_tag","embeddable":true,"href":"https:\/\/losperiodistas.com.mx\/portal\/wp-json\/wp\/v2\/tags?post=32180"}],"curies":[{"name":"wp","href":"https:\/\/api.w.org\/{rel}","templated":true}]}}