{"id":32177,"date":"2022-07-15T05:07:15","date_gmt":"2022-07-15T10:07:15","guid":{"rendered":"http:\/\/losperiodistas.com.mx\/portal\/?p=32177"},"modified":"2022-07-15T05:07:17","modified_gmt":"2022-07-15T10:07:17","slug":"prd-abre-a-monreal-la-posibilidad-de-caminar-juntos-en-2024-nacion-321","status":"publish","type":"post","link":"https:\/\/losperiodistas.com.mx\/portal\/prd-abre-a-monreal-la-posibilidad-de-caminar-juntos-en-2024-nacion-321\/","title":{"rendered":"PRD abre a Monreal la posibilidad de \u00abcaminar juntos\u00bb en 2024 | Naci\u00f3n 321"},"content":{"rendered":"\n<figure class=\"wp-block-image size-full is-style-default\"><img fetchpriority=\"high\" decoding=\"async\" width=\"1024\" height=\"600\" src=\"https:\/\/losperiodistas.com.mx\/portal\/wp-content\/uploads\/2022\/07\/8830c97ab6025_position1_regular.jpg\" alt=\"\" class=\"wp-image-32178\" srcset=\"https:\/\/losperiodistas.com.mx\/portal\/wp-content\/uploads\/2022\/07\/8830c97ab6025_position1_regular.jpg 1024w, https:\/\/losperiodistas.com.mx\/portal\/wp-content\/uploads\/2022\/07\/8830c97ab6025_position1_regular-300x176.jpg 300w, https:\/\/losperiodistas.com.mx\/portal\/wp-content\/uploads\/2022\/07\/8830c97ab6025_position1_regular-768x450.jpg 768w\" sizes=\"(max-width: 1024px) 100vw, 1024px\" \/><figcaption><strong>Monreal y Zambrano.<\/strong>Supuestamente tuvieron una reuni\u00f3n previa a las elecciones del 5 de junio<br>Cuartoscuro<\/figcaption><\/figure>\n\n\n\n<p><\/p>\n\n\n\n<p class=\"has-vivid-cyan-blue-color has-text-color has-medium-font-size\">NACI\u00d3N 321<\/p>\n\n\n\n<p>La dirigencia nacional del<strong>&nbsp;PRD,<\/strong>&nbsp;a cargo de&nbsp;<strong>Jes\u00fas Zambrano,<\/strong>&nbsp;dej\u00f3 abierta la posibilidad al coordinador de&nbsp;<strong>Morena en el Senado, Ricardo Monreal<\/strong>&nbsp;para ser uno de los candidatos de un Frente, rumbo al 2024.<\/p>\n\n\n\n<p>Lo anterior, siempre y cuando&nbsp;<strong>Monreal&nbsp;<\/strong>decida abandonar a su partido ante la ante la exclusi\u00f3n y marginaci\u00f3n que sufre en la lucha por la candidatura presidencial &nbsp;y&nbsp;<strong>confirm\u00f3&nbsp;<\/strong>que se reunieron con el zacatecano antes de las elecciones del 5 de junio pasado.<\/p>\n\n\n\n<p>\u201cEfectivamente nos reunimos hace ya\u00a0<strong>varias semanas antes de las elecciones del 5 de junio<\/strong>, fue para intercambiar puntos de vista, reflexiones, preocupaciones y desde luego tambi\u00e9n las compartimos, porque efectivamente se vive una situaci\u00f3n delicada en el pa\u00eds y tambi\u00e9n ellos la est\u00e1n viviendo en el interior de Morena\u201d, revel\u00f3 el dirigente nacional de<strong>l PRD, Jes\u00fas Zambrano<\/strong>\u00a0en un evento del partido.<\/p>\n\n\n\n<p>El perredista no cerr\u00f3 la posibilidad de que<strong>&nbsp;Monreal<\/strong>&nbsp;se convierta en uno de los eventuales candidatos de la Alianza opositora en el 2024 aunque ello depender\u00e1 de varios factores incluida la propia decisi\u00f3n del zacatecano.<\/p>\n\n\n\n<p>\u201cNo hay que cerrar ninguna posibilidad de que esto suceda y que, pues que ellos tomen sus propias decisiones en el momento en el que lo consideren. Nosotros, insisto, estamos impulsando un proceso de confluencia, tenemos que armar una plataforma todav\u00eda y no es que nosotros vayamos a aceptarlo de regreso ac\u00e1 al PRD, sino que estoy hablando de la posibilidad ante una necesidad nacional de confluir en un gran frente\u201d, asever\u00f3<\/p>\n\n\n\n<p>Durante la firma del acuerdo de colaboraci\u00f3n pol\u00edtica entre el\u00a0<strong>PRD y la organizaci\u00f3n con Valor Democr\u00e1tico y Social en las instalaciones del Sol Azteca<\/strong>, Zambrano recalc\u00f3 que en la Alianza Va por M\u00e9xico no se le cierra la puerta a nadie y al contrario hay apertura para todos los que se quieran sumar a este proyecto a fin de frenar el riesgo de dictadura que representa Morena.<\/p>\n\n\n\n<figure class=\"wp-block-embed is-type-rich is-provider-twitter wp-block-embed-twitter\"><div class=\"wp-block-embed__wrapper\">\n<blockquote class=\"twitter-tweet\" data-width=\"500\" data-dnt=\"true\"><p lang=\"es\" dir=\"ltr\">Refrendamos nuestra apertura sumatoria con otras vertientes pol\u00edticas y sociales para construir un frente amplio que acabe con\u00a0<a href=\"https:\/\/twitter.com\/hashtag\/Morena?src=hash&amp;ref_src=twsrc%5Etfw\">#Morena<\/a>\u00a0en el #2024. Se incorporar\u00e1n l@s que est\u00e1n comprometid@s con la defensa de los principios de la Rep\u00fablica democr\u00e1tica y el equilibrio de poderes. <a href=\"https:\/\/t.co\/HPqOL0IzVL\">pic.twitter.com\/HPqOL0IzVL<\/a><\/p>&mdash; Jes\u00fas Zambrano (@Jesus_ZambranoG) <a href=\"https:\/\/twitter.com\/Jesus_ZambranoG\/status\/1547696263490985985?ref_src=twsrc%5Etfw\">July 14, 2022<\/a><\/blockquote><script async src=\"https:\/\/platform.twitter.com\/widgets.js\" charset=\"utf-8\"><\/script>\n<\/div><\/figure>\n\n\n\n<p>\u201cDefinitivamente&nbsp;<strong>a nadie (se le cierra la puerta)&nbsp;<\/strong>porque hay que estar abiertos, hoy el pa\u00eds necesita de todas nuestras posibilidades de sumatoria de fuerzas para frenar este riesgo de dictadura, as\u00ed.\u201d, estableci\u00f3.<\/p>\n\n\n\n<p>El l\u00edder perredista revel\u00f3 que en la reuni\u00f3n que sostuvieron con Monreal se asumi\u00f3 que en\u00a0<strong>Morena\u00a0<\/strong>deben seguir su proceso interno pero recalc\u00f3 que en el momento en que decida mantener su lucha por un pa\u00eds democr\u00e1tico, pueden encontrar \u00b4\u201dpuntos de confluencia\u201d en esta alianza opositora y \u201cposibilidades de caminar juntos\u201d.<\/p>\n\n\n\n<p>Fuente: https:\/\/www.nacion321.com\/partidos\/prd-abre-a-monreal-la-posibilidad-de-caminar-juntos-en-2024<\/p>\n\n\n\n<p><a href=\"https:\/\/www.nacion321.com\/politica-1\/asi-suena-rap-real-sencillo-monreal-trayectoria-politica\" target=\"_blank\" rel=\"noreferrer noopener\"><\/a><\/p>\n","protected":false},"excerpt":{"rendered":"<p>NACI\u00d3N 321 La dirigencia nacional del&nbsp;PRD,&nbsp;a cargo de&nbsp;Jes\u00fas Zambrano,&nbsp;dej\u00f3 abierta la posibilidad al coordinador de&nbsp;Morena en el Senado, Ricardo Monreal&nbsp;para [&hellip;]<\/p>\n","protected":false},"author":1,"featured_media":32178,"comment_status":"open","ping_status":"open","sticky":false,"template":"","format":"standard","meta":{"site-sidebar-layout":"default","site-content-layout":"","ast-site-content-layout":"default","site-content-style":"default","site-sidebar-style":"default","ast-global-header-display":"","ast-banner-title-visibility":"","ast-main-header-display":"","ast-hfb-above-header-display":"","ast-hfb-below-header-display":"","ast-hfb-mobile-header-display":"","site-post-title":"","ast-breadcrumbs-content":"","ast-featured-img":"","footer-sml-layout":"","theme-transparent-header-meta":"","adv-header-id-meta":"","stick-header-meta":"","header-above-stick-meta":"","header-main-stick-meta":"","header-below-stick-meta":"","astra-migrate-meta-layouts":"default","ast-page-background-enabled":"default","ast-page-background-meta":{"desktop":{"background-color":"var(--ast-global-color-4)","background-image":"","background-repeat":"repeat","background-position":"center center","background-size":"auto","background-attachment":"scroll","background-type":"","background-media":"","overlay-type":"","overlay-color":"","overlay-opacity":"","overlay-gradient":""},"tablet":{"background-color":"","background-image":"","background-repeat":"repeat","background-position":"center center","background-size":"auto","background-attachment":"scroll","background-type":"","background-media":"","overlay-type":"","overlay-color":"","overlay-opacity":"","overlay-gradient":""},"mobile":{"background-color":"","background-image":"","background-repeat":"repeat","background-position":"center center","background-size":"auto","background-attachment":"scroll","background-type":"","background-media":"","overlay-type":"","overlay-color":"","overlay-opacity":"","overlay-gradient":""}},"ast-content-background-meta":{"desktop":{"background-color":"var(--ast-global-color-5)","background-image":"","background-repeat":"repeat","background-position":"center center","background-size":"auto","background-attachment":"scroll","background-type":"","background-media":"","overlay-type":"","overlay-color":"","overlay-opacity":"","overlay-gradient":""},"tablet":{"background-color":"var(--ast-global-color-5)","background-image":"","background-repeat":"repeat","background-position":"center center","background-size":"auto","background-attachment":"scroll","background-type":"","background-media":"","overlay-type":"","overlay-color":"","overlay-opacity":"","overlay-gradient":""},"mobile":{"background-color":"var(--ast-global-color-5)","background-image":"","background-repeat":"repeat","background-position":"center center","background-size":"auto","background-attachment":"scroll","background-type":"","background-media":"","overlay-type":"","overlay-color":"","overlay-opacity":"","overlay-gradient":""}},"footnotes":""},"categories":[8],"tags":[5486,2090,3445,2098],"class_list":["post-32177","post","type-post","status-publish","format-standard","has-post-thumbnail","hentry","category-noticias","tag-elecciones-2024","tag-jesus-zambrano","tag-prd","tag-ricardo-monreal"],"_links":{"self":[{"href":"https:\/\/losperiodistas.com.mx\/portal\/wp-json\/wp\/v2\/posts\/32177","targetHints":{"allow":["GET"]}}],"collection":[{"href":"https:\/\/losperiodistas.com.mx\/portal\/wp-json\/wp\/v2\/posts"}],"about":[{"href":"https:\/\/losperiodistas.com.mx\/portal\/wp-json\/wp\/v2\/types\/post"}],"author":[{"embeddable":true,"href":"https:\/\/losperiodistas.com.mx\/portal\/wp-json\/wp\/v2\/users\/1"}],"replies":[{"embeddable":true,"href":"https:\/\/losperiodistas.com.mx\/portal\/wp-json\/wp\/v2\/comments?post=32177"}],"version-history":[{"count":1,"href":"https:\/\/losperiodistas.com.mx\/portal\/wp-json\/wp\/v2\/posts\/32177\/revisions"}],"predecessor-version":[{"id":32179,"href":"https:\/\/losperiodistas.com.mx\/portal\/wp-json\/wp\/v2\/posts\/32177\/revisions\/32179"}],"wp:featuredmedia":[{"embeddable":true,"href":"https:\/\/losperiodistas.com.mx\/portal\/wp-json\/wp\/v2\/media\/32178"}],"wp:attachment":[{"href":"https:\/\/losperiodistas.com.mx\/portal\/wp-json\/wp\/v2\/media?parent=32177"}],"wp:term":[{"taxonomy":"category","embeddable":true,"href":"https:\/\/losperiodistas.com.mx\/portal\/wp-json\/wp\/v2\/categories?post=32177"},{"taxonomy":"post_tag","embeddable":true,"href":"https:\/\/losperiodistas.com.mx\/portal\/wp-json\/wp\/v2\/tags?post=32177"}],"curies":[{"name":"wp","href":"https:\/\/api.w.org\/{rel}","templated":true}]}}