{"id":32170,"date":"2022-07-15T04:54:10","date_gmt":"2022-07-15T09:54:10","guid":{"rendered":"http:\/\/losperiodistas.com.mx\/portal\/?p=32170"},"modified":"2022-07-15T04:54:14","modified_gmt":"2022-07-15T09:54:14","slug":"estados-unidos-decomisa-un-millon-de-pastillas-de-fentanilo-a-cartel-de-sinaloa-el-salvador","status":"publish","type":"post","link":"https:\/\/losperiodistas.com.mx\/portal\/estados-unidos-decomisa-un-millon-de-pastillas-de-fentanilo-a-cartel-de-sinaloa-el-salvador\/","title":{"rendered":"Estados Unidos decomisa un mill\u00f3n de pastillas de fentanilo a C\u00e1rtel de Sinaloa | El Salvador"},"content":{"rendered":"\n<p><em>En total, el mill\u00f3n de pastillas equivaldr\u00eda a $20 millones de d\u00f3lares en drogas que se incautaron en Los \u00c1ngeles<\/em><\/p>\n\n\n\n<p><\/p>\n\n\n\n<figure class=\"wp-block-image size-full is-style-default\"><img fetchpriority=\"high\" decoding=\"async\" width=\"800\" height=\"450\" src=\"https:\/\/losperiodistas.com.mx\/portal\/wp-content\/uploads\/2022\/07\/fentanilo1.jpeg\" alt=\"\" class=\"wp-image-32171\" srcset=\"https:\/\/losperiodistas.com.mx\/portal\/wp-content\/uploads\/2022\/07\/fentanilo1.jpeg 800w, https:\/\/losperiodistas.com.mx\/portal\/wp-content\/uploads\/2022\/07\/fentanilo1-300x169.jpeg 300w, https:\/\/losperiodistas.com.mx\/portal\/wp-content\/uploads\/2022\/07\/fentanilo1-768x432.jpeg 768w\" sizes=\"(max-width: 800px) 100vw, 800px\" \/><figcaption>DEA incauta m\u00e1s de un mill\u00f3n de pastillas de fentanilo. DEA<\/figcaption><\/figure>\n\n\n\n<p class=\"has-vivid-cyan-blue-color has-text-color has-medium-font-size\">KEVIN MU\u00d1OZ \/ AGENCIAS \/ EL SALVADOR<\/p>\n\n\n\n<p>Agentes de la Administraci\u00f3n de Control de Drogas en EE.UU. (<strong><a href=\"https:\/\/www.dea.gov\/\" target=\"_blank\" rel=\"noreferrer noopener\">DEA<\/a><\/strong>) incautaron la mayor cantidad de pastillas de fentanilo en el estado de California durante una redada en Inglewood a principios de este mes.<\/p>\n\n\n\n<p>\u00a0Las pastillas est\u00e1n ligadas al C\u00e1rtel de Sinaloa, de M\u00e9xico, quienes hab\u00edan estado en observaci\u00f3n por las oficinas de la DEA en Nueva York y Los \u00c1ngeles.<\/p>\n\n\n\n<p><strong>\u201cEsta incautaci\u00f3n masiva interrumpi\u00f3 el flujo de cantidades peligrosas de fentanilo en nuestras calles y probablemente salv\u00f3 muchas vidas\u201d<\/strong>, dijo Bill Bodner, agente especial a cargo de la oficina de la DEA en Los \u00c1ngeles, inform\u00f3 Los \u00c1ngeles Times.<\/p>\n\n\n\n<p>Los oficiales encontraron las p\u00edldoras dentro de cuatro maletas negras que se encontraban en el interior de un autom\u00f3vil compacto.<\/p>\n\n\n\n<figure class=\"wp-block-image size-full is-style-default\"><img decoding=\"async\" width=\"800\" height=\"450\" src=\"https:\/\/losperiodistas.com.mx\/portal\/wp-content\/uploads\/2022\/07\/fentanilo2.jpeg\" alt=\"\" class=\"wp-image-32172\" srcset=\"https:\/\/losperiodistas.com.mx\/portal\/wp-content\/uploads\/2022\/07\/fentanilo2.jpeg 800w, https:\/\/losperiodistas.com.mx\/portal\/wp-content\/uploads\/2022\/07\/fentanilo2-300x169.jpeg 300w, https:\/\/losperiodistas.com.mx\/portal\/wp-content\/uploads\/2022\/07\/fentanilo2-768x432.jpeg 768w\" sizes=\"(max-width: 800px) 100vw, 800px\" \/><figcaption>El fentanilo fue encontrado en maletas dentro de un auto rojo. Fotograf\u00eda de car\u00e1cter ilustrativo y no comercial.\u00a0<a href=\"https:\/\/www.dea.gov\/es\/node\/209426\" target=\"_blank\" rel=\"noreferrer noopener\">DEA<\/a><\/figcaption><\/figure>\n\n\n\n<p>La DEA mencion\u00f3 que las p\u00edldoras falsas fueron dise\u00f1adas para parecerse a las reales y a otras mediaciones opioides como la oxicodona.<\/p>\n\n\n\n<p>El lugar donde se distribu\u00edan las p\u00edldoras fue encontrado por los agentes al observar c\u00f3mo los distribuidores del sur de California quienes la entregaban a los locales.<\/p>\n\n\n\n<p>La agencia antidrogas no ha proporcionado informaci\u00f3n acerca de arrestos debido al operativo.<\/p>\n\n\n\n<p>Los \u00c1ngeles se considera uno de los territorios m\u00e1s importantes del narcotr\u00e1fico al estar cerca de la frontera sur de Estados Unidos.<\/p>\n\n\n\n<p>Fuente: https:\/\/www.univision.com\/noticias\/narcotrafico\/la-dea-decomiso-fentanilo-cartel-sinaloa-california<\/p>\n","protected":false},"excerpt":{"rendered":"<p>En total, el mill\u00f3n de pastillas equivaldr\u00eda a $20 millones de d\u00f3lares en drogas que se incautaron en Los \u00c1ngeles [&hellip;]<\/p>\n","protected":false},"author":1,"featured_media":32171,"comment_status":"open","ping_status":"open","sticky":false,"template":"","format":"standard","meta":{"site-sidebar-layout":"default","site-content-layout":"","ast-site-content-layout":"default","site-content-style":"default","site-sidebar-style":"default","ast-global-header-display":"","ast-banner-title-visibility":"","ast-main-header-display":"","ast-hfb-above-header-display":"","ast-hfb-below-header-display":"","ast-hfb-mobile-header-display":"","site-post-title":"","ast-breadcrumbs-content":"","ast-featured-img":"","footer-sml-layout":"","theme-transparent-header-meta":"","adv-header-id-meta":"","stick-header-meta":"","header-above-stick-meta":"","header-main-stick-meta":"","header-below-stick-meta":"","astra-migrate-meta-layouts":"default","ast-page-background-enabled":"default","ast-page-background-meta":{"desktop":{"background-color":"var(--ast-global-color-4)","background-image":"","background-repeat":"repeat","background-position":"center center","background-size":"auto","background-attachment":"scroll","background-type":"","background-media":"","overlay-type":"","overlay-color":"","overlay-opacity":"","overlay-gradient":""},"tablet":{"background-color":"","background-image":"","background-repeat":"repeat","background-position":"center center","background-size":"auto","background-attachment":"scroll","background-type":"","background-media":"","overlay-type":"","overlay-color":"","overlay-opacity":"","overlay-gradient":""},"mobile":{"background-color":"","background-image":"","background-repeat":"repeat","background-position":"center center","background-size":"auto","background-attachment":"scroll","background-type":"","background-media":"","overlay-type":"","overlay-color":"","overlay-opacity":"","overlay-gradient":""}},"ast-content-background-meta":{"desktop":{"background-color":"var(--ast-global-color-5)","background-image":"","background-repeat":"repeat","background-position":"center center","background-size":"auto","background-attachment":"scroll","background-type":"","background-media":"","overlay-type":"","overlay-color":"","overlay-opacity":"","overlay-gradient":""},"tablet":{"background-color":"var(--ast-global-color-5)","background-image":"","background-repeat":"repeat","background-position":"center center","background-size":"auto","background-attachment":"scroll","background-type":"","background-media":"","overlay-type":"","overlay-color":"","overlay-opacity":"","overlay-gradient":""},"mobile":{"background-color":"var(--ast-global-color-5)","background-image":"","background-repeat":"repeat","background-position":"center center","background-size":"auto","background-attachment":"scroll","background-type":"","background-media":"","overlay-type":"","overlay-color":"","overlay-opacity":"","overlay-gradient":""}},"footnotes":""},"categories":[8],"tags":[824,2426,11389],"class_list":["post-32170","post","type-post","status-publish","format-standard","has-post-thumbnail","hentry","category-noticias","tag-cartel-sinaloa","tag-dea","tag-fentanilo"],"_links":{"self":[{"href":"https:\/\/losperiodistas.com.mx\/portal\/wp-json\/wp\/v2\/posts\/32170","targetHints":{"allow":["GET"]}}],"collection":[{"href":"https:\/\/losperiodistas.com.mx\/portal\/wp-json\/wp\/v2\/posts"}],"about":[{"href":"https:\/\/losperiodistas.com.mx\/portal\/wp-json\/wp\/v2\/types\/post"}],"author":[{"embeddable":true,"href":"https:\/\/losperiodistas.com.mx\/portal\/wp-json\/wp\/v2\/users\/1"}],"replies":[{"embeddable":true,"href":"https:\/\/losperiodistas.com.mx\/portal\/wp-json\/wp\/v2\/comments?post=32170"}],"version-history":[{"count":1,"href":"https:\/\/losperiodistas.com.mx\/portal\/wp-json\/wp\/v2\/posts\/32170\/revisions"}],"predecessor-version":[{"id":32173,"href":"https:\/\/losperiodistas.com.mx\/portal\/wp-json\/wp\/v2\/posts\/32170\/revisions\/32173"}],"wp:featuredmedia":[{"embeddable":true,"href":"https:\/\/losperiodistas.com.mx\/portal\/wp-json\/wp\/v2\/media\/32171"}],"wp:attachment":[{"href":"https:\/\/losperiodistas.com.mx\/portal\/wp-json\/wp\/v2\/media?parent=32170"}],"wp:term":[{"taxonomy":"category","embeddable":true,"href":"https:\/\/losperiodistas.com.mx\/portal\/wp-json\/wp\/v2\/categories?post=32170"},{"taxonomy":"post_tag","embeddable":true,"href":"https:\/\/losperiodistas.com.mx\/portal\/wp-json\/wp\/v2\/tags?post=32170"}],"curies":[{"name":"wp","href":"https:\/\/api.w.org\/{rel}","templated":true}]}}