{"id":32167,"date":"2022-07-15T03:59:51","date_gmt":"2022-07-15T08:59:51","guid":{"rendered":"http:\/\/losperiodistas.com.mx\/portal\/?p=32167"},"modified":"2022-07-15T04:46:22","modified_gmt":"2022-07-15T09:46:22","slug":"muere-ivana-trump-la-primera-esposa-del-expresidente-trump-univision","status":"publish","type":"post","link":"https:\/\/losperiodistas.com.mx\/portal\/muere-ivana-trump-la-primera-esposa-del-expresidente-trump-univision\/","title":{"rendered":"Muere Ivana Trump, la primera esposa del expresidente Trump | Univisi\u00f3n"},"content":{"rendered":"\n<p>\u201c<em>Nuestra madre era una mujer incre\u00edble: una fuerza en los negocios, una atleta de clase mundial, una belleza radiante y una madre y amiga cari\u00f1osa\u201d, dijo la familia Trump en un comunicado entregado a varios medios de comunicaci\u00f3<\/em>n<\/p>\n\n\n\n<p><\/p>\n\n\n\n<figure class=\"wp-block-image size-large is-style-default\"><img fetchpriority=\"high\" decoding=\"async\" width=\"1024\" height=\"575\" src=\"https:\/\/losperiodistas.com.mx\/portal\/wp-content\/uploads\/2022\/07\/Captura-de-Pantalla-2022-07-15-a-las-4.43.41-1024x575.jpg\" alt=\"\" class=\"wp-image-32168\" srcset=\"https:\/\/losperiodistas.com.mx\/portal\/wp-content\/uploads\/2022\/07\/Captura-de-Pantalla-2022-07-15-a-las-4.43.41-1024x575.jpg 1024w, https:\/\/losperiodistas.com.mx\/portal\/wp-content\/uploads\/2022\/07\/Captura-de-Pantalla-2022-07-15-a-las-4.43.41-300x169.jpg 300w, https:\/\/losperiodistas.com.mx\/portal\/wp-content\/uploads\/2022\/07\/Captura-de-Pantalla-2022-07-15-a-las-4.43.41-768x431.jpg 768w, https:\/\/losperiodistas.com.mx\/portal\/wp-content\/uploads\/2022\/07\/Captura-de-Pantalla-2022-07-15-a-las-4.43.41-1536x863.jpg 1536w, https:\/\/losperiodistas.com.mx\/portal\/wp-content\/uploads\/2022\/07\/Captura-de-Pantalla-2022-07-15-a-las-4.43.41.jpg 1684w\" sizes=\"(max-width: 1024px) 100vw, 1024px\" \/><figcaption><strong>Ivana Trump, la exesposa del expresidente Donald Trump, muri\u00f3 este jueves a los 73 a\u00f1os,<\/strong>\u00a0seg\u00fan inform\u00f3 su familia.<\/figcaption><\/figure>\n\n\n\n<p class=\"has-vivid-cyan-blue-color has-text-color has-medium-font-size\">UNIVISI\u00d3N \/ AP<\/p>\n\n\n\n<p>\u00abMe entristece informar a quienes la amaban, que eran muchos, que Ivana Trump ha muerto en su casa en la ciudad de Nueva York\u00bb, escribi\u00f3 el exmandatario en la red Truth Social. \u00abEra una mujer maravillosa, hermosa y grandiosa, que llev\u00f3 una vida inspiradora.\u00a0<strong>Su orgullo y felicidad eran sus tres hijos, Donald Jr, Ivanka y Eric.\u00a0<\/strong>Estaba tan orgullosa de ellos, as\u00ed como nosotros est\u00e1bamos orgullosos de ella. Descansa en paz, Ivana\u00bb, agreg\u00f3.<\/p>\n\n\n\n<p>Ivana Trump, una inmigrante de la antigua Checoslovaquia,&nbsp;<strong>se cas\u00f3 con Donald Trump en 1977. Fue su primera esposa.<\/strong>&nbsp;Sus hijos fueron los primeros en comunicar su fallecimiento con un comunicado.<\/p>\n\n\n\n<p>\u201cNuestra madre era una mujer incre\u00edble: una fuerza en los negocios, una atleta de clase mundial, una belleza radiante y una madre y amiga cari\u00f1osa\u201d, dijo la familia Trump en un comunicado dado a varios medios de comunicaci\u00f3n.<\/p>\n\n\n\n<p>\u201cIvana Trump fue una sobreviviente. Huy\u00f3 del comunismo y abraz\u00f3 este pa\u00eds. Ense\u00f1\u00f3 a sus hijos sobre la determinaci\u00f3n, la fortaleza y la compasi\u00f3n\u201d, dijo la familia. \u00abSu madre, sus tres hijos y diez nietos la extra\u00f1ar\u00e1n mucho\u00bb, agreg\u00f3.<\/p>\n\n\n\n<h3 class=\"wp-block-heading\">Los Trump, una pareja &#8216;dorada&#8217; en el Nueva York de los 80<\/h3>\n\n\n\n<p><strong>Los Trump eran una pareja poderosa de Nueva York en la d\u00e9cada de 1980,&nbsp;<\/strong>antes de su tambi\u00e9n sumamente p\u00fablico divorcio cuando Donald Trump conoci\u00f3 a su siguiente esposa, Marla Maples. Pero en a\u00f1os recientes, Ivana Trump mostr\u00f3 que estaban en buenos t\u00e9rminos y hasta escribi\u00f3 en un libro en 2017 que conversaban una vez a la semana.<\/p>\n\n\n\n<p>\u00abMuestra m\u00e1s calma\u00bb, respondi\u00f3 en 2016 a&nbsp;<em>The New York Post&nbsp;<\/em>cuando se le pregunt\u00f3 si le recomendaba algo a su expareja. \u00abPero Donald no puede ser calmado. Es muy contestatario\u00bb, agreg\u00f3.<\/p>\n\n\n\n<p>Pero aunque manten\u00edan una relaci\u00f3n cordial, Ivana Trump en ocasiones deslizaba comentarios puntillosos. Como cuando en 2017, mientras promocionaba su libro, dijo en el programa\u00a0<em>Good Morning America<\/em>\u00a0que prefer\u00eda no llamar a su exesposo directamente en la Casa Blanca \u00abporque Melania est\u00e1 all\u00ed y no quiero ocasionar ning\u00fan tipo de celos o algo como ello simplemente porque fui la primera esposa de Trump (&#8230;) Soy la primera dama, \u00bfOK?\u00bb.<\/p>\n\n\n\n<p>Fuente: https:\/\/www.univision.com\/noticias\/politica\/ivana-trump-muerte-donald-trump<\/p>\n\n\n\n<p><\/p>\n","protected":false},"excerpt":{"rendered":"<p>\u201cNuestra madre era una mujer incre\u00edble: una fuerza en los negocios, una atleta de clase mundial, una belleza radiante y [&hellip;]<\/p>\n","protected":false},"author":1,"featured_media":32168,"comment_status":"open","ping_status":"open","sticky":false,"template":"","format":"standard","meta":{"site-sidebar-layout":"default","site-content-layout":"","ast-site-content-layout":"default","site-content-style":"default","site-sidebar-style":"default","ast-global-header-display":"","ast-banner-title-visibility":"","ast-main-header-display":"","ast-hfb-above-header-display":"","ast-hfb-below-header-display":"","ast-hfb-mobile-header-display":"","site-post-title":"","ast-breadcrumbs-content":"","ast-featured-img":"","footer-sml-layout":"","theme-transparent-header-meta":"","adv-header-id-meta":"","stick-header-meta":"","header-above-stick-meta":"","header-main-stick-meta":"","header-below-stick-meta":"","astra-migrate-meta-layouts":"default","ast-page-background-enabled":"default","ast-page-background-meta":{"desktop":{"background-color":"var(--ast-global-color-4)","background-image":"","background-repeat":"repeat","background-position":"center center","background-size":"auto","background-attachment":"scroll","background-type":"","background-media":"","overlay-type":"","overlay-color":"","overlay-opacity":"","overlay-gradient":""},"tablet":{"background-color":"","background-image":"","background-repeat":"repeat","background-position":"center center","background-size":"auto","background-attachment":"scroll","background-type":"","background-media":"","overlay-type":"","overlay-color":"","overlay-opacity":"","overlay-gradient":""},"mobile":{"background-color":"","background-image":"","background-repeat":"repeat","background-position":"center center","background-size":"auto","background-attachment":"scroll","background-type":"","background-media":"","overlay-type":"","overlay-color":"","overlay-opacity":"","overlay-gradient":""}},"ast-content-background-meta":{"desktop":{"background-color":"var(--ast-global-color-5)","background-image":"","background-repeat":"repeat","background-position":"center center","background-size":"auto","background-attachment":"scroll","background-type":"","background-media":"","overlay-type":"","overlay-color":"","overlay-opacity":"","overlay-gradient":""},"tablet":{"background-color":"var(--ast-global-color-5)","background-image":"","background-repeat":"repeat","background-position":"center center","background-size":"auto","background-attachment":"scroll","background-type":"","background-media":"","overlay-type":"","overlay-color":"","overlay-opacity":"","overlay-gradient":""},"mobile":{"background-color":"var(--ast-global-color-5)","background-image":"","background-repeat":"repeat","background-position":"center center","background-size":"auto","background-attachment":"scroll","background-type":"","background-media":"","overlay-type":"","overlay-color":"","overlay-opacity":"","overlay-gradient":""}},"footnotes":""},"categories":[8],"tags":[11388],"class_list":["post-32167","post","type-post","status-publish","format-standard","has-post-thumbnail","hentry","category-noticias","tag-ivana-trump-fallecimiento"],"_links":{"self":[{"href":"https:\/\/losperiodistas.com.mx\/portal\/wp-json\/wp\/v2\/posts\/32167","targetHints":{"allow":["GET"]}}],"collection":[{"href":"https:\/\/losperiodistas.com.mx\/portal\/wp-json\/wp\/v2\/posts"}],"about":[{"href":"https:\/\/losperiodistas.com.mx\/portal\/wp-json\/wp\/v2\/types\/post"}],"author":[{"embeddable":true,"href":"https:\/\/losperiodistas.com.mx\/portal\/wp-json\/wp\/v2\/users\/1"}],"replies":[{"embeddable":true,"href":"https:\/\/losperiodistas.com.mx\/portal\/wp-json\/wp\/v2\/comments?post=32167"}],"version-history":[{"count":1,"href":"https:\/\/losperiodistas.com.mx\/portal\/wp-json\/wp\/v2\/posts\/32167\/revisions"}],"predecessor-version":[{"id":32169,"href":"https:\/\/losperiodistas.com.mx\/portal\/wp-json\/wp\/v2\/posts\/32167\/revisions\/32169"}],"wp:featuredmedia":[{"embeddable":true,"href":"https:\/\/losperiodistas.com.mx\/portal\/wp-json\/wp\/v2\/media\/32168"}],"wp:attachment":[{"href":"https:\/\/losperiodistas.com.mx\/portal\/wp-json\/wp\/v2\/media?parent=32167"}],"wp:term":[{"taxonomy":"category","embeddable":true,"href":"https:\/\/losperiodistas.com.mx\/portal\/wp-json\/wp\/v2\/categories?post=32167"},{"taxonomy":"post_tag","embeddable":true,"href":"https:\/\/losperiodistas.com.mx\/portal\/wp-json\/wp\/v2\/tags?post=32167"}],"curies":[{"name":"wp","href":"https:\/\/api.w.org\/{rel}","templated":true}]}}