{"id":32164,"date":"2022-07-15T04:39:30","date_gmt":"2022-07-15T09:39:30","guid":{"rendered":"http:\/\/losperiodistas.com.mx\/portal\/?p=32164"},"modified":"2022-07-15T04:39:32","modified_gmt":"2022-07-15T09:39:32","slug":"cuando-la-ansiedad-se-convierte-en-un-trastorno-estos-son-los-sintomas-a-los-que-debes-prestar-atencion-ensedeciencia","status":"publish","type":"post","link":"https:\/\/losperiodistas.com.mx\/portal\/cuando-la-ansiedad-se-convierte-en-un-trastorno-estos-son-los-sintomas-a-los-que-debes-prestar-atencion-ensedeciencia\/","title":{"rendered":"Cuando la ansiedad se convierte en un trastorno: Estos son los s\u00edntomas a los que debes prestar atenci\u00f3n | Ensedeciencia"},"content":{"rendered":"\n<figure class=\"wp-block-image size-large is-style-default\"><img fetchpriority=\"high\" decoding=\"async\" width=\"1024\" height=\"577\" src=\"https:\/\/losperiodistas.com.mx\/portal\/wp-content\/uploads\/2022\/07\/Copia-de-C-EdCiencia-P-2022-07-13T095407.248-1024x577.jpg\" alt=\"\" class=\"wp-image-32165\" srcset=\"https:\/\/losperiodistas.com.mx\/portal\/wp-content\/uploads\/2022\/07\/Copia-de-C-EdCiencia-P-2022-07-13T095407.248-1024x577.jpg 1024w, https:\/\/losperiodistas.com.mx\/portal\/wp-content\/uploads\/2022\/07\/Copia-de-C-EdCiencia-P-2022-07-13T095407.248-300x169.jpg 300w, https:\/\/losperiodistas.com.mx\/portal\/wp-content\/uploads\/2022\/07\/Copia-de-C-EdCiencia-P-2022-07-13T095407.248-768x433.jpg 768w, https:\/\/losperiodistas.com.mx\/portal\/wp-content\/uploads\/2022\/07\/Copia-de-C-EdCiencia-P-2022-07-13T095407.248-1536x865.jpg 1536w, https:\/\/losperiodistas.com.mx\/portal\/wp-content\/uploads\/2022\/07\/Copia-de-C-EdCiencia-P-2022-07-13T095407.248.jpg 1640w\" sizes=\"(max-width: 1024px) 100vw, 1024px\" \/><\/figure>\n\n\n\n<p><\/p>\n\n\n\n<p class=\"has-vivid-cyan-blue-color has-text-color has-medium-font-size\">AURA RAM\u00cdREZ \/ ENS\u00c9\u00d1AME DE CIENCIA<\/p>\n\n\n\n<p>La ansiedad es una emoci\u00f3n normal que forma parte de todo el espectro de lo que puede llegar a sentir un ser humano. Sin embargo, por distintos factores, hay un punto en el cual esto podr\u00eda tornarse inusual, ya sea porque se ha presentado con mayor frecuencia de lo habitual, o porque los s\u00edntomas se han exacerbado.<\/p>\n\n\n\n<p>Ante esto, \u00bfC\u00f3mo saber el momento en que debo preocuparme?, \u00bfCu\u00e1les son las se\u00f1ales de que la ansiedad se ha convertido en un trastorno psicol\u00f3gico que debe ser atendido con especialistas?<\/p>\n\n\n\n<p>Pues bien, existen se\u00f1ales clave que permiten separar lo normal de lo que no lo es, que definitivamente pueden orientarte para reconocer si necesitas buscar atenci\u00f3n cl\u00ednica. Lo primero siempre es cuestionarte si lo que est\u00e1s experimentando dejo de ser sano, y el que est\u00e9s aqu\u00ed leyendo est\u00e1 nota es un gran paso. Recuerda, tu salud mental es importante e indispensable.<\/p>\n\n\n\n<p><strong><em>\u00bfCu\u00e1les son las se\u00f1ales que nos pueden indicar que la ansiedad se ha convertido en un trastorno?<\/em><\/strong><\/p>\n\n\n\n<p><strong><em>La ansiedad interfiere en las actividades diarias<\/em><\/strong><\/p>\n\n\n\n<p>Como lo describimos anteriormente, la ansiedad forma parte normal de la experiencia humana, se considera una respuesta natural a situaciones reales de peligro, amenaza o de estr\u00e9s psicol\u00f3gico que cumplen con una funci\u00f3n de respuesta.<\/p>\n\n\n\n<p>Sin embargo, cuando la ansiedad se presenta con un miedo abrumador y una preocupaci\u00f3n excesiva persistente por determinados asuntos, cuyas emociones resultan desproporcionadas en relaci\u00f3n con el verdadero impacto de los acontecimientos y, adem\u00e1s, esto es dif\u00edcil de controlar al punto de que te incapacita para realizar tus actividades diarias, esto resulta en un indicio de que la ansiedad se ha tornado inusual.<\/p>\n\n\n\n<p><strong><em>La ansiedad comienza a restar objetividad<\/em><\/strong><\/p>\n\n\n\n<p>Un problema de ansiedad te resta la capacidad de ser objetivo ante diversas situaciones de la vida, lo que conduce a presentar mayor sensibilidad orillando a tu mente a encontrar amenaza, peligro y preocupaci\u00f3n exacerbadas ante circunstancias que en realidad no son as\u00ed, la generaci\u00f3n de escenarios desastrosos e imposibles se suele dar mucho.<\/p>\n\n\n\n<p>Finalmente, esto resulta en presentar los s\u00edntomas de ansiedad con un grado importante de intensidad y con mayor frecuencia, el impacto es tal que te incapacita y no te permite realizar tus actividades diarias de la forma en la que sol\u00edas hacerlo.<\/p>\n\n\n\n<p>Si has notado que esto te persigue d\u00eda con d\u00eda, podr\u00eda ser la se\u00f1al para buscar ayuda.<\/p>\n\n\n\n<p><strong>No existe un motivo aparente o un detonante que conduzca a la ansiedad<\/strong><\/p>\n\n\n\n<p>Esta es probablemente una de las se\u00f1ales m\u00e1s importantes. Como se describi\u00f3 anteriormente, de manera habitual, la ansiedad se presenta ante situaciones de peligro, amenaza o de estr\u00e9s psicol\u00f3gico, sin embargo, cuando esta emoci\u00f3n nos invade sin que exista un motivo o raz\u00f3n real, entonces los ataques se consideran parte de un trastorno.<\/p>\n\n\n\n<p>Recuerda, vivir con un miedo abrumador e irracional, preocupaci\u00f3n intensa, una sensaci\u00f3n de falta de aire, latidos del coraz\u00f3n acelerados, dolor en el pecho o est\u00f3mago, sudoraci\u00f3n, escalofr\u00edos, debilidad, sensaci\u00f3n de desvanecimiento, mareo, hormigueo, entumecimiento, tensi\u00f3n muscular, temblor, estremecimiento, insomnio, n\u00e1useas y malestar estomacal, no es normal.<\/p>\n\n\n\n<p><strong><em>La mente no se apaga<\/em><\/strong><\/p>\n\n\n\n<p>Para personas que cursan con un trastorno psicol\u00f3gico, una se\u00f1al clave que nos indica que puede existir un problema mayor es que de manera constante est\u00e1 recibiendo pensamientos intrusivos, la mayor\u00eda de ellos ca\u00f3ticos, desastrosos y extremistas, sobre diversas situaciones de la vida diaria.<\/p>\n\n\n\n<p>Finalmente, si notas que estas circunstancias est\u00e1n presentes en ti, es momento de buscar ayuda, puedes empezar con una intervenci\u00f3n psicoterape\u00fatica, el especialista que te tienda tendr\u00e1 la facultad de derivarte a terapia farmacol\u00f3gica, si as\u00ed lo requires. Es normal tener miedo, pero, por fortuna, existen opciones efectivas que te ayudar\u00e1n.<\/p>\n\n\n\n<p>Fuente: https:\/\/ensedeciencia.com\/2022\/07\/13\/cuando-la-ansiedad-se-convierte-en-un-trastorno-estos-son-los-sintomas-a-los-que-debes-prestar-atencion\/<\/p>\n","protected":false},"excerpt":{"rendered":"<p>AURA RAM\u00cdREZ \/ ENS\u00c9\u00d1AME DE CIENCIA La ansiedad es una emoci\u00f3n normal que forma parte de todo el espectro de [&hellip;]<\/p>\n","protected":false},"author":1,"featured_media":32165,"comment_status":"open","ping_status":"open","sticky":false,"template":"","format":"standard","meta":{"site-sidebar-layout":"default","site-content-layout":"","ast-site-content-layout":"default","site-content-style":"default","site-sidebar-style":"default","ast-global-header-display":"","ast-banner-title-visibility":"","ast-main-header-display":"","ast-hfb-above-header-display":"","ast-hfb-below-header-display":"","ast-hfb-mobile-header-display":"","site-post-title":"","ast-breadcrumbs-content":"","ast-featured-img":"","footer-sml-layout":"","theme-transparent-header-meta":"","adv-header-id-meta":"","stick-header-meta":"","header-above-stick-meta":"","header-main-stick-meta":"","header-below-stick-meta":"","astra-migrate-meta-layouts":"default","ast-page-background-enabled":"default","ast-page-background-meta":{"desktop":{"background-color":"var(--ast-global-color-4)","background-image":"","background-repeat":"repeat","background-position":"center center","background-size":"auto","background-attachment":"scroll","background-type":"","background-media":"","overlay-type":"","overlay-color":"","overlay-opacity":"","overlay-gradient":""},"tablet":{"background-color":"","background-image":"","background-repeat":"repeat","background-position":"center center","background-size":"auto","background-attachment":"scroll","background-type":"","background-media":"","overlay-type":"","overlay-color":"","overlay-opacity":"","overlay-gradient":""},"mobile":{"background-color":"","background-image":"","background-repeat":"repeat","background-position":"center center","background-size":"auto","background-attachment":"scroll","background-type":"","background-media":"","overlay-type":"","overlay-color":"","overlay-opacity":"","overlay-gradient":""}},"ast-content-background-meta":{"desktop":{"background-color":"var(--ast-global-color-5)","background-image":"","background-repeat":"repeat","background-position":"center center","background-size":"auto","background-attachment":"scroll","background-type":"","background-media":"","overlay-type":"","overlay-color":"","overlay-opacity":"","overlay-gradient":""},"tablet":{"background-color":"var(--ast-global-color-5)","background-image":"","background-repeat":"repeat","background-position":"center center","background-size":"auto","background-attachment":"scroll","background-type":"","background-media":"","overlay-type":"","overlay-color":"","overlay-opacity":"","overlay-gradient":""},"mobile":{"background-color":"var(--ast-global-color-5)","background-image":"","background-repeat":"repeat","background-position":"center center","background-size":"auto","background-attachment":"scroll","background-type":"","background-media":"","overlay-type":"","overlay-color":"","overlay-opacity":"","overlay-gradient":""}},"footnotes":""},"categories":[8],"tags":[10506,11387,10684],"class_list":["post-32164","post","type-post","status-publish","format-standard","has-post-thumbnail","hentry","category-noticias","tag-ansiedad","tag-objetividad","tag-psicologia"],"_links":{"self":[{"href":"https:\/\/losperiodistas.com.mx\/portal\/wp-json\/wp\/v2\/posts\/32164","targetHints":{"allow":["GET"]}}],"collection":[{"href":"https:\/\/losperiodistas.com.mx\/portal\/wp-json\/wp\/v2\/posts"}],"about":[{"href":"https:\/\/losperiodistas.com.mx\/portal\/wp-json\/wp\/v2\/types\/post"}],"author":[{"embeddable":true,"href":"https:\/\/losperiodistas.com.mx\/portal\/wp-json\/wp\/v2\/users\/1"}],"replies":[{"embeddable":true,"href":"https:\/\/losperiodistas.com.mx\/portal\/wp-json\/wp\/v2\/comments?post=32164"}],"version-history":[{"count":1,"href":"https:\/\/losperiodistas.com.mx\/portal\/wp-json\/wp\/v2\/posts\/32164\/revisions"}],"predecessor-version":[{"id":32166,"href":"https:\/\/losperiodistas.com.mx\/portal\/wp-json\/wp\/v2\/posts\/32164\/revisions\/32166"}],"wp:featuredmedia":[{"embeddable":true,"href":"https:\/\/losperiodistas.com.mx\/portal\/wp-json\/wp\/v2\/media\/32165"}],"wp:attachment":[{"href":"https:\/\/losperiodistas.com.mx\/portal\/wp-json\/wp\/v2\/media?parent=32164"}],"wp:term":[{"taxonomy":"category","embeddable":true,"href":"https:\/\/losperiodistas.com.mx\/portal\/wp-json\/wp\/v2\/categories?post=32164"},{"taxonomy":"post_tag","embeddable":true,"href":"https:\/\/losperiodistas.com.mx\/portal\/wp-json\/wp\/v2\/tags?post=32164"}],"curies":[{"name":"wp","href":"https:\/\/api.w.org\/{rel}","templated":true}]}}