{"id":3216,"date":"2021-01-12T03:14:53","date_gmt":"2021-01-12T09:14:53","guid":{"rendered":"http:\/\/losperiodistas.com.mx\/portal\/?p=3216"},"modified":"2021-01-12T03:14:53","modified_gmt":"2021-01-12T09:14:53","slug":"el-4-abril-debera-suspenderse-la-transmision-integra-de-las-mananeras-lorenzo-cordova-proceso","status":"publish","type":"post","link":"https:\/\/losperiodistas.com.mx\/portal\/el-4-abril-debera-suspenderse-la-transmision-integra-de-las-mananeras-lorenzo-cordova-proceso\/","title":{"rendered":"El 4 abril deber\u00e1 suspenderse la transmisi\u00f3n \u00edntegra de las \u00abma\u00f1aneras\u00bb: Lorenzo C\u00f3rdova | Proceso"},"content":{"rendered":"\n<p style=\"font-size:18px\"><em>El criterio vigente es que la transmisi\u00f3n \u00edntegra de las conferencias presidenciales es propaganda gubernamental y por lo tanto no puede emitirse durante las campa\u00f1as electorales, record\u00f3 el consejero presidente del INE<\/em><\/p>\n\n\n\n<p class=\"has-vivid-cyan-blue-color has-text-color has-medium-font-size\">CARINA GARC\u00cdA \/ PROCESO<\/p>\n\n\n\n<p>CIUDAD DE M\u00c9XICO (apro).- A partir del pr\u00f3ximo 4 de abril, cuando arrancan las campa\u00f1as federales, deber\u00e1 suspenderse la transmisi\u00f3n \u00edntegra de las conferencias ma\u00f1aneras del presidente Andr\u00e9s Manuel L\u00f3pez Obrador en todo el pa\u00eds, para garantizar equidad en las contiendas, record\u00f3 el consejero presidente del Instituto Nacional Electoral (INE), Lorenzo C\u00f3rdova.<\/p>\n\n\n\n<p>Por criterios del Tribunal Electoral del Poder Judicial de la Federaci\u00f3n (TEPJF), las conferencias matutinas del mandatario son propaganda gubernamental, y la Constituci\u00f3n proh\u00edbe la difusi\u00f3n de \u00e9sta durante las campa\u00f1as, salvo excepciones como la relativa a salud (y lo referente a la pandemia de covid-19), educaci\u00f3n y protecci\u00f3n civil, explic\u00f3.<\/p>\n\n\n\n<p>Esa suspensi\u00f3n \u00edntegra de las ma\u00f1aneras ocurri\u00f3 en Hidalgo y Coahuila en 2020 durante las campa\u00f1as, \u201cde acuerdo con nuestra legislaci\u00f3n electoral, que dice que la propaganda electoral se debe interrumpir desde que arrancan las campa\u00f1as y hasta el final de la jornada electoral\u201d, abund\u00f3.<\/p>\n\n\n\n<p>Por eso, \u201ca partir de principios de abril, y en algunos casos incluso antes &#8211;porque hay elecci\u00f3n de gobernador, y en esos estados arrancar\u00e1n antes las campa\u00f1as&#8211;, la transmisi\u00f3n \u00edntegra de las conferencias ma\u00f1aneras deber\u00e1 suspenderse.<\/p>\n\n\n\n<p>\u201cPor supuesto que si un medio de comunicaci\u00f3n transmite un bite, hay una expresi\u00f3n, alg\u00fan comentario, pues eso se puede porque tiene inter\u00e9s noticioso. Pero el criterio vigente es que la transmisi\u00f3n \u00edntegra es propaganda gubernamental y la Constituci\u00f3n dice con todas sus letras que la propaganda gubernamental no se puede emitir, difundir durante las campa\u00f1as electorales, y ese es el criterio que vamos a aplicar\u201d, expuso.<\/p>\n\n\n\n<p>C\u00f3rdova particip\u00f3 en el foro Las Redes del Odio en M\u00e9xico, organizado por El Colegio de M\u00e9xico, marco en el que estableci\u00f3 que las reglas para la difusi\u00f3n o suspensi\u00f3n de propaganda gubernamental est\u00e1n claras, aunque \u2013record\u00f3&#8211; las ma\u00f1aneras pueden ser emitidas, pero no de forma ininterrumpida.<\/p>\n\n\n\n<figure class=\"wp-block-embed-youtube wp-block-embed is-type-video is-provider-youtube wp-embed-aspect-16-9 wp-has-aspect-ratio\"><div class=\"wp-block-embed__wrapper\">\n<iframe title=\"Las redes del odio en M\u00e9xico\" width=\"500\" height=\"281\" src=\"https:\/\/www.youtube.com\/embed\/DSRaY7o7cGs?feature=oembed\" frameborder=\"0\" allow=\"accelerometer; autoplay; clipboard-write; encrypted-media; gyroscope; picture-in-picture; web-share\" referrerpolicy=\"strict-origin-when-cross-origin\" allowfullscreen><\/iframe>\n<\/div><\/figure>\n\n\n\n<p>Adem\u00e1s, tambi\u00e9n sus contenidos pueden darse a conocer por los medios de comunicaci\u00f3n por tratarse de hechos noticiosos.<\/p>\n\n\n\n<p>Inform\u00f3 que adicionalmente a esas reglas ya establecidas el Consejo General acatar\u00e1 la orden del TEPJF, que el pasado s\u00e1bado 9 le orden\u00f3 que el pleno analice los alcances de la \u201ctutela inhibitoria\u201d dictada por la Comisi\u00f3n de Quejas el 30 de diciembre, mediante la que se solicit\u00f3 al mandatario Andr\u00e9s Manuel L\u00f3pez Obrador abstenerse de hacer declaraciones de \u00edndole electoral en sus conferencias ma\u00f1aneras, con el fin de no afectar la equidad en los comicios.<\/p>\n\n\n\n<p>\u201cEl s\u00e1bado fuimos notificados de esta sentencia y tendremos que discutir si vamos al Consejo General, porque lo que el Tribunal consider\u00f3 es que definir una tutela inhibitoria es una novedad en el \u00e1mbito electoral. Por lo tanto, no debe ser la Comisi\u00f3n de Quejas del INE sino su Consejo General, el m\u00e1ximo \u00f3rgano de direcci\u00f3n, el que se pronuncie\u201d al respecto.<\/p>\n\n\n\n<p>Ser\u00e1 el Consejo General el que determine con claridad cu\u00e1les con las reglas a las que se van a sujetar todos los funcionarios p\u00fablicos, \u201ces importante que no es una regla para un solo funcionario, sino para todos\u201d, estableci\u00f3.<\/p>\n\n\n\n<p>El presidente, al igual que todo funcionario p\u00fablico, tiene la obligaci\u00f3n de ser imparcial y no hacer uso de recursos p\u00fablicos o programas sociales para ayudar o afectar a partidos o candidatos, y las conferencias ma\u00f1aneras son consideradas \u201cun espacio no s\u00f3lo de informaci\u00f3n sino de promoci\u00f3n de los actos de gobierno\u201d.<\/p>\n\n\n\n<p>\u201cPor eso se les ha aplicado una tutela preventiva, ahora tutela inhibitoria, que es un llamado al presidente a que cumpla con la Constituci\u00f3n y no viole ese mandato de que desde su investidura intervenga de alguna manera con comentarios que pueden distorsionar la equidad en la contienda\u201d.<\/p>\n\n\n\n<p>Fuente: https:\/\/www.proceso.com.mx\/nacional\/2021\/1\/11\/el-abril-debera-suspenderse-la-transmision-integra-de-las-mananeras-lorenzo-cordova-256056.html<\/p>\n","protected":false},"excerpt":{"rendered":"<p>El criterio vigente es que la transmisi\u00f3n \u00edntegra de las conferencias presidenciales es propaganda gubernamental y por lo tanto no [&hellip;]<\/p>\n","protected":false},"author":1,"featured_media":3217,"comment_status":"open","ping_status":"open","sticky":false,"template":"","format":"standard","meta":{"site-sidebar-layout":"default","site-content-layout":"","ast-site-content-layout":"default","site-content-style":"default","site-sidebar-style":"default","ast-global-header-display":"","ast-banner-title-visibility":"","ast-main-header-display":"","ast-hfb-above-header-display":"","ast-hfb-below-header-display":"","ast-hfb-mobile-header-display":"","site-post-title":"","ast-breadcrumbs-content":"","ast-featured-img":"","footer-sml-layout":"","theme-transparent-header-meta":"","adv-header-id-meta":"","stick-header-meta":"","header-above-stick-meta":"","header-main-stick-meta":"","header-below-stick-meta":"","astra-migrate-meta-layouts":"default","ast-page-background-enabled":"default","ast-page-background-meta":{"desktop":{"background-color":"var(--ast-global-color-4)","background-image":"","background-repeat":"repeat","background-position":"center center","background-size":"auto","background-attachment":"scroll","background-type":"","background-media":"","overlay-type":"","overlay-color":"","overlay-opacity":"","overlay-gradient":""},"tablet":{"background-color":"","background-image":"","background-repeat":"repeat","background-position":"center center","background-size":"auto","background-attachment":"scroll","background-type":"","background-media":"","overlay-type":"","overlay-color":"","overlay-opacity":"","overlay-gradient":""},"mobile":{"background-color":"","background-image":"","background-repeat":"repeat","background-position":"center center","background-size":"auto","background-attachment":"scroll","background-type":"","background-media":"","overlay-type":"","overlay-color":"","overlay-opacity":"","overlay-gradient":""}},"ast-content-background-meta":{"desktop":{"background-color":"var(--ast-global-color-5)","background-image":"","background-repeat":"repeat","background-position":"center center","background-size":"auto","background-attachment":"scroll","background-type":"","background-media":"","overlay-type":"","overlay-color":"","overlay-opacity":"","overlay-gradient":""},"tablet":{"background-color":"var(--ast-global-color-5)","background-image":"","background-repeat":"repeat","background-position":"center center","background-size":"auto","background-attachment":"scroll","background-type":"","background-media":"","overlay-type":"","overlay-color":"","overlay-opacity":"","overlay-gradient":""},"mobile":{"background-color":"var(--ast-global-color-5)","background-image":"","background-repeat":"repeat","background-position":"center center","background-size":"auto","background-attachment":"scroll","background-type":"","background-media":"","overlay-type":"","overlay-color":"","overlay-opacity":"","overlay-gradient":""}},"footnotes":""},"categories":[8],"tags":[],"class_list":["post-3216","post","type-post","status-publish","format-standard","has-post-thumbnail","hentry","category-noticias"],"_links":{"self":[{"href":"https:\/\/losperiodistas.com.mx\/portal\/wp-json\/wp\/v2\/posts\/3216","targetHints":{"allow":["GET"]}}],"collection":[{"href":"https:\/\/losperiodistas.com.mx\/portal\/wp-json\/wp\/v2\/posts"}],"about":[{"href":"https:\/\/losperiodistas.com.mx\/portal\/wp-json\/wp\/v2\/types\/post"}],"author":[{"embeddable":true,"href":"https:\/\/losperiodistas.com.mx\/portal\/wp-json\/wp\/v2\/users\/1"}],"replies":[{"embeddable":true,"href":"https:\/\/losperiodistas.com.mx\/portal\/wp-json\/wp\/v2\/comments?post=3216"}],"version-history":[{"count":1,"href":"https:\/\/losperiodistas.com.mx\/portal\/wp-json\/wp\/v2\/posts\/3216\/revisions"}],"predecessor-version":[{"id":3218,"href":"https:\/\/losperiodistas.com.mx\/portal\/wp-json\/wp\/v2\/posts\/3216\/revisions\/3218"}],"wp:featuredmedia":[{"embeddable":true,"href":"https:\/\/losperiodistas.com.mx\/portal\/wp-json\/wp\/v2\/media\/3217"}],"wp:attachment":[{"href":"https:\/\/losperiodistas.com.mx\/portal\/wp-json\/wp\/v2\/media?parent=3216"}],"wp:term":[{"taxonomy":"category","embeddable":true,"href":"https:\/\/losperiodistas.com.mx\/portal\/wp-json\/wp\/v2\/categories?post=3216"},{"taxonomy":"post_tag","embeddable":true,"href":"https:\/\/losperiodistas.com.mx\/portal\/wp-json\/wp\/v2\/tags?post=3216"}],"curies":[{"name":"wp","href":"https:\/\/api.w.org\/{rel}","templated":true}]}}