{"id":32158,"date":"2022-07-15T04:23:55","date_gmt":"2022-07-15T09:23:55","guid":{"rendered":"http:\/\/losperiodistas.com.mx\/portal\/?p=32158"},"modified":"2022-07-15T04:23:57","modified_gmt":"2022-07-15T09:23:57","slug":"kierkegaard-y-la-sencilla-filosofia-aplicada-del-querido-lector-infobae","status":"publish","type":"post","link":"https:\/\/losperiodistas.com.mx\/portal\/kierkegaard-y-la-sencilla-filosofia-aplicada-del-querido-lector-infobae\/","title":{"rendered":"Kierkegaard y la sencilla filosof\u00eda aplicada del \u201cquerido lector\u201d | Infobae"},"content":{"rendered":"\n<p>El intelectual dan\u00e9s, padre del existencialismo, se sab\u00eda un consumidor de su propia obra antes que e<em>scritor. Por eso sus libros no est\u00e1n del todo terminados y exigen que el p\u00fablico los haga suyos, es la teor\u00eda central de esta nota<\/em><\/p>\n\n\n\n<p><\/p>\n\n\n\n<figure class=\"wp-block-image size-large is-style-default\"><img fetchpriority=\"high\" decoding=\"async\" width=\"1024\" height=\"576\" src=\"https:\/\/losperiodistas.com.mx\/portal\/wp-content\/uploads\/2022\/07\/I26QMLRXNJHHZAHL7VOX6UNCYE-1024x576.jpg\" alt=\"\" class=\"wp-image-32159\" srcset=\"https:\/\/losperiodistas.com.mx\/portal\/wp-content\/uploads\/2022\/07\/I26QMLRXNJHHZAHL7VOX6UNCYE-1024x576.jpg 1024w, https:\/\/losperiodistas.com.mx\/portal\/wp-content\/uploads\/2022\/07\/I26QMLRXNJHHZAHL7VOX6UNCYE-300x169.jpg 300w, https:\/\/losperiodistas.com.mx\/portal\/wp-content\/uploads\/2022\/07\/I26QMLRXNJHHZAHL7VOX6UNCYE-768x432.jpg 768w, https:\/\/losperiodistas.com.mx\/portal\/wp-content\/uploads\/2022\/07\/I26QMLRXNJHHZAHL7VOX6UNCYE.jpg 1440w\" sizes=\"(max-width: 1024px) 100vw, 1024px\" \/><figcaption>S\u00f8ren Kierkegaard (a la izquierda del todo) entrando en un sal\u00f3n en Copenhague. Obra de P.C. Kl\u00e6strup. Bruun Rasmussen \/ Wikimedia Commons (Wikipedia)<\/figcaption><\/figure>\n\n\n\n<p class=\"has-vivid-cyan-blue-color has-text-color has-medium-font-size\">\u00c1NGEL VI\u00d1AS VERA \/ INFOBAE<\/p>\n\n\n\n<p>Cualquier parecido entre lo que sea la filosof\u00eda en su ideal y lo que aparece en los medios y las redes sociales actualmente es mera coincidencia.<\/p>\n\n\n\n<p>A algunos de los que nos dedicamos en cuerpo y alma a esto nos causa perplejidad que s\u00f3lo est\u00e9 en el foco medi\u00e1tico la filosof\u00eda que vende, la que es pol\u00e9mica o la que quiere ser demasiado radical sin aportar nada nuevo.<\/p>\n\n\n\n<p>Una de las preguntas decisivas a la hora de ponerse a hacer filosof\u00eda es, junto con la convicci\u00f3n aguda de que uno llega siempre tarde, el plantearse c\u00f3mo vivir filos\u00f3ficamente. La filosof\u00eda, al menos la que nace de&nbsp;<strong>S\u00f3crates<\/strong>, es a la vez lo m\u00e1s necesario en la vida y, tambi\u00e9n, lo que viene siempre despu\u00e9s de haber vivido, actuado, hablado mucho.<\/p>\n\n\n\n<p><strong>\u00bfCon qu\u00e9 temple hacer filosof\u00eda hoy?<\/strong><\/p>\n\n\n\n<p><strong>Martin Heidegger<\/strong>&nbsp;enfatiz\u00f3 la angustia como temple fundamental para poder vivir aut\u00e9nticamente en este mundo finito, una angustia ante la nada. Con independencia de saber si alguien ha podido vivirla, el fil\u00f3sofo dan\u00e9s&nbsp;<strong>S\u00f8ren Kierkegaard<\/strong>&nbsp;desarrolla esa idea de manera diferente en&nbsp;<em><strong>El concepto de la angustia<\/strong><\/em>. \u00c9l habla m\u00e1s bien de ansia, porque trata un sentimiento de atracci\u00f3n y\/o repulsi\u00f3n que se puede dar ante el bien y el mal, la muerte, el amor, pero no ante la nada.<\/p>\n\n\n\n<p>El fil\u00f3sofo dan\u00e9s defiende que se puede vivir, y escribir, con temples variados. Es m\u00e1s, es muy dif\u00edcil que haya uno principal. Para descubrir c\u00f3mo entend\u00eda los estados de \u00e1nimo con los que hacer filosof\u00eda ayuda ver c\u00f3mo escribi\u00f3 \u00e9l su obra.<\/p>\n\n\n\n<p>Si el que hace filosof\u00eda, es decir, el que escribe y habla con amigos y amigas en libertad, la entiende desde el di\u00e1logo, esa persona no puede olvidar nunca con qui\u00e9n habla. \u00bfSe debe escribir igual si hablas del amor a alguien enamorado, de la materia a un f\u00edsico, de la libertad a un libertino, de la belleza a un pintor o de los n\u00fameros a un poeta?<\/p>\n\n\n\n<p><strong>Kierkegaard&nbsp;<\/strong>escribi\u00f3 libros de forma apasionada a un seductor empedernido, un l\u00f3gico tremendo, un angustiado, una enamorada, un creyente deseoso de amar, un arrepentido o un ni\u00f1o. El temple con el que escribe incluye impl\u00edcitamente una forma de comprender al lector.<\/p>\n\n\n\n<p><strong>El querido lector<\/strong><\/p>\n\n\n\n<p><strong>Kierkegaard&nbsp;<\/strong>realiz\u00f3 casi toda su obra con respeto y amor a&nbsp;<em>su querido lector<\/em>&nbsp;(<em>Min kj\u00e6re L\u00e6ser<\/em>). Escribe dirigi\u00e9ndose de manera directa a su lector, sin considerar su autor\u00eda como un nuevo sistema superior al anterior.<\/p>\n\n\n\n<p>Por eso les dice a sus lectores que es una tonter\u00eda que est\u00e9n de acuerdo con \u00e9l o sus ideas. Si algo es verdad, no lo es porque Kierkegaard lo diga o lo haya descubierto. \u00c9l no es creador de nada. No se puede leer su obra como quien acoge un edificio completo donde poder vivir, sino como una forma de obtener materiales para construir la casa donde uno puede existir en verdad.<\/p>\n\n\n\n<p>Al final de su libro&nbsp;<em><strong>La repetici\u00f3n<\/strong><\/em>se dirige as\u00ed a&nbsp;<em>su<\/em>&nbsp;lector: \u201cMi querido lector: Perdona que te hable con tanta confianza, pero no te preocupes, que todo quedar\u00e1 entre nosotros. Porque a pesar de ser un personaje ficticio, no eres para m\u00ed una colectividad, una multitud indiferenciada, sino un individuo particular\u201d.<\/p>\n\n\n\n<p>Seg\u00fan el pensador dan\u00e9s, algunos escriben libros de filosof\u00eda de tal manera que ya s\u00f3lo hacen falta lectores. As\u00ed lo dice en&nbsp;<em><strong>Pr\u00f3logos<\/strong><\/em>, un libro en el que ofrece prefacios correspondientes a libros inexistentes.<\/p>\n\n\n\n<p>Aborda ah\u00ed ese tipo de filosof\u00eda que elabora un sistema, es decir, que es capaz de pensar toda la diversidad de la realidad bajo un \u00faltimo y \u00fanico principio explicativo. A los que escriben libros as\u00ed les dice: \u201cEn cuanto este haya salido, las posteriores generaciones no tendr\u00e1n siquiera necesidad de aprender a escribir, pues no habr\u00e1 ya nada m\u00e1s que escribir, sino solo que leer: el Sistema\u201d.<\/p>\n\n\n\n<p>Evidentemente no entiende as\u00ed su propia escritura, el temple o su manera de hacer filosof\u00eda.&nbsp;<strong>Kierkegaard&nbsp;<\/strong>sabe que, antes que un escritor, \u00e9l es un lector, tambi\u00e9n de su propia obra. Nunca sus libros est\u00e1n del todo terminados porque exigen, suplican, que el lector los haga suyos.<\/p>\n\n\n\n<p><strong>Escribir es algo muy serio<\/strong><\/p>\n\n\n\n<p><strong>S\u00f3crates<\/strong>, al que \u00e9l considera su modelo como fil\u00f3sofo, no escribi\u00f3 nada y consideraba que hablar era una tarea muy noble. De ah\u00ed que criticara a los sofistas que hac\u00edan negocio ense\u00f1ando a hablar para parecer y tener \u00e9xito.<\/p>\n\n\n\n<p>Si S\u00f3crates ense\u00f1\u00f3, a aquellos que quieren aprender con \u00e9l, que el hecho de hablar era algo muy serio,&nbsp;<strong>Kierkegaard&nbsp;<\/strong>lo hace con el hecho de escribir, entendido por \u00e9l como otra manera de hablar.<img decoding=\"async\" alt=\"Posible retrato de Kierkegaard en una cafeter\u00eda, obra de Christian Olavius Zeuthen. The Museum of National History \/ Wikimedia Commons (Wikipedia)\" height=\"904\" width=\"1080\" class=\"\" src=\"https:\/\/cloudfront-us-east-1.images.arcpublishing.com\/infobae\/BZGBINICNZGKRMOH6DS7NLFVGU.jpg\" srcset=\"https:\/\/www.infobae.com\/new-resizer\/i4qwqKEOyCh5d4Z4keEd35Grcd8=\/992x850\/filters:format(webp):quality(85)\/cloudfront-us-east-1.images.arcpublishing.com\/infobae\/BZGBINICNZGKRMOH6DS7NLFVGU.jpg 992w\">Posible retrato de Kierkegaard en una cafeter\u00eda, obra de Christian Olavius Zeuthen. The Museum of National History \/ Wikimedia Commons (Wikipedia)<\/p>\n\n\n\n<p>Es serio porque lo que decimos crea realidad, pone en el espacio p\u00fablico ideales o mentiras, condena o edifica. La escritura es una tarea ardua no porque uno est\u00e9 descubriendo la verdad a los ignorantes, sino porque uno es una partera, como la madre de S\u00f3crates, que ayuda al lector a que, mediante el di\u00e1logo con el libro, pueda ser invitado a una vida apasionada por la verdad.<\/p>\n\n\n\n<p>Termino con otro texto de&nbsp;<strong>Kierkegaard<\/strong>, del pr\u00f3logo de&nbsp;<em><strong>Discursos edificantes<\/strong><\/em>&nbsp;de 1843. En el libro podemos encontrar no s\u00f3lo tem\u00e1tica religiosa o expl\u00edcitamente cristiana, que tambi\u00e9n, sino un acercamiento a los temas filos\u00f3ficos por un m\u00e9todo indirecto y provechoso.<\/p>\n\n\n\n<p>\u00bfC\u00f3mo comprend\u00eda, pues, Kierkegaard la relaci\u00f3n entre sus escritos y el lector? Refiri\u00e9ndose a su obra dijo esto: \u201cAll\u00ed estaba, como una florecilla insignificante oculta en el gran bosque, que nadie busca ni en funci\u00f3n de su ornato, ni de su aroma, ni como alimento. Pero entonces vi tambi\u00e9n, o cre\u00ed ver, que ese p\u00e1jaro que yo llamo mi lector puso de s\u00fabito los ojos en ella, se lanz\u00f3 en vuelo, la recogi\u00f3 y se la llev\u00f3. Y, habiendo visto esto, ya no vi m\u00e1s\u201d.<\/p>\n\n\n\n<p><em>*\u00c1ngel Vi\u00f1as Vera es profesor de Filosof\u00eda moral, Universidad Loyola Andaluc\u00eda.<\/em><\/p>\n\n\n\n<p>Publicado originalmente en\u00a0<a href=\"https:\/\/theconversation.com\/la-filosofia-y-el-querido-lector-de-soren-kierkegaard-184510\" target=\"_blank\" rel=\"noreferrer noopener\"><em>The Conversation<\/em><\/a><em>.<\/em><\/p>\n\n\n\n<p>Fuente: https:\/\/www.infobae.com\/cultura\/2022\/07\/15\/kierkegaard-y-la-filosofia-del-querido-lector\/<\/p>\n","protected":false},"excerpt":{"rendered":"<p>El intelectual dan\u00e9s, padre del existencialismo, se sab\u00eda un consumidor de su propia obra antes que escritor. Por eso sus [&hellip;]<\/p>\n","protected":false},"author":1,"featured_media":32159,"comment_status":"open","ping_status":"open","sticky":false,"template":"","format":"standard","meta":{"site-sidebar-layout":"default","site-content-layout":"","ast-site-content-layout":"default","site-content-style":"default","site-sidebar-style":"default","ast-global-header-display":"","ast-banner-title-visibility":"","ast-main-header-display":"","ast-hfb-above-header-display":"","ast-hfb-below-header-display":"","ast-hfb-mobile-header-display":"","site-post-title":"","ast-breadcrumbs-content":"","ast-featured-img":"","footer-sml-layout":"","theme-transparent-header-meta":"","adv-header-id-meta":"","stick-header-meta":"","header-above-stick-meta":"","header-main-stick-meta":"","header-below-stick-meta":"","astra-migrate-meta-layouts":"default","ast-page-background-enabled":"default","ast-page-background-meta":{"desktop":{"background-color":"var(--ast-global-color-4)","background-image":"","background-repeat":"repeat","background-position":"center center","background-size":"auto","background-attachment":"scroll","background-type":"","background-media":"","overlay-type":"","overlay-color":"","overlay-opacity":"","overlay-gradient":""},"tablet":{"background-color":"","background-image":"","background-repeat":"repeat","background-position":"center center","background-size":"auto","background-attachment":"scroll","background-type":"","background-media":"","overlay-type":"","overlay-color":"","overlay-opacity":"","overlay-gradient":""},"mobile":{"background-color":"","background-image":"","background-repeat":"repeat","background-position":"center center","background-size":"auto","background-attachment":"scroll","background-type":"","background-media":"","overlay-type":"","overlay-color":"","overlay-opacity":"","overlay-gradient":""}},"ast-content-background-meta":{"desktop":{"background-color":"var(--ast-global-color-5)","background-image":"","background-repeat":"repeat","background-position":"center center","background-size":"auto","background-attachment":"scroll","background-type":"","background-media":"","overlay-type":"","overlay-color":"","overlay-opacity":"","overlay-gradient":""},"tablet":{"background-color":"var(--ast-global-color-5)","background-image":"","background-repeat":"repeat","background-position":"center center","background-size":"auto","background-attachment":"scroll","background-type":"","background-media":"","overlay-type":"","overlay-color":"","overlay-opacity":"","overlay-gradient":""},"mobile":{"background-color":"var(--ast-global-color-5)","background-image":"","background-repeat":"repeat","background-position":"center center","background-size":"auto","background-attachment":"scroll","background-type":"","background-media":"","overlay-type":"","overlay-color":"","overlay-opacity":"","overlay-gradient":""}},"footnotes":""},"categories":[8],"tags":[3958,11383],"class_list":["post-32158","post","type-post","status-publish","format-standard","has-post-thumbnail","hentry","category-noticias","tag-filosofia","tag-kierkegaard"],"_links":{"self":[{"href":"https:\/\/losperiodistas.com.mx\/portal\/wp-json\/wp\/v2\/posts\/32158","targetHints":{"allow":["GET"]}}],"collection":[{"href":"https:\/\/losperiodistas.com.mx\/portal\/wp-json\/wp\/v2\/posts"}],"about":[{"href":"https:\/\/losperiodistas.com.mx\/portal\/wp-json\/wp\/v2\/types\/post"}],"author":[{"embeddable":true,"href":"https:\/\/losperiodistas.com.mx\/portal\/wp-json\/wp\/v2\/users\/1"}],"replies":[{"embeddable":true,"href":"https:\/\/losperiodistas.com.mx\/portal\/wp-json\/wp\/v2\/comments?post=32158"}],"version-history":[{"count":1,"href":"https:\/\/losperiodistas.com.mx\/portal\/wp-json\/wp\/v2\/posts\/32158\/revisions"}],"predecessor-version":[{"id":32160,"href":"https:\/\/losperiodistas.com.mx\/portal\/wp-json\/wp\/v2\/posts\/32158\/revisions\/32160"}],"wp:featuredmedia":[{"embeddable":true,"href":"https:\/\/losperiodistas.com.mx\/portal\/wp-json\/wp\/v2\/media\/32159"}],"wp:attachment":[{"href":"https:\/\/losperiodistas.com.mx\/portal\/wp-json\/wp\/v2\/media?parent=32158"}],"wp:term":[{"taxonomy":"category","embeddable":true,"href":"https:\/\/losperiodistas.com.mx\/portal\/wp-json\/wp\/v2\/categories?post=32158"},{"taxonomy":"post_tag","embeddable":true,"href":"https:\/\/losperiodistas.com.mx\/portal\/wp-json\/wp\/v2\/tags?post=32158"}],"curies":[{"name":"wp","href":"https:\/\/api.w.org\/{rel}","templated":true}]}}