{"id":32155,"date":"2022-07-15T04:14:36","date_gmt":"2022-07-15T09:14:36","guid":{"rendered":"http:\/\/losperiodistas.com.mx\/portal\/?p=32155"},"modified":"2022-07-15T04:14:38","modified_gmt":"2022-07-15T09:14:38","slug":"el-uso-de-la-tecnologia-y-energias-limpias-modernizan-la-produccion-del-campo-upress","status":"publish","type":"post","link":"https:\/\/losperiodistas.com.mx\/portal\/el-uso-de-la-tecnologia-y-energias-limpias-modernizan-la-produccion-del-campo-upress\/","title":{"rendered":"El uso de la tecnolog\u00eda y energ\u00edas limpias modernizan la producci\u00f3n del campo\u00a0| Upress"},"content":{"rendered":"\n<p><em>Para mitigar un poco los impactos de la crisis econ\u00f3mica del campo, se debe considerar c\u00f3mo bajar los costos a trav\u00e9s del uso de la agricultura de conservaci\u00f3n; tecnificaci\u00f3n de los sistemas de riego, uso de productos naturales, desde extractos vegetales para control de plagas y enfermedades e implementar energ\u00edas alternas o energ\u00edas limpias.<\/em><\/p>\n\n\n\n<p><\/p>\n\n\n\n<figure class=\"wp-block-image size-full is-style-default\"><img fetchpriority=\"high\" decoding=\"async\" width=\"700\" height=\"540\" src=\"https:\/\/losperiodistas.com.mx\/portal\/wp-content\/uploads\/2022\/07\/140722_Agronomia.jpeg\" alt=\"\" class=\"wp-image-32156\" srcset=\"https:\/\/losperiodistas.com.mx\/portal\/wp-content\/uploads\/2022\/07\/140722_Agronomia.jpeg 700w, https:\/\/losperiodistas.com.mx\/portal\/wp-content\/uploads\/2022\/07\/140722_Agronomia-300x231.jpeg 300w\" sizes=\"(max-width: 700px) 100vw, 700px\" \/><\/figure>\n\n\n\n<p><\/p>\n\n\n\n<p class=\"has-vivid-cyan-blue-color has-text-color has-medium-font-size\">JUAN M\u00c9NDEZ \/ UPRESS<\/p>\n\n\n\n<p>En el sector agropecuario y agroalimentario, incluyendo todas las vertientes que tiene la producci\u00f3n agr\u00edcola, la producci\u00f3n ganadera, av\u00edcola y toda aquella que impacta en la producci\u00f3n forestal en temas que no son de cultivos alimenticios como las ornamentales, especies arom\u00e1ticas, agricultura forrajera para alimentar al ganado, ha resentido tambi\u00e9n el impacto de una crisis global econ\u00f3mica que viene caminando desde hace m\u00e1s de dos a\u00f1os con la recurrente oleada de contagios de Covid-19 que tienen impacto en el empleo, en los ingresos familiares, en la eficiencia de las empresas en donde el empleado tiene la necesidad de ausentarse por cuestiones de salud tiene alguna repercusi\u00f3n.<\/p>\n\n\n\n<p>El sector agropecuario en M\u00e9xico a pesar de la crisis de salud que todav\u00eda se vive, no ha ca\u00eddo en sus ingresos como el resto de otros sectores en la econom\u00eda, en la industria y en los servicios que se vinieron abajo, el sector agropecuario no s\u00f3lo se mantuvo, sino que creci\u00f3 de manera importante durante la pandemia, se\u00f1al\u00f3 Luis Andr\u00e9s Cabrera Maule\u00f3n, catedr\u00e1tico de la Facultad de Ingenier\u00eda en Agronom\u00eda de la UPAEP.<\/p>\n\n\n\n<p>Dijo que durante los dos primeros a\u00f1os de la pandemia, se modificaron los h\u00e1bitos de consumo de productos en fresco, se observ\u00f3 que las familias en general no estaban comprando frutas y verduras, sino que en el confinamiento la demanda fue de productos procesados, de productos enlatados, precocidos, congelados, que se pudieran guardar en la casa, ante la situaci\u00f3n de no poder salir a la calle para el abastecimiento de productos frescos.<\/p>\n\n\n\n<p>Luis Andr\u00e9s Cabrera manifest\u00f3 que ante este escenario de la baja de consumo de productos frescos, los productores se vieron en la necesidad de ofrecer sus productos m\u00e1s baratos, ver reducidos sus recursos econ\u00f3micos, reducidos sus costos de producci\u00f3n y tener algo de ingresos, situaci\u00f3n que ocurri\u00f3 durante el primer a\u00f1o de la pandemia.<\/p>\n\n\n\n<p>Coment\u00f3 que con la reactivaci\u00f3n econ\u00f3mica que se ha venido dando de manera paulatina, el sector agropecuario nunca par\u00f3, pero si vio reducidos los m\u00e1rgenes de ingreso para los productores del campo.<\/p>\n\n\n\n<p>Con el incremento de los precios en los productos provenientes del sector agropecuario, se est\u00e1 dando una p\u00e9rdida significativa del poder adquisitivo de las familias, dijo que est\u00e1n influyendo por una parte el incremento de los insumos para la agricultura, que obviamente pega en los costos de producci\u00f3n y en los precios de venta que no se pueden mover mucho, no permiten al productor tener una recuperaci\u00f3n de esa inversi\u00f3n o de alguna ganancia, reiter\u00f3 el acad\u00e9mico.<\/p>\n\n\n\n<p>Cabrera Maule\u00f3n, dijo que ante esta situaci\u00f3n que se est\u00e1 viviendo con la producci\u00f3n agropecuaria, se tiene que buscar c\u00f3mo reducir los costos de producci\u00f3n, que tiene que ver con el uso de tecnolog\u00eda, maquinaria, insumos, energ\u00edas que en conjunto, su uso eleva sus costos.<\/p>\n\n\n\n<p>Al referirse a la agricultura de conservaci\u00f3n como una alternativa para mitigar el costo elevado en los productos provenientes de este sector, implica una relaci\u00f3n de sustentabilidad en el trabajo agr\u00edcola de la conservaci\u00f3n de los recursos naturales, del entorno ecol\u00f3gico, implementaci\u00f3n de tecnolog\u00eda en los sistemas de riego, uso de productos naturales como el uso de materia org\u00e1nica que es parte del uso de la agricultura de conservaci\u00f3n, porque cada porcentaje de materia org\u00e1nica que se tiene de incremento en el suelo, act\u00faa como una esponja en los suelos agr\u00edcolas aunque haya poca humedad o poca lluvia, la conserva por mayor tiempo y la planta la va liberando conforme la vaya necesitando.<\/p>\n\n\n\n<p>Por \u00faltimo, Luis Andr\u00e9s Cabrera Maule\u00f3n expres\u00f3 que para mitigar un poco los impactos de la crisis econ\u00f3mica del campo, se debe considerar c\u00f3mo bajar los costos a trav\u00e9s del uso de la agricultura de conservaci\u00f3n; tecnificaci\u00f3n de los sistemas de riego, el uso de productos naturales, desde extractos vegetales para control de plagas, enfermedades, agregar materia org\u00e1nica como restos de comida y depender menos del uso de la energ\u00eda proveniente del uso de hidrocarburos y sustituirlas por energ\u00edas alternas o energ\u00edas limpias.<\/p>\n\n\n\n<p>Fuente: https:\/\/upress.mx\/secciones\/arte-y-cultura\/9414-el-uso-de-la-tecnolog%C3%ADa-y-energ%C3%ADas-limpias-modernizan-la-producci%C3%B3n-del-campo<\/p>\n","protected":false},"excerpt":{"rendered":"<p>Para mitigar un poco los impactos de la crisis econ\u00f3mica del campo, se debe considerar c\u00f3mo bajar los costos a [&hellip;]<\/p>\n","protected":false},"author":1,"featured_media":32156,"comment_status":"open","ping_status":"open","sticky":false,"template":"","format":"standard","meta":{"site-sidebar-layout":"default","site-content-layout":"","ast-site-content-layout":"default","site-content-style":"default","site-sidebar-style":"default","ast-global-header-display":"","ast-banner-title-visibility":"","ast-main-header-display":"","ast-hfb-above-header-display":"","ast-hfb-below-header-display":"","ast-hfb-mobile-header-display":"","site-post-title":"","ast-breadcrumbs-content":"","ast-featured-img":"","footer-sml-layout":"","theme-transparent-header-meta":"","adv-header-id-meta":"","stick-header-meta":"","header-above-stick-meta":"","header-main-stick-meta":"","header-below-stick-meta":"","astra-migrate-meta-layouts":"default","ast-page-background-enabled":"default","ast-page-background-meta":{"desktop":{"background-color":"var(--ast-global-color-4)","background-image":"","background-repeat":"repeat","background-position":"center center","background-size":"auto","background-attachment":"scroll","background-type":"","background-media":"","overlay-type":"","overlay-color":"","overlay-opacity":"","overlay-gradient":""},"tablet":{"background-color":"","background-image":"","background-repeat":"repeat","background-position":"center center","background-size":"auto","background-attachment":"scroll","background-type":"","background-media":"","overlay-type":"","overlay-color":"","overlay-opacity":"","overlay-gradient":""},"mobile":{"background-color":"","background-image":"","background-repeat":"repeat","background-position":"center center","background-size":"auto","background-attachment":"scroll","background-type":"","background-media":"","overlay-type":"","overlay-color":"","overlay-opacity":"","overlay-gradient":""}},"ast-content-background-meta":{"desktop":{"background-color":"var(--ast-global-color-5)","background-image":"","background-repeat":"repeat","background-position":"center center","background-size":"auto","background-attachment":"scroll","background-type":"","background-media":"","overlay-type":"","overlay-color":"","overlay-opacity":"","overlay-gradient":""},"tablet":{"background-color":"var(--ast-global-color-5)","background-image":"","background-repeat":"repeat","background-position":"center center","background-size":"auto","background-attachment":"scroll","background-type":"","background-media":"","overlay-type":"","overlay-color":"","overlay-opacity":"","overlay-gradient":""},"mobile":{"background-color":"var(--ast-global-color-5)","background-image":"","background-repeat":"repeat","background-position":"center center","background-size":"auto","background-attachment":"scroll","background-type":"","background-media":"","overlay-type":"","overlay-color":"","overlay-opacity":"","overlay-gradient":""}},"footnotes":""},"categories":[8],"tags":[7564,11382],"class_list":["post-32155","post","type-post","status-publish","format-standard","has-post-thumbnail","hentry","category-noticias","tag-energias-limpias","tag-sector-agropecuario"],"_links":{"self":[{"href":"https:\/\/losperiodistas.com.mx\/portal\/wp-json\/wp\/v2\/posts\/32155","targetHints":{"allow":["GET"]}}],"collection":[{"href":"https:\/\/losperiodistas.com.mx\/portal\/wp-json\/wp\/v2\/posts"}],"about":[{"href":"https:\/\/losperiodistas.com.mx\/portal\/wp-json\/wp\/v2\/types\/post"}],"author":[{"embeddable":true,"href":"https:\/\/losperiodistas.com.mx\/portal\/wp-json\/wp\/v2\/users\/1"}],"replies":[{"embeddable":true,"href":"https:\/\/losperiodistas.com.mx\/portal\/wp-json\/wp\/v2\/comments?post=32155"}],"version-history":[{"count":1,"href":"https:\/\/losperiodistas.com.mx\/portal\/wp-json\/wp\/v2\/posts\/32155\/revisions"}],"predecessor-version":[{"id":32157,"href":"https:\/\/losperiodistas.com.mx\/portal\/wp-json\/wp\/v2\/posts\/32155\/revisions\/32157"}],"wp:featuredmedia":[{"embeddable":true,"href":"https:\/\/losperiodistas.com.mx\/portal\/wp-json\/wp\/v2\/media\/32156"}],"wp:attachment":[{"href":"https:\/\/losperiodistas.com.mx\/portal\/wp-json\/wp\/v2\/media?parent=32155"}],"wp:term":[{"taxonomy":"category","embeddable":true,"href":"https:\/\/losperiodistas.com.mx\/portal\/wp-json\/wp\/v2\/categories?post=32155"},{"taxonomy":"post_tag","embeddable":true,"href":"https:\/\/losperiodistas.com.mx\/portal\/wp-json\/wp\/v2\/tags?post=32155"}],"curies":[{"name":"wp","href":"https:\/\/api.w.org\/{rel}","templated":true}]}}