{"id":32152,"date":"2022-07-15T04:06:31","date_gmt":"2022-07-15T09:06:31","guid":{"rendered":"http:\/\/losperiodistas.com.mx\/portal\/?p=32152"},"modified":"2022-07-15T04:06:33","modified_gmt":"2022-07-15T09:06:33","slug":"mexico-registra-mas-de-34-mil-contagios-covid-en-ultimas-24-horas-excelsior-digital","status":"publish","type":"post","link":"https:\/\/losperiodistas.com.mx\/portal\/mexico-registra-mas-de-34-mil-contagios-covid-en-ultimas-24-horas-excelsior-digital\/","title":{"rendered":"M\u00e9xico registra m\u00e1s de 34 mil contagios covid en \u00faltimas 24 horas | Exc\u00e9lsior Digital"},"content":{"rendered":"\n<p><em>La Secretar\u00eda de Salud federal inform\u00f3 que en las \u00faltimas 24 horas, M\u00e9xico registr\u00f3 34 mil 885 casos nuevos y 74 muertes por covid-19.<\/em><\/p>\n\n\n\n<p><\/p>\n\n\n\n<figure class=\"wp-block-image size-full is-style-default\"><img fetchpriority=\"high\" decoding=\"async\" width=\"800\" height=\"600\" src=\"https:\/\/losperiodistas.com.mx\/portal\/wp-content\/uploads\/2022\/07\/2788616.jpeg\" alt=\"\" class=\"wp-image-32153\" srcset=\"https:\/\/losperiodistas.com.mx\/portal\/wp-content\/uploads\/2022\/07\/2788616.jpeg 800w, https:\/\/losperiodistas.com.mx\/portal\/wp-content\/uploads\/2022\/07\/2788616-300x225.jpeg 300w, https:\/\/losperiodistas.com.mx\/portal\/wp-content\/uploads\/2022\/07\/2788616-768x576.jpeg 768w\" sizes=\"(max-width: 800px) 100vw, 800px\" \/><figcaption>Exc\u00e9lsior Digital<\/figcaption><\/figure>\n\n\n\n<p><\/p>\n\n\n\n<p class=\"has-vivid-cyan-blue-color has-text-color has-medium-font-size\">JC SEGUNDO \/ EXC\u00c9LSIOR DIGITAL<\/p>\n\n\n\n<p>La<strong>&nbsp;Secretar\u00eda de Salud federal&nbsp;<\/strong>inform\u00f3 que en las \u00faltimas 24 horas, M\u00e9xico registr\u00f3&nbsp;<strong><a href=\"https:\/\/www.excelsior.com.mx\/especial\/coronavirus\" target=\"_blank\" rel=\"noreferrer noopener\">34 mil 885 casos nuevos y 74 muertes por covid-19<\/a><\/strong>, para un total de 326 mil 335 fallecidos.<\/p>\n\n\n\n<p>La distribuci\u00f3n por sexo en las defunciones confirmadas muestra un predomino del 62% en hombres. La mediana de edad en los decesos es de 64 a\u00f1os.<\/p>\n\n\n\n<p>El Informe T\u00e9cnico Diario Covid-19 tambi\u00e9n destaca que los estados que acumulan el mayor n\u00famero de casos son: Ciudad de M\u00e9xico, Estado de M\u00e9xico, Nuevo Le\u00f3n, Guanajuato, Jalisco, San Luis Potos\u00ed, Tabasco, Veracruz, Puebla y Sonora, que en conjunto conforman el 65% de todos los casos acumulados registrados en el pa\u00eds.<\/p>\n\n\n\n<p>En lo que respecta a los casos activos, aquellos positivos que iniciaron s\u00edntomas en los \u00faltimos 14 d\u00edas, hasta este 14 de julio se contabilizan 246,774.<\/p>\n\n\n\n<figure class=\"wp-block-embed is-type-rich is-provider-twitter wp-block-embed-twitter\"><div class=\"wp-block-embed__wrapper\">\n<blockquote class=\"twitter-tweet\" data-width=\"500\" data-dnt=\"true\"><p lang=\"es\" dir=\"ltr\"><a href=\"https:\/\/twitter.com\/hashtag\/%C3%9ALTIMAHORA?src=hash&amp;ref_src=twsrc%5Etfw\">#\u00daLTIMAHORA<\/a> En las \u00faltimas 24 horas, M\u00e9xico registr\u00f3 34 mil 885 casos nuevos y 74 muertes por <a href=\"https:\/\/twitter.com\/hashtag\/COVID19?src=hash&amp;ref_src=twsrc%5Etfw\">#COVID19<\/a>, para un total de 326 mil 335 fallecidos, inform\u00f3 la Secretar\u00eda de Salud <a href=\"https:\/\/twitter.com\/SSalud_mx?ref_src=twsrc%5Etfw\">@SSalud_mx<\/a>. <a href=\"https:\/\/t.co\/q6rw8BrXri\">pic.twitter.com\/q6rw8BrXri<\/a><\/p>&mdash; Ciro G\u00f3mez Leyva (@CiroGomezL) <a href=\"https:\/\/twitter.com\/CiroGomezL\/status\/1547719386152087552?ref_src=twsrc%5Etfw\">July 14, 2022<\/a><\/blockquote><script async src=\"https:\/\/platform.twitter.com\/widgets.js\" charset=\"utf-8\"><\/script>\n<\/div><\/figure>\n\n\n\n<p>Fuente: https:\/\/www.excelsior.com.mx\/nacional\/mexico-registra-mas-de-34-mil-contagios-covid-en-ultimas-24-horas\/1526888<\/p>\n","protected":false},"excerpt":{"rendered":"<p>La Secretar\u00eda de Salud federal inform\u00f3 que en las \u00faltimas 24 horas, M\u00e9xico registr\u00f3 34 mil 885 casos nuevos y [&hellip;]<\/p>\n","protected":false},"author":1,"featured_media":32153,"comment_status":"open","ping_status":"open","sticky":false,"template":"","format":"standard","meta":{"site-sidebar-layout":"default","site-content-layout":"","ast-site-content-layout":"default","site-content-style":"default","site-sidebar-style":"default","ast-global-header-display":"","ast-banner-title-visibility":"","ast-main-header-display":"","ast-hfb-above-header-display":"","ast-hfb-below-header-display":"","ast-hfb-mobile-header-display":"","site-post-title":"","ast-breadcrumbs-content":"","ast-featured-img":"","footer-sml-layout":"","theme-transparent-header-meta":"","adv-header-id-meta":"","stick-header-meta":"","header-above-stick-meta":"","header-main-stick-meta":"","header-below-stick-meta":"","astra-migrate-meta-layouts":"default","ast-page-background-enabled":"default","ast-page-background-meta":{"desktop":{"background-color":"var(--ast-global-color-4)","background-image":"","background-repeat":"repeat","background-position":"center center","background-size":"auto","background-attachment":"scroll","background-type":"","background-media":"","overlay-type":"","overlay-color":"","overlay-opacity":"","overlay-gradient":""},"tablet":{"background-color":"","background-image":"","background-repeat":"repeat","background-position":"center center","background-size":"auto","background-attachment":"scroll","background-type":"","background-media":"","overlay-type":"","overlay-color":"","overlay-opacity":"","overlay-gradient":""},"mobile":{"background-color":"","background-image":"","background-repeat":"repeat","background-position":"center center","background-size":"auto","background-attachment":"scroll","background-type":"","background-media":"","overlay-type":"","overlay-color":"","overlay-opacity":"","overlay-gradient":""}},"ast-content-background-meta":{"desktop":{"background-color":"var(--ast-global-color-5)","background-image":"","background-repeat":"repeat","background-position":"center center","background-size":"auto","background-attachment":"scroll","background-type":"","background-media":"","overlay-type":"","overlay-color":"","overlay-opacity":"","overlay-gradient":""},"tablet":{"background-color":"var(--ast-global-color-5)","background-image":"","background-repeat":"repeat","background-position":"center center","background-size":"auto","background-attachment":"scroll","background-type":"","background-media":"","overlay-type":"","overlay-color":"","overlay-opacity":"","overlay-gradient":""},"mobile":{"background-color":"var(--ast-global-color-5)","background-image":"","background-repeat":"repeat","background-position":"center center","background-size":"auto","background-attachment":"scroll","background-type":"","background-media":"","overlay-type":"","overlay-color":"","overlay-opacity":"","overlay-gradient":""}},"footnotes":""},"categories":[8],"tags":[3096,10714],"class_list":["post-32152","post","type-post","status-publish","format-standard","has-post-thumbnail","hentry","category-noticias","tag-mexico-covid","tag-quinta-ola"],"_links":{"self":[{"href":"https:\/\/losperiodistas.com.mx\/portal\/wp-json\/wp\/v2\/posts\/32152","targetHints":{"allow":["GET"]}}],"collection":[{"href":"https:\/\/losperiodistas.com.mx\/portal\/wp-json\/wp\/v2\/posts"}],"about":[{"href":"https:\/\/losperiodistas.com.mx\/portal\/wp-json\/wp\/v2\/types\/post"}],"author":[{"embeddable":true,"href":"https:\/\/losperiodistas.com.mx\/portal\/wp-json\/wp\/v2\/users\/1"}],"replies":[{"embeddable":true,"href":"https:\/\/losperiodistas.com.mx\/portal\/wp-json\/wp\/v2\/comments?post=32152"}],"version-history":[{"count":1,"href":"https:\/\/losperiodistas.com.mx\/portal\/wp-json\/wp\/v2\/posts\/32152\/revisions"}],"predecessor-version":[{"id":32154,"href":"https:\/\/losperiodistas.com.mx\/portal\/wp-json\/wp\/v2\/posts\/32152\/revisions\/32154"}],"wp:featuredmedia":[{"embeddable":true,"href":"https:\/\/losperiodistas.com.mx\/portal\/wp-json\/wp\/v2\/media\/32153"}],"wp:attachment":[{"href":"https:\/\/losperiodistas.com.mx\/portal\/wp-json\/wp\/v2\/media?parent=32152"}],"wp:term":[{"taxonomy":"category","embeddable":true,"href":"https:\/\/losperiodistas.com.mx\/portal\/wp-json\/wp\/v2\/categories?post=32152"},{"taxonomy":"post_tag","embeddable":true,"href":"https:\/\/losperiodistas.com.mx\/portal\/wp-json\/wp\/v2\/tags?post=32152"}],"curies":[{"name":"wp","href":"https:\/\/api.w.org\/{rel}","templated":true}]}}