{"id":32108,"date":"2022-07-14T10:20:32","date_gmt":"2022-07-14T15:20:32","guid":{"rendered":"http:\/\/losperiodistas.com.mx\/portal\/?p=32108"},"modified":"2022-07-14T10:20:34","modified_gmt":"2022-07-14T15:20:34","slug":"ni-fiestas-familiares-ni-conferencias-nada-amlo-detalla-como-sera-su-retiro-sinembargo","status":"publish","type":"post","link":"https:\/\/losperiodistas.com.mx\/portal\/ni-fiestas-familiares-ni-conferencias-nada-amlo-detalla-como-sera-su-retiro-sinembargo\/","title":{"rendered":"Ni fiestas familiares, ni conferencias, nada. AMLO detalla c\u00f3mo ser\u00e1 su retiro | SinEmbargo"},"content":{"rendered":"\n<p><strong><em>El mandatario adelant\u00f3 que escribir\u00eda un libro sobre el pensamiento conservador y que dejar\u00eda las redes sociales.<\/em><\/strong><\/p>\n\n\n\n<figure class=\"wp-block-image size-large is-style-default\"><img fetchpriority=\"high\" decoding=\"async\" width=\"1024\" height=\"772\" src=\"https:\/\/losperiodistas.com.mx\/portal\/wp-content\/uploads\/2022\/07\/Captura-de-Pantalla-2022-07-14-a-las-10.14.15-1024x772.jpg\" alt=\"\" class=\"wp-image-32109\" srcset=\"https:\/\/losperiodistas.com.mx\/portal\/wp-content\/uploads\/2022\/07\/Captura-de-Pantalla-2022-07-14-a-las-10.14.15-1024x772.jpg 1024w, https:\/\/losperiodistas.com.mx\/portal\/wp-content\/uploads\/2022\/07\/Captura-de-Pantalla-2022-07-14-a-las-10.14.15-300x226.jpg 300w, https:\/\/losperiodistas.com.mx\/portal\/wp-content\/uploads\/2022\/07\/Captura-de-Pantalla-2022-07-14-a-las-10.14.15-768x579.jpg 768w, https:\/\/losperiodistas.com.mx\/portal\/wp-content\/uploads\/2022\/07\/Captura-de-Pantalla-2022-07-14-a-las-10.14.15.jpg 1470w\" sizes=\"(max-width: 1024px) 100vw, 1024px\" \/><\/figure>\n\n\n\n<p><\/p>\n\n\n\n<p class=\"has-vivid-cyan-blue-color has-text-color has-medium-font-size\">REDACCI\u00d3N SINEMBARGO<\/p>\n\n\n\n<p>Ciudad de M\u00e9xico, 14 de julio (SinEmbargo).- El Presidente Andr\u00e9s Manuel&nbsp;<strong>L\u00f3pez Obrador<\/strong>&nbsp;adelant\u00f3 c\u00f3mo ser\u00eda su&nbsp;<strong>retiro<\/strong>&nbsp;una vez que termine su&nbsp;<strong>sexenio<\/strong>: sin&nbsp;<strong>redes sociales<\/strong>, ni visitas de pol\u00edticos, pero que se dedicar\u00e1 a escribir&nbsp;<strong>un libro<\/strong>&nbsp;sobre el pensamiento conservador.<\/p>\n\n\n\n<p>\u201cVoy a escribir un libro que deseo sobre el pensamiento conservador. Desde la conquista [espa\u00f1ola], con c\u00f3dices y con relatos orales c\u00f3mo era la vida p\u00fablica, pol\u00edtica en la \u00e9poca prehisp\u00e1nica y luego cu\u00e1l fue el pensamiento dominante a partir de la llegada de los invasores europeos y c\u00f3mo se fue formando el pensamiento conservador, todo el proceso\u201d, comparti\u00f3.<\/p>\n\n\n\n<p>\u201cMe voy a despedir de las redes sociales, no por groser\u00eda, porque si no lo hago as\u00ed, costar\u00eda m\u00e1s trabajo.&nbsp;No voy a recibir a pol\u00edticos, ni dirigentes ni simpatizantes del movimiento, ni a mis hijos si llevan algo que tiene que ver con la pol\u00edtica. Termino porque tambi\u00e9n no hay que tenerle mucho apego al poder ni al dinero. Ya, termin\u00f3 uno su ciclo, vienen nuevas generaciones\u201d, a\u00f1adi\u00f3.<\/p>\n\n\n\n<p>Asimismo, se dijo contento con su relevo generacional porque \u201chay muchas mujeres y hombres y porque los m\u00e1s j\u00f3venes vienen pero muy entusiasmados, convencidos, son muy inteligentes, los veo, los disfruto, los gozo en las redes sociales, tienen mucha capacidad para argumentar, es un renacimiento de la pol\u00edtica\u201d.<\/p>\n\n\n\n<p>Fuente: https:\/\/www.sinembargo.mx\/14-07-2022\/4220953 <\/p>\n","protected":false},"excerpt":{"rendered":"<p>El mandatario adelant\u00f3 que escribir\u00eda un libro sobre el pensamiento conservador y que dejar\u00eda las redes sociales. REDACCI\u00d3N SINEMBARGO Ciudad [&hellip;]<\/p>\n","protected":false},"author":1,"featured_media":32109,"comment_status":"open","ping_status":"open","sticky":false,"template":"","format":"standard","meta":{"site-sidebar-layout":"default","site-content-layout":"","ast-site-content-layout":"default","site-content-style":"default","site-sidebar-style":"default","ast-global-header-display":"","ast-banner-title-visibility":"","ast-main-header-display":"","ast-hfb-above-header-display":"","ast-hfb-below-header-display":"","ast-hfb-mobile-header-display":"","site-post-title":"","ast-breadcrumbs-content":"","ast-featured-img":"","footer-sml-layout":"","theme-transparent-header-meta":"","adv-header-id-meta":"","stick-header-meta":"","header-above-stick-meta":"","header-main-stick-meta":"","header-below-stick-meta":"","astra-migrate-meta-layouts":"default","ast-page-background-enabled":"default","ast-page-background-meta":{"desktop":{"background-color":"var(--ast-global-color-4)","background-image":"","background-repeat":"repeat","background-position":"center center","background-size":"auto","background-attachment":"scroll","background-type":"","background-media":"","overlay-type":"","overlay-color":"","overlay-opacity":"","overlay-gradient":""},"tablet":{"background-color":"","background-image":"","background-repeat":"repeat","background-position":"center center","background-size":"auto","background-attachment":"scroll","background-type":"","background-media":"","overlay-type":"","overlay-color":"","overlay-opacity":"","overlay-gradient":""},"mobile":{"background-color":"","background-image":"","background-repeat":"repeat","background-position":"center center","background-size":"auto","background-attachment":"scroll","background-type":"","background-media":"","overlay-type":"","overlay-color":"","overlay-opacity":"","overlay-gradient":""}},"ast-content-background-meta":{"desktop":{"background-color":"var(--ast-global-color-5)","background-image":"","background-repeat":"repeat","background-position":"center center","background-size":"auto","background-attachment":"scroll","background-type":"","background-media":"","overlay-type":"","overlay-color":"","overlay-opacity":"","overlay-gradient":""},"tablet":{"background-color":"var(--ast-global-color-5)","background-image":"","background-repeat":"repeat","background-position":"center center","background-size":"auto","background-attachment":"scroll","background-type":"","background-media":"","overlay-type":"","overlay-color":"","overlay-opacity":"","overlay-gradient":""},"mobile":{"background-color":"var(--ast-global-color-5)","background-image":"","background-repeat":"repeat","background-position":"center center","background-size":"auto","background-attachment":"scroll","background-type":"","background-media":"","overlay-type":"","overlay-color":"","overlay-opacity":"","overlay-gradient":""}},"footnotes":""},"categories":[8],"tags":[11378,11379],"class_list":["post-32108","post","type-post","status-publish","format-standard","has-post-thumbnail","hentry","category-noticias","tag-amlo-retiro","tag-pensamiento-conservador"],"_links":{"self":[{"href":"https:\/\/losperiodistas.com.mx\/portal\/wp-json\/wp\/v2\/posts\/32108","targetHints":{"allow":["GET"]}}],"collection":[{"href":"https:\/\/losperiodistas.com.mx\/portal\/wp-json\/wp\/v2\/posts"}],"about":[{"href":"https:\/\/losperiodistas.com.mx\/portal\/wp-json\/wp\/v2\/types\/post"}],"author":[{"embeddable":true,"href":"https:\/\/losperiodistas.com.mx\/portal\/wp-json\/wp\/v2\/users\/1"}],"replies":[{"embeddable":true,"href":"https:\/\/losperiodistas.com.mx\/portal\/wp-json\/wp\/v2\/comments?post=32108"}],"version-history":[{"count":1,"href":"https:\/\/losperiodistas.com.mx\/portal\/wp-json\/wp\/v2\/posts\/32108\/revisions"}],"predecessor-version":[{"id":32110,"href":"https:\/\/losperiodistas.com.mx\/portal\/wp-json\/wp\/v2\/posts\/32108\/revisions\/32110"}],"wp:featuredmedia":[{"embeddable":true,"href":"https:\/\/losperiodistas.com.mx\/portal\/wp-json\/wp\/v2\/media\/32109"}],"wp:attachment":[{"href":"https:\/\/losperiodistas.com.mx\/portal\/wp-json\/wp\/v2\/media?parent=32108"}],"wp:term":[{"taxonomy":"category","embeddable":true,"href":"https:\/\/losperiodistas.com.mx\/portal\/wp-json\/wp\/v2\/categories?post=32108"},{"taxonomy":"post_tag","embeddable":true,"href":"https:\/\/losperiodistas.com.mx\/portal\/wp-json\/wp\/v2\/tags?post=32108"}],"curies":[{"name":"wp","href":"https:\/\/api.w.org\/{rel}","templated":true}]}}