{"id":32097,"date":"2022-07-14T09:00:58","date_gmt":"2022-07-14T14:00:58","guid":{"rendered":"http:\/\/losperiodistas.com.mx\/portal\/?p=32097"},"modified":"2022-07-14T09:51:30","modified_gmt":"2022-07-14T14:51:30","slug":"pena-nieto-pone-en-venta-su-vivienda-de-lujo-en-madrid-tras-conocer-que-la-fiscalia-le-investigaba-el-pais","status":"publish","type":"post","link":"https:\/\/losperiodistas.com.mx\/portal\/pena-nieto-pone-en-venta-su-vivienda-de-lujo-en-madrid-tras-conocer-que-la-fiscalia-le-investigaba-el-pais\/","title":{"rendered":"Pe\u00f1a Nieto pone en venta su vivienda de lujo en Madrid tras conocer que la Fiscal\u00eda le investigaba | El Pa\u00eds"},"content":{"rendered":"\n<p><em>El expresidente mexicano, que est\u00e1 siendo indagado por lucrarse de un esquema de transferencias irregulares, pide 652.918 d\u00f3lares por su piso en la capital espa\u00f1ola<\/em><\/p>\n\n\n\n<p><\/p>\n\n\n\n<figure class=\"wp-block-image size-large is-style-default\"><img fetchpriority=\"high\" decoding=\"async\" width=\"1024\" height=\"695\" src=\"https:\/\/losperiodistas.com.mx\/portal\/wp-content\/uploads\/2022\/07\/3DZXE7BSLJCY3DMSME7HUE3VNY-1024x695.jpg\" alt=\"\" class=\"wp-image-32098\" srcset=\"https:\/\/losperiodistas.com.mx\/portal\/wp-content\/uploads\/2022\/07\/3DZXE7BSLJCY3DMSME7HUE3VNY-1024x695.jpg 1024w, https:\/\/losperiodistas.com.mx\/portal\/wp-content\/uploads\/2022\/07\/3DZXE7BSLJCY3DMSME7HUE3VNY-300x204.jpg 300w, https:\/\/losperiodistas.com.mx\/portal\/wp-content\/uploads\/2022\/07\/3DZXE7BSLJCY3DMSME7HUE3VNY-768x522.jpg 768w, https:\/\/losperiodistas.com.mx\/portal\/wp-content\/uploads\/2022\/07\/3DZXE7BSLJCY3DMSME7HUE3VNY-1536x1043.jpg 1536w, https:\/\/losperiodistas.com.mx\/portal\/wp-content\/uploads\/2022\/07\/3DZXE7BSLJCY3DMSME7HUE3VNY.jpg 1960w\" sizes=\"(max-width: 1024px) 100vw, 1024px\" \/><figcaption>El expresidente de M\u00e9xico Enrique Pe\u00f1a Nieto, en 2014, en Ciudad de M\u00e9xico.MARTIN MEJIA (AP)<\/figcaption><\/figure>\n\n\n\n<p class=\"has-vivid-cyan-blue-color has-text-color has-medium-font-size\">JOS\u00c9 MAR\u00cdA IRUJO \/ JOAQU\u00cdN GIL \/ EL PA\u00cdS<\/p>\n\n\n\n<p>Se presenta como un \u201cimpresionante piso reci\u00e9n reformado\u201d, tiene una decoraci\u00f3n de revista y est\u00e1 enclavado en el barrio madrile\u00f1o de Almagro. Con este se\u00f1uelo, una inmobiliaria puso en venta el pasado viernes la vivienda en la capital espa\u00f1ola del expresidente mexicano&nbsp;<a href=\"https:\/\/elpais.com\/noticias\/enrique-pena-nieto\/\">Enrique Pe\u00f1a Nieto<\/a>&nbsp;(2012-2018), seg\u00fan ha podido comprobar EL PA\u00cdS.<\/p>\n\n\n\n<p>La oferta se public\u00f3 en un portal inmobiliario horas despu\u00e9s de que la Unidad Inteligencia Financiera (UIF) de M\u00e9xico anunciara que la&nbsp;<a href=\"https:\/\/elpais.com\/mexico\/2022-07-07\/la-fiscalia-investiga-al-expresidente-enrique-pena-nieto-por-recibir-26-millones-de-pesos-en-transferencias-irregulares-en-el-extranjero.html\">Fiscal\u00eda General de la Rep\u00fablica (FGR) investigaba al exmandatario del Partido Revolucionario Institucional (PRI)<\/a>&nbsp;por cobrar presuntamente un mill\u00f3n de d\u00f3lares (990.579 euros) a trav\u00e9s de un esquema de transferencias irregulares.<\/p>\n\n\n\n<figure class=\"wp-block-image is-style-default\"><img decoding=\"async\" src=\"https:\/\/imagenes.elpais.com\/resizer\/I1zBrMvrw2APzJlBZG_L8oRo8ac=\/414x0\/cloudfront-eu-central-1.images.arcpublishing.com\/prisa\/75TWD36DL5BTHMBG7HG2KVK3OY.jpg\" alt=\"Imagen de la vivienda en Madrid del expresidente mexicano Enrique Pe\u00f1a Nieto.\"\/><figcaption>Imagen de la vivienda en Madrid del expresidente mexicano Enrique Pe\u00f1a Nieto.IDEALISTA<\/figcaption><\/figure>\n\n\n\n<p>Pe\u00f1a Nieto pide 652.918 d\u00f3lares (650.000 euros) por su propiedad: una vivienda de 139 metros cuadrados radicada en el primer piso de una finca de aspecto cl\u00e1sico erigida en 1980.<\/p>\n\n\n\n<p>El inmueble dispone de un gran sal\u00f3n con dos ambientes, una cocina abierta, dos ba\u00f1os y una terraza de 34 metros. \u201cEs la joya\u201d, asegura la agencia vendedora sobre este piso con techos de cuatro metros.<\/p>\n\n\n\n<p>El dormitorio del inmueble tiene un ba\u00f1o&nbsp;<em>suite&nbsp;<\/em>y un amplio vestidor. \u201cEs una vivienda impresionante, lista para entrar a vivir con muebles, electrodom\u00e9sticos, todo incluido en el precio\u201d, reza el anuncio. \u201cEst\u00e1 en una zona con mucho encanto para ir de compras. Destaca la proximidad con el eje de Fuencarral y el Barrio de Salamanca\u201d, a\u00f1ade el reclamo.<\/p>\n\n\n\n<figure class=\"wp-block-image is-style-default\"><img decoding=\"async\" src=\"https:\/\/imagenes.elpais.com\/resizer\/SVl6kamLZj8PNXXvgj7jcH6qPlI=\/414x0\/cloudfront-eu-central-1.images.arcpublishing.com\/prisa\/MFEJXNN6AZBSDEHE6UVAP7RZ54.jpg\" alt=\"Imagen de la vivienda en Madrid del expresidente mexicano Enrique Pe\u00f1a Nieto.\"\/><figcaption>Imagen de la vivienda en Madrid del expresidente mexicano Enrique Pe\u00f1a Nieto.IDEALISTA<\/figcaption><\/figure>\n\n\n\n<p>El inmueble del exmandatario se encuentra en una v\u00eda de viviendas antiguas y sin reformar que contrasta con el lujo, la calidad y el moderno dise\u00f1o del apartamento. Su principal valor inmobiliario radica en estar situado a escasos 50 metros de la se\u00f1orial calle Jos\u00e9 Abascal.<\/p>\n\n\n\n<p>Este peri\u00f3dico ha intentado sin \u00e9xito recabar la versi\u00f3n del exmandatario mexicano, que reside en Espa\u00f1a.<\/p>\n\n\n\n<p>La propiedad de Pe\u00f1a Nieto, que fue escriturada el 18 de septiembre de 2020, se adquiri\u00f3 sin hipoteca y gracias a una reforma posterior del inmueble, que convirti\u00f3 el local comercial inicial en un \u201cpiso de lujo\u201d,&nbsp;<a href=\"https:\/\/elpais.com\/mexico\/2022-05-29\/el-expresidente-mexicano-enrique-pena-nieto-se-instala-en-espana-con-un-visado-dorado.html\">seg\u00fan revel\u00f3 este peri\u00f3dico<\/a>.<\/p>\n\n\n\n<figure class=\"wp-block-image is-style-default\"><img decoding=\"async\" src=\"https:\/\/imagenes.elpais.com\/resizer\/hNbzPMY6xNuOlTYubckzkKdtS-c=\/414x0\/cloudfront-eu-central-1.images.arcpublishing.com\/prisa\/UJ6YQNFM5NCLBEBKZ3ZYRCDQUE.jpg\" alt=\"Imagen de la vivienda en Madrid del expresidente mexicano Enrique Pe\u00f1a Nieto.\"\/><figcaption>Imagen de la vivienda en Madrid del expresidente mexicano Enrique Pe\u00f1a Nieto.IDEALISTA<\/figcaption><\/figure>\n\n\n\n<p>Fuentes cercanas al expresidente aseguran que pag\u00f3 por esta vivienda algo m\u00e1s de 504.072 d\u00f3lares (500.000 euros) a los que habr\u00eda que a\u00f1adir los gastos de la reforma y decoraci\u00f3n de la casa.<\/p>\n\n\n\n<p>Al pedir por la vivienda 650.000 euros, el margen de beneficio es escaso, seg\u00fan se\u00f1alan expertos inmobiliarios. \u201cLa casa estuvo en obras hace m\u00e1s de un a\u00f1o. Son los de la embajada mexicana, vienen muy poco\u201d, explica un empleado de un local pr\u00f3ximo.<\/p>\n\n\n\n<figure class=\"wp-block-image is-style-default\"><img decoding=\"async\" src=\"https:\/\/imagenes.elpais.com\/resizer\/jcppt97Y4prlvBy150LXr55ESPQ=\/414x0\/cloudfront-eu-central-1.images.arcpublishing.com\/prisa\/5VHSQZIBXZGVVKRCLZ4DYVHJOM.jpg\" alt=\"Imagen de la vivienda en Madrid del expresidente mexicano Enrique Pe\u00f1a Nieto.\"\/><figcaption>Imagen de la vivienda en Madrid del expresidente mexicano Enrique Pe\u00f1a Nieto.IDEALISTA<\/figcaption><\/figure>\n\n\n\n<p>Pe\u00f1a Nieto ha utilizado esta lujosa vivienda apenas tres semanas, seg\u00fan distintos testimonios.<\/p>\n\n\n\n<p>La adquisici\u00f3n del inmueble del barrio de Almagro&nbsp;<a href=\"https:\/\/elpais.com\/mexico\/2022-05-29\/el-expresidente-mexicano-enrique-pena-nieto-se-instala-en-espana-con-un-visado-dorado.html\" target=\"_blank\" rel=\"noreferrer noopener\">posibilit\u00f3 al expresidente conseguir una&nbsp;<em>golden<\/em>&nbsp;visa<\/a>&nbsp;o&nbsp;<em>visado&nbsp;<\/em>dorado, un permiso de residencia en Espa\u00f1a para ciudadanos extracomunitarios que el Gobierno concede a los profesionales altamente cualificados, emprendedores o inversores que adquieran inmuebles de m\u00e1s de 500.000 euros (504.072 d\u00f3lares), como fue el caso de Pe\u00f1a Nieto. El tr\u00e1mite fue aprobado en 2013 por el expresidente del Gobierno espa\u00f1ol Mariano Rajoy. Y, desde entonces, ha permitido la r\u00e1pida instalaci\u00f3n en Espa\u00f1a de centenares ciudadanos rusos, chinos o venezolanos.<\/p>\n\n\n\n<figure class=\"wp-block-image is-style-default\"><img decoding=\"async\" src=\"https:\/\/imagenes.elpais.com\/resizer\/wc8xmcR6P9czix_M6yW_jhhXSTY=\/414x0\/cloudfront-eu-central-1.images.arcpublishing.com\/prisa\/AHFEND2EKNFOZKLVBQ3FARN5BE.jpg\" alt=\"Imagen de la vivienda en Madrid del expresidente mexicano Enrique Pe\u00f1a Nieto.\"\/><figcaption>Imagen de la vivienda en Madrid del expresidente mexicano Enrique Pe\u00f1a Nieto.IDEALISTA<\/figcaption><\/figure>\n\n\n\n<p>Este peri\u00f3dico inform\u00f3 tambi\u00e9n de que el exmandatario, pese a haber adquirido esta propiedad,&nbsp;<a href=\"https:\/\/elpais.com\/mexico\/2022-05-29\/el-expresidente-mexicano-enrique-pena-nieto-se-instala-en-espana-con-un-visado-dorado.html\">viv\u00eda en la exclusiva urbanizaci\u00f3n de Valdelagua<\/a>, en el municipio madrile\u00f1o de San Agust\u00edn de Guadalix (13.538 habitantes). Su residencia es un chalet levantado sobre una parcela de 2.500 metros cuadrados que figura a nombre de una constructora. Se trata de una firma que lo adquiri\u00f3 a trav\u00e9s de una hipoteca de 889.500 euros y est\u00e1 controlada por un empresario con intereses en M\u00e9xico y Chile.<\/p>\n\n\n\n<p>Pe\u00f1a Nieto se encuentra en el centro de la diana despu\u00e9s de que el pasado jueves Pablo G\u00f3mez, titular de la UIF \u2014rama de la secretar\u00eda de Hacienda contra el blanqueo\u2014 anunciara que la FGR le investigaba por percibir un mill\u00f3n de d\u00f3lares (990.579 euros) mediante un esquema que posibilit\u00f3 el cobro en una cuenta en Espa\u00f1a entre 2019 y 2020, cuando el priista ya hab\u00eda abandonado el poder.<\/p>\n\n\n\n<figure class=\"wp-block-image is-style-default\"><img decoding=\"async\" src=\"https:\/\/imagenes.elpais.com\/resizer\/VHoBJi7DkaMZPMtwXzjOk1aTIeQ=\/414x0\/cloudfront-eu-central-1.images.arcpublishing.com\/prisa\/UUTYB6MVEZHG5OWDDNXJNKFADU.jpg\" alt=\"Imagen de la vivienda en Madrid del expresidente mexicano Enrique Pe\u00f1a Nieto.\"\/><figcaption>Imagen de la vivienda en Madrid del expresidente mexicano Enrique Pe\u00f1a Nieto.IDEALISTA<\/figcaption><\/figure>\n\n\n\n<p>El exmandatario, seg\u00fan las pesquisas, cont\u00f3 con la ayuda de un familiar consangu\u00edneo para ingresar este dinero tras abandonar el poder.<\/p>\n\n\n\n<p>Las indagaciones vinculan tambi\u00e9n al exdirigente priista con dos empresas salpicadas por irregularidades fiscales y financieras. Pe\u00f1a Nieto es accionista con sus familiares de una de estas compa\u00f1\u00edas. Una de ellas fue creada cuando el priista estaba en el poder.<\/p>\n\n\n\n<p>La segunda empresa \u2014seg\u00fan la investigaci\u00f3n\u2014 est\u00e1 conectada con una multinacional que recibi\u00f3 contratos por m\u00e1s de 500 millones de d\u00f3lares (496 millones de euros) del Gobierno federal durante el sexenio de Pe\u00f1a Nieto y movi\u00f3 sus fondos entre 2015 y 2021 en forma de transferencias a Irlanda, Reino Unido y Estados Unidos.<\/p>\n\n\n\n<p>El hedor de la corrupci\u00f3n del \u00faltimo sexenio priista no se extiende solo a Pe\u00f1a Nieto. Se proyecta tambi\u00e9n sobre otros miembros de su Gobierno. El que fuera director de Petr\u00f3leos Mexicanos durante su Ejecutivo, Emilio Lozoya, se comprometi\u00f3 a entregar a la Fiscal\u00eda evidencias de los manejos de la constructora brasile\u00f1a Odebrecht para comprar voluntades en M\u00e9xico a cambio de adjudicaciones p\u00fablicas.<\/p>\n\n\n\n<p>Y el abogado y hombre de confianza del expresidente,&nbsp;<a href=\"https:\/\/elpais.com\/mexico\/2022-07-07\/el-abogado-de-pena-nieto-compro-un-piso-en-el-four-seasons-de-madrid-mientras-estaba-siendo-investigado-por-blanqueo.html\" target=\"_blank\" rel=\"noreferrer noopener\">Juan Collado<\/a>, est\u00e1 siendo investigado por blanqueo en Andorra, donde movi\u00f3 m\u00e1s de 110 millones de d\u00f3lares a trav\u00e9s de un laber\u00edntico entramado de 24 cuentas. Los agentes dudan del origen de su patrimonio.<\/p>\n\n\n\n<p>Entretanto, Pe\u00f1a Nieto asegur\u00f3 en sus redes sociales, tras conocer el \u00faltimo envite de la FGR contra \u00e9l, que confiaba en las instituciones e imparcialidad del Gobierno de su predecesor, Andr\u00e9s Manuel L\u00f3pez Obrador.<\/p>\n\n\n\n<p><strong>investigacion@elpais.es<\/strong><\/p>\n\n\n\n<p><a href=\"https:\/\/plus.elpais.com\/newsletters\/lnp\/1\/348\"><strong>Suscr\u00edbase aqu\u00ed<\/strong><\/a>a la\u00a0<em>newsletter<\/em>\u00a0de EL PA\u00cdS M\u00e9xico y reciba todas las claves informativas de la actualidad de este pa\u00eds<\/p>\n\n\n\n<p>Fuente: https:\/\/elpais.com\/mexico\/2022-07-14\/pena-nieto-puso-en-venta-su-vivienda-de-lujo-en-madrid-tras-conocer-que-la-fiscalia-le-investigaba.html<\/p>\n","protected":false},"excerpt":{"rendered":"<p>El expresidente mexicano, que est\u00e1 siendo indagado por lucrarse de un esquema de transferencias irregulares, pide 652.918 d\u00f3lares por su [&hellip;]<\/p>\n","protected":false},"author":1,"featured_media":32098,"comment_status":"open","ping_status":"open","sticky":false,"template":"","format":"standard","meta":{"site-sidebar-layout":"default","site-content-layout":"","ast-site-content-layout":"default","site-content-style":"default","site-sidebar-style":"default","ast-global-header-display":"","ast-banner-title-visibility":"","ast-main-header-display":"","ast-hfb-above-header-display":"","ast-hfb-below-header-display":"","ast-hfb-mobile-header-display":"","site-post-title":"","ast-breadcrumbs-content":"","ast-featured-img":"","footer-sml-layout":"","theme-transparent-header-meta":"","adv-header-id-meta":"","stick-header-meta":"","header-above-stick-meta":"","header-main-stick-meta":"","header-below-stick-meta":"","astra-migrate-meta-layouts":"default","ast-page-background-enabled":"default","ast-page-background-meta":{"desktop":{"background-color":"var(--ast-global-color-4)","background-image":"","background-repeat":"repeat","background-position":"center center","background-size":"auto","background-attachment":"scroll","background-type":"","background-media":"","overlay-type":"","overlay-color":"","overlay-opacity":"","overlay-gradient":""},"tablet":{"background-color":"","background-image":"","background-repeat":"repeat","background-position":"center center","background-size":"auto","background-attachment":"scroll","background-type":"","background-media":"","overlay-type":"","overlay-color":"","overlay-opacity":"","overlay-gradient":""},"mobile":{"background-color":"","background-image":"","background-repeat":"repeat","background-position":"center center","background-size":"auto","background-attachment":"scroll","background-type":"","background-media":"","overlay-type":"","overlay-color":"","overlay-opacity":"","overlay-gradient":""}},"ast-content-background-meta":{"desktop":{"background-color":"var(--ast-global-color-5)","background-image":"","background-repeat":"repeat","background-position":"center center","background-size":"auto","background-attachment":"scroll","background-type":"","background-media":"","overlay-type":"","overlay-color":"","overlay-opacity":"","overlay-gradient":""},"tablet":{"background-color":"var(--ast-global-color-5)","background-image":"","background-repeat":"repeat","background-position":"center center","background-size":"auto","background-attachment":"scroll","background-type":"","background-media":"","overlay-type":"","overlay-color":"","overlay-opacity":"","overlay-gradient":""},"mobile":{"background-color":"var(--ast-global-color-5)","background-image":"","background-repeat":"repeat","background-position":"center center","background-size":"auto","background-attachment":"scroll","background-type":"","background-media":"","overlay-type":"","overlay-color":"","overlay-opacity":"","overlay-gradient":""}},"footnotes":""},"categories":[8],"tags":[2601,11377],"class_list":["post-32097","post","type-post","status-publish","format-standard","has-post-thumbnail","hentry","category-noticias","tag-pena-nieto","tag-piso-en-almagro-madrid"],"_links":{"self":[{"href":"https:\/\/losperiodistas.com.mx\/portal\/wp-json\/wp\/v2\/posts\/32097","targetHints":{"allow":["GET"]}}],"collection":[{"href":"https:\/\/losperiodistas.com.mx\/portal\/wp-json\/wp\/v2\/posts"}],"about":[{"href":"https:\/\/losperiodistas.com.mx\/portal\/wp-json\/wp\/v2\/types\/post"}],"author":[{"embeddable":true,"href":"https:\/\/losperiodistas.com.mx\/portal\/wp-json\/wp\/v2\/users\/1"}],"replies":[{"embeddable":true,"href":"https:\/\/losperiodistas.com.mx\/portal\/wp-json\/wp\/v2\/comments?post=32097"}],"version-history":[{"count":1,"href":"https:\/\/losperiodistas.com.mx\/portal\/wp-json\/wp\/v2\/posts\/32097\/revisions"}],"predecessor-version":[{"id":32099,"href":"https:\/\/losperiodistas.com.mx\/portal\/wp-json\/wp\/v2\/posts\/32097\/revisions\/32099"}],"wp:featuredmedia":[{"embeddable":true,"href":"https:\/\/losperiodistas.com.mx\/portal\/wp-json\/wp\/v2\/media\/32098"}],"wp:attachment":[{"href":"https:\/\/losperiodistas.com.mx\/portal\/wp-json\/wp\/v2\/media?parent=32097"}],"wp:term":[{"taxonomy":"category","embeddable":true,"href":"https:\/\/losperiodistas.com.mx\/portal\/wp-json\/wp\/v2\/categories?post=32097"},{"taxonomy":"post_tag","embeddable":true,"href":"https:\/\/losperiodistas.com.mx\/portal\/wp-json\/wp\/v2\/tags?post=32097"}],"curies":[{"name":"wp","href":"https:\/\/api.w.org\/{rel}","templated":true}]}}