{"id":32094,"date":"2022-07-14T08:59:05","date_gmt":"2022-07-14T13:59:05","guid":{"rendered":"http:\/\/losperiodistas.com.mx\/portal\/?p=32094"},"modified":"2022-07-14T09:26:33","modified_gmt":"2022-07-14T14:26:33","slug":"francia-celebra-el-dia-de-la-bastilla-con-un-homenaje-especial-a-ucrania-france-24","status":"publish","type":"post","link":"https:\/\/losperiodistas.com.mx\/portal\/francia-celebra-el-dia-de-la-bastilla-con-un-homenaje-especial-a-ucrania-france-24\/","title":{"rendered":"Francia celebra el D\u00eda de la Bastilla con un homenaje especial a Ucrania\u00a0| France 24"},"content":{"rendered":"\n<figure class=\"wp-block-image size-large is-style-default\"><img fetchpriority=\"high\" decoding=\"async\" width=\"1024\" height=\"576\" src=\"https:\/\/losperiodistas.com.mx\/portal\/wp-content\/uploads\/2022\/07\/000_32E87RV-1024x576.jpg\" alt=\"\" class=\"wp-image-32095\" srcset=\"https:\/\/losperiodistas.com.mx\/portal\/wp-content\/uploads\/2022\/07\/000_32E87RV-1024x576.jpg 1024w, https:\/\/losperiodistas.com.mx\/portal\/wp-content\/uploads\/2022\/07\/000_32E87RV-300x169.jpg 300w, https:\/\/losperiodistas.com.mx\/portal\/wp-content\/uploads\/2022\/07\/000_32E87RV-768x432.jpg 768w, https:\/\/losperiodistas.com.mx\/portal\/wp-content\/uploads\/2022\/07\/000_32E87RV.jpg 1280w\" sizes=\"(max-width: 1024px) 100vw, 1024px\" \/><figcaption>Los Alphajets de la Fuerza A\u00e9rea Francesa liberan estelas de humo rojo, blanco y azul, colores de la bandera nacional de Francia, sobre el Arco del Triunfo durante un ensayo, tres d\u00edas antes del desfile del D\u00eda de la Bastilla, en la avenida de los Campos El\u00edseos, en Par\u00eds, el 11 de julio de 2022.\u00a0\u00a9 Emmanuel Dunand\/ AFP<\/figcaption><\/figure>\n\n\n\n<p><\/p>\n\n\n\n<p class=\"has-vivid-cyan-blue-color has-text-color has-medium-font-size\">YURANI ARCINIEGAS \/ FRANCE 24<\/p>\n\n\n\n<p>Este jueves 14 de julio, el presidente Emmanuel Macron preside en Par\u00eds el desfile militar del D\u00eda de la Bastilla, la Fiesta Nacional de Francia, que en esta oportunidad est\u00e1\u00a0marcada por la guerra en Ucrania. Las Fuerzas Armadas\u00a0rinden\u00a0un homenaje al pa\u00eds que desde hace cerca de cinco meses est\u00e1 siendo atacado por Rusia.<\/p>\n\n\n\n<p>Francia exalta a Ucrania en el D\u00eda de la Bastilla, su Fiesta Nacional.<\/p>\n\n\n\n<p>El territorio franc\u00e9s celebra su feriado, instituido por ley desde 1880 como s\u00edmbolo del fin de la monarqu\u00eda absoluta, con un desfile de alrededor de 5.000 militares marchando por la avenida Champs-Elysees, en Par\u00eds.<\/p>\n\n\n\n<p>Pero este a\u00f1o la apertura de la tradicional marcha fue dise\u00f1ada para demostrar el apoyo a Kiev y el compromiso de Francia con la Organizaci\u00f3n del Tratado del Atl\u00e1ntico Norte (OTAN), en especial con los aliados de Europa del Este m\u00e1s afectados por la guerra lanzada por Rusia contra\u00a0Ucrania, el pasado 24 de febrero.<\/p>\n\n\n\n<figure class=\"wp-block-embed is-type-rich is-provider-twitter wp-block-embed-twitter\"><div class=\"wp-block-embed__wrapper\">\n<blockquote class=\"twitter-tweet\" data-width=\"500\" data-dnt=\"true\"><p lang=\"en\" dir=\"ltr\">France holds its traditional military parade to celebrate Bastille Day <a href=\"https:\/\/t.co\/PjA2Hmq3ZH\">pic.twitter.com\/PjA2Hmq3ZH<\/a><\/p>&mdash; TRT World Now (@TRTWorldNow) <a href=\"https:\/\/twitter.com\/TRTWorldNow\/status\/1547547707744583680?ref_src=twsrc%5Etfw\">July 14, 2022<\/a><\/blockquote><script async src=\"https:\/\/platform.twitter.com\/widgets.js\" charset=\"utf-8\"><\/script>\n<\/div><\/figure>\n\n\n\n<p>En v\u00edsperas del D\u00eda de la Bastilla, el presidente Emmanuel Macron, elogi\u00f3 la inesperada capacidad de los ucranianos para hacer frente a la agresi\u00f3n de Rusia. Ante el contexto, el mandatario asegur\u00f3 que pidi\u00f3 una revisi\u00f3n de la organizaci\u00f3n militar de su pa\u00eds para hacerla m\u00e1s \u00e1gil frente a las amenazas cambiantes.<\/p>\n\n\n\n<p>\u201cTodos y cada uno de nosotros quedamos impresionados por la fuerza moral de la naci\u00f3n ucraniana que le permiti\u00f3 resistir a pesar de un equilibrio de poder inicialmente desfavorable\u201d, asegur\u00f3 Macron a los altos mandos militares franceses.<\/p>\n\n\n\n<p>El mandatario&nbsp;pidi\u00f3 adem\u00e1s&nbsp;un \u00abreplanteamiento\u00bb de la presencia militar de Francia en \u00c1frica.<\/p>\n\n\n\n<p>\u201cLe he pedido al ministro, al jefe del Estado Mayor Conjunto y al delegado general de Armamento que revisen la pertinencia de nuestras organizaciones, de nuestras estructuras y hasta de nuestra forma de ver las cosas (\u2026) para poder tomar decisiones m\u00e1s r\u00e1pido, coordinar mejor y con eficiencia y adaptarse a la evoluci\u00f3n de los conflictos\u201d, remarc\u00f3 el jefe de Estado.<\/p>\n\n\n\n<p><strong>\u201cCompartir la llama\u201d<\/strong><\/p>\n\n\n\n<p>El lema de los eventos de la Bastilla de este a\u00f1o es \u00abCompartir la llama\u00bb, una referencia a que Francia ser\u00e1 sede de los Juegos Ol\u00edmpicos de 2024. Tambi\u00e9n han sido invitados atletas ol\u00edmpicos y paral\u00edmpicos de alto perfil, aunque la atenci\u00f3n principal estar\u00e1 centrada en Ucrania y la seguridad en Europa.<\/p>\n\n\n\n<p>\u201cEl desfile est\u00e1 marcado y tiene en cuenta el contexto estrat\u00e9gico (\u2026) La idea es resaltar la solidaridad estrat\u00e9gica con nuestros aliados\u201d, ratific\u00f3 un funcionario de la oficina del presidente Macron.<\/p>\n\n\n\n<p>El evento, que cuenta con aviones de combate, veh\u00edculos militares y un sofisticado dron de combate estadounidense que sobrevolar\u00e1\u00a0el desfile por primera vez, fue organizado para abrir con la exhibici\u00f3n de las banderas de nueve pa\u00edses. La mayor\u00eda de ellos vecinos del territorio ucraniano o de Rusia: Estonia, Letonia, Lituania, Polonia, Rep\u00fablica Checa, Eslovaquia, Hungr\u00eda, Ruman\u00eda y Bulgaria.<\/p>\n\n\n\n<figure class=\"wp-block-embed is-type-rich is-provider-twitter wp-block-embed-twitter\"><div class=\"wp-block-embed__wrapper\">\n<blockquote class=\"twitter-tweet\" data-width=\"500\" data-dnt=\"true\"><p lang=\"en\" dir=\"ltr\"><a href=\"https:\/\/twitter.com\/hashtag\/France?src=hash&amp;ref_src=twsrc%5Etfw\">#France<\/a> <br>Members of the French armed forces march during the Bastille Day military parade on the Champs-Elysees avenue in Paris<br>\ud83d\udcf8 <a href=\"https:\/\/twitter.com\/ludovic_marin?ref_src=twsrc%5Etfw\">@ludovic_marin<\/a> <a href=\"https:\/\/twitter.com\/hashtag\/AFP?src=hash&amp;ref_src=twsrc%5Etfw\">#AFP<\/a> <a href=\"https:\/\/t.co\/oyGGPzo8z5\">pic.twitter.com\/oyGGPzo8z5<\/a><\/p>&mdash; AFP Photo (@AFPphoto) <a href=\"https:\/\/twitter.com\/AFPphoto\/status\/1547544688055427072?ref_src=twsrc%5Etfw\">July 14, 2022<\/a><\/blockquote><script async src=\"https:\/\/platform.twitter.com\/widgets.js\" charset=\"utf-8\"><\/script>\n<\/div><\/figure>\n\n\n\n<p>A las tropas aliadas de Europa del Este se les asign\u00f3 la posici\u00f3n delantera y las tropas multinacionales desplegadas en Rumania tras la invasi\u00f3n marcharon junto a ellas.<\/p>\n\n\n\n<p>Las siguientes unidades militares en recorrer las calles son las fuerzas armadas francesas desplegadas cerca de Ucrania desde que estall\u00f3 el conflicto. Una forma de otorgarles un lugar especial en el evento, al que, adem\u00e1s del presidente, asisten miembros de su Gobierno y l\u00edderes extranjeros.<\/p>\n\n\n\n<p>La conmemoraci\u00f3n cierra con un espect\u00e1culo nocturno de fuegos artificiales desde la Torre Eiffel.<\/p>\n\n\n\n<p>El D\u00eda de la Bastilla marca el 14 de julio de 1789, cuando multitudes furiosas en Par\u00eds asaltaron la prisi\u00f3n de la Bastilla y ayudaron a desencadenar la Revoluci\u00f3n Francesa y, por extensi\u00f3n, un esp\u00edritu de unidad nacional, gracias a los amplios derechos otorgados a los ciudadanos en los a\u00f1os siguientes.<\/p>\n\n\n\n<p>Con AP y AFP<\/p>\n\n\n\n<p>Fuente: https:\/\/www.france24.com\/es\/francia\/20220714-francia-celebra-el-d%C3%ADa-de-la-bastilla-con-un-homenaje-especial-a-ucrania<\/p>\n","protected":false},"excerpt":{"rendered":"<p>YURANI ARCINIEGAS \/ FRANCE 24 Este jueves 14 de julio, el presidente Emmanuel Macron preside en Par\u00eds el desfile militar [&hellip;]<\/p>\n","protected":false},"author":1,"featured_media":32095,"comment_status":"open","ping_status":"open","sticky":false,"template":"","format":"standard","meta":{"site-sidebar-layout":"default","site-content-layout":"","ast-site-content-layout":"default","site-content-style":"default","site-sidebar-style":"default","ast-global-header-display":"","ast-banner-title-visibility":"","ast-main-header-display":"","ast-hfb-above-header-display":"","ast-hfb-below-header-display":"","ast-hfb-mobile-header-display":"","site-post-title":"","ast-breadcrumbs-content":"","ast-featured-img":"","footer-sml-layout":"","theme-transparent-header-meta":"","adv-header-id-meta":"","stick-header-meta":"","header-above-stick-meta":"","header-main-stick-meta":"","header-below-stick-meta":"","astra-migrate-meta-layouts":"default","ast-page-background-enabled":"default","ast-page-background-meta":{"desktop":{"background-color":"var(--ast-global-color-4)","background-image":"","background-repeat":"repeat","background-position":"center center","background-size":"auto","background-attachment":"scroll","background-type":"","background-media":"","overlay-type":"","overlay-color":"","overlay-opacity":"","overlay-gradient":""},"tablet":{"background-color":"","background-image":"","background-repeat":"repeat","background-position":"center center","background-size":"auto","background-attachment":"scroll","background-type":"","background-media":"","overlay-type":"","overlay-color":"","overlay-opacity":"","overlay-gradient":""},"mobile":{"background-color":"","background-image":"","background-repeat":"repeat","background-position":"center center","background-size":"auto","background-attachment":"scroll","background-type":"","background-media":"","overlay-type":"","overlay-color":"","overlay-opacity":"","overlay-gradient":""}},"ast-content-background-meta":{"desktop":{"background-color":"var(--ast-global-color-5)","background-image":"","background-repeat":"repeat","background-position":"center center","background-size":"auto","background-attachment":"scroll","background-type":"","background-media":"","overlay-type":"","overlay-color":"","overlay-opacity":"","overlay-gradient":""},"tablet":{"background-color":"var(--ast-global-color-5)","background-image":"","background-repeat":"repeat","background-position":"center center","background-size":"auto","background-attachment":"scroll","background-type":"","background-media":"","overlay-type":"","overlay-color":"","overlay-opacity":"","overlay-gradient":""},"mobile":{"background-color":"var(--ast-global-color-5)","background-image":"","background-repeat":"repeat","background-position":"center center","background-size":"auto","background-attachment":"scroll","background-type":"","background-media":"","overlay-type":"","overlay-color":"","overlay-opacity":"","overlay-gradient":""}},"footnotes":""},"categories":[8],"tags":[7829,11376,4482,6232],"class_list":["post-32094","post","type-post","status-publish","format-standard","has-post-thumbnail","hentry","category-noticias","tag-arco-del-triunfo","tag-dia-de-la-bastilla","tag-francia","tag-ucrania"],"_links":{"self":[{"href":"https:\/\/losperiodistas.com.mx\/portal\/wp-json\/wp\/v2\/posts\/32094","targetHints":{"allow":["GET"]}}],"collection":[{"href":"https:\/\/losperiodistas.com.mx\/portal\/wp-json\/wp\/v2\/posts"}],"about":[{"href":"https:\/\/losperiodistas.com.mx\/portal\/wp-json\/wp\/v2\/types\/post"}],"author":[{"embeddable":true,"href":"https:\/\/losperiodistas.com.mx\/portal\/wp-json\/wp\/v2\/users\/1"}],"replies":[{"embeddable":true,"href":"https:\/\/losperiodistas.com.mx\/portal\/wp-json\/wp\/v2\/comments?post=32094"}],"version-history":[{"count":1,"href":"https:\/\/losperiodistas.com.mx\/portal\/wp-json\/wp\/v2\/posts\/32094\/revisions"}],"predecessor-version":[{"id":32096,"href":"https:\/\/losperiodistas.com.mx\/portal\/wp-json\/wp\/v2\/posts\/32094\/revisions\/32096"}],"wp:featuredmedia":[{"embeddable":true,"href":"https:\/\/losperiodistas.com.mx\/portal\/wp-json\/wp\/v2\/media\/32095"}],"wp:attachment":[{"href":"https:\/\/losperiodistas.com.mx\/portal\/wp-json\/wp\/v2\/media?parent=32094"}],"wp:term":[{"taxonomy":"category","embeddable":true,"href":"https:\/\/losperiodistas.com.mx\/portal\/wp-json\/wp\/v2\/categories?post=32094"},{"taxonomy":"post_tag","embeddable":true,"href":"https:\/\/losperiodistas.com.mx\/portal\/wp-json\/wp\/v2\/tags?post=32094"}],"curies":[{"name":"wp","href":"https:\/\/api.w.org\/{rel}","templated":true}]}}