{"id":32091,"date":"2022-07-14T09:01:46","date_gmt":"2022-07-14T14:01:46","guid":{"rendered":"http:\/\/losperiodistas.com.mx\/portal\/?p=32091"},"modified":"2022-07-14T09:01:48","modified_gmt":"2022-07-14T14:01:48","slug":"meta-propietario-de-facebook-publica-el-primer-informe-sobre-derechos-humanos-reuters","status":"publish","type":"post","link":"https:\/\/losperiodistas.com.mx\/portal\/meta-propietario-de-facebook-publica-el-primer-informe-sobre-derechos-humanos-reuters\/","title":{"rendered":"Meta, propietario de Facebook, publica el primer informe sobre derechos humanos\u00a0| Reuters"},"content":{"rendered":"\n<figure class=\"wp-block-image size-large is-style-default\"><img fetchpriority=\"high\" decoding=\"async\" width=\"1024\" height=\"661\" src=\"https:\/\/losperiodistas.com.mx\/portal\/wp-content\/uploads\/2022\/07\/QLTTH5MEVNI7DL6KAE3VHMO5UE-1024x661.jpeg\" alt=\"\" class=\"wp-image-32092\" srcset=\"https:\/\/losperiodistas.com.mx\/portal\/wp-content\/uploads\/2022\/07\/QLTTH5MEVNI7DL6KAE3VHMO5UE-1024x661.jpeg 1024w, https:\/\/losperiodistas.com.mx\/portal\/wp-content\/uploads\/2022\/07\/QLTTH5MEVNI7DL6KAE3VHMO5UE-300x194.jpeg 300w, https:\/\/losperiodistas.com.mx\/portal\/wp-content\/uploads\/2022\/07\/QLTTH5MEVNI7DL6KAE3VHMO5UE-768x496.jpeg 768w, https:\/\/losperiodistas.com.mx\/portal\/wp-content\/uploads\/2022\/07\/QLTTH5MEVNI7DL6KAE3VHMO5UE.jpeg 1200w\" sizes=\"(max-width: 1024px) 100vw, 1024px\" \/><figcaption>Se ve un tel\u00e9fono inteligente con el logotipo de Facebook con el nuevo logotipo de cambio de marca Meta en esta ilustraci\u00f3n tomada el 28 de octubre de 2021. REUTERS\/Dado Ruvic\/Ilustraci\u00f3n<\/figcaption><\/figure>\n\n\n\n<p><\/p>\n\n\n\n<p><\/p>\n\n\n\n<p class=\"has-vivid-cyan-blue-color has-text-color has-medium-font-size\">KATIE PAUL \/ REUTERS<\/p>\n\n\n\n<p>14 de julio (Reuters) &#8211; El propietario de Facebook, Meta&nbsp;<a href=\"https:\/\/www.reuters.com\/companies\/META.O\" target=\"_blank\" rel=\"noreferrer noopener\">(META.O)<\/a>&nbsp;, public\u00f3 el jueves su primer informe anual sobre derechos humanos, luego de a\u00f1os de acusaciones de que hizo la vista gorda ante los abusos en l\u00ednea que alimentaron la violencia en el mundo real en lugares como India y Myanmar. .<\/p>\n\n\n\n<p>El informe, que cubre la diligencia debida realizada en 2020 y 2021, incluye un resumen de una controvertida evaluaci\u00f3n del impacto en los derechos humanos de la India que Meta encarg\u00f3 al bufete de abogados Foley Hoag que realizara.<\/p>\n\n\n\n<p>Grupos de derechos humanos, incluidos Amnist\u00eda Internacional y Human Rights Watch, han exigido la publicaci\u00f3n de la evaluaci\u00f3n de la India en su totalidad, acusando a Meta de estancamiento.&nbsp;<a href=\"https:\/\/www.reuters.com\/world\/india\/facebook-critics-call-release-india-human-rights-review-2022-01-19\/\">Lee mas<\/a><\/p>\n\n\n\n<p>En su resumen, Meta dijo que el bufete de abogados hab\u00eda \u00abobservado el potencial de que las plataformas de Meta est\u00e9n conectadas con riesgos destacados de derechos humanos causados \u200b\u200bpor terceros\u00bb, incluida la \u00abdefensa del odio que incita a la hostilidad, la discriminaci\u00f3n o la violencia\u00bb.<\/p>\n\n\n\n<p>La evaluaci\u00f3n, agreg\u00f3, no cubri\u00f3 las \u00abacusaciones de parcialidad en la moderaci\u00f3n del contenido\u00bb.<\/p>\n\n\n\n<p>Durante a\u00f1os, los grupos de derechos han dado la voz de alarma sobre el discurso de odio antimusulm\u00e1n que aviva las tensiones en India, el mercado m\u00e1s grande de Meta a nivel mundial por n\u00famero de usuarios.<\/p>\n\n\n\n<p>Su principal ejecutiva de pol\u00edticas p\u00fablicas en India renunci\u00f3 en 2020 luego de que Wall Street Journal informara que se opon\u00eda a aplicar las reglas de la compa\u00f1\u00eda a las figuras nacionalistas hind\u00faes se\u00f1aladas internamente por promover la violencia.<\/p>\n\n\n\n<p>En su informe, Meta dijo que estaba estudiando las recomendaciones de India, pero no se comprometi\u00f3 a implementarlas como lo hizo con otras evaluaciones de derechos.<\/p>\n\n\n\n<p>Cuando se le pregunt\u00f3 sobre la diferencia, la directora de derechos humanos de Meta, Miranda Sissons, se\u00f1al\u00f3 las pautas de las Naciones Unidas que advierten contra los riesgos para las \u00abpartes interesadas afectadas, el personal o los requisitos leg\u00edtimos de confidencialidad comercial\u00bb.<\/p>\n\n\n\n<p>\u00abEl formato de los informes puede verse influenciado por una variedad de factores, incluidas las razones de seguridad\u00bb, dijo Sissons a Reuters.<\/p>\n\n\n\n<p>Sissons, quien se uni\u00f3 a la compa\u00f1\u00eda en 2019, dijo que su equipo ahora est\u00e1 compuesto por 8 personas, mientras que otras 100 trabajan en derechos humanos con equipos relacionados.<\/p>\n\n\n\n<p>Adem\u00e1s de las evaluaciones a nivel de pa\u00eds, el informe describi\u00f3 el trabajo de su equipo sobre la respuesta al COVID-19 de Meta y las gafas inteligentes Ray-Ban Stories, lo que implic\u00f3 se\u00f1alar posibles riesgos de privacidad y efectos en grupos vulnerables.<\/p>\n\n\n\n<p>Sissons dijo que el an\u00e1lisis de las tecnolog\u00edas de realidad virtual y aumentada, que Meta ha priorizado con su apuesta por el \u00abmetaverso\u00bb, se llevar\u00e1 a cabo en gran medida este a\u00f1o y se discutir\u00e1 en informes posteriores.<\/p>\n\n\n\n<h5 class=\"wp-block-heading\">Reg\u00edstrese ahora para obtener acceso ilimitado GRATIS a Reuters.com<\/h5>\n\n\n\n<p>RegistroInformaci\u00f3n de Katie Paul;\u00a0Editado por Michael Perry<\/p>\n\n\n\n<p>Fuente: https:\/\/www.reuters.com\/technology\/facebook-owner-meta-releases-first-human-rights-report-2022-07-14\/<\/p>\n","protected":false},"excerpt":{"rendered":"<p>KATIE PAUL \/ REUTERS 14 de julio (Reuters) &#8211; El propietario de Facebook, Meta&nbsp;(META.O)&nbsp;, public\u00f3 el jueves su primer informe [&hellip;]<\/p>\n","protected":false},"author":1,"featured_media":32092,"comment_status":"open","ping_status":"open","sticky":false,"template":"","format":"standard","meta":{"site-sidebar-layout":"default","site-content-layout":"","ast-site-content-layout":"default","site-content-style":"default","site-sidebar-style":"default","ast-global-header-display":"","ast-banner-title-visibility":"","ast-main-header-display":"","ast-hfb-above-header-display":"","ast-hfb-below-header-display":"","ast-hfb-mobile-header-display":"","site-post-title":"","ast-breadcrumbs-content":"","ast-featured-img":"","footer-sml-layout":"","theme-transparent-header-meta":"","adv-header-id-meta":"","stick-header-meta":"","header-above-stick-meta":"","header-main-stick-meta":"","header-below-stick-meta":"","astra-migrate-meta-layouts":"default","ast-page-background-enabled":"default","ast-page-background-meta":{"desktop":{"background-color":"var(--ast-global-color-4)","background-image":"","background-repeat":"repeat","background-position":"center center","background-size":"auto","background-attachment":"scroll","background-type":"","background-media":"","overlay-type":"","overlay-color":"","overlay-opacity":"","overlay-gradient":""},"tablet":{"background-color":"","background-image":"","background-repeat":"repeat","background-position":"center center","background-size":"auto","background-attachment":"scroll","background-type":"","background-media":"","overlay-type":"","overlay-color":"","overlay-opacity":"","overlay-gradient":""},"mobile":{"background-color":"","background-image":"","background-repeat":"repeat","background-position":"center center","background-size":"auto","background-attachment":"scroll","background-type":"","background-media":"","overlay-type":"","overlay-color":"","overlay-opacity":"","overlay-gradient":""}},"ast-content-background-meta":{"desktop":{"background-color":"var(--ast-global-color-5)","background-image":"","background-repeat":"repeat","background-position":"center center","background-size":"auto","background-attachment":"scroll","background-type":"","background-media":"","overlay-type":"","overlay-color":"","overlay-opacity":"","overlay-gradient":""},"tablet":{"background-color":"var(--ast-global-color-5)","background-image":"","background-repeat":"repeat","background-position":"center center","background-size":"auto","background-attachment":"scroll","background-type":"","background-media":"","overlay-type":"","overlay-color":"","overlay-opacity":"","overlay-gradient":""},"mobile":{"background-color":"var(--ast-global-color-5)","background-image":"","background-repeat":"repeat","background-position":"center center","background-size":"auto","background-attachment":"scroll","background-type":"","background-media":"","overlay-type":"","overlay-color":"","overlay-opacity":"","overlay-gradient":""}},"footnotes":""},"categories":[8],"tags":[5130,3712,11374,11375,11373],"class_list":["post-32091","post","type-post","status-publish","format-standard","has-post-thumbnail","hentry","category-noticias","tag-amnistia-internacional","tag-derechos-humanos","tag-human-rigths-watch","tag-india-derechos-humanos","tag-meta-o"],"_links":{"self":[{"href":"https:\/\/losperiodistas.com.mx\/portal\/wp-json\/wp\/v2\/posts\/32091","targetHints":{"allow":["GET"]}}],"collection":[{"href":"https:\/\/losperiodistas.com.mx\/portal\/wp-json\/wp\/v2\/posts"}],"about":[{"href":"https:\/\/losperiodistas.com.mx\/portal\/wp-json\/wp\/v2\/types\/post"}],"author":[{"embeddable":true,"href":"https:\/\/losperiodistas.com.mx\/portal\/wp-json\/wp\/v2\/users\/1"}],"replies":[{"embeddable":true,"href":"https:\/\/losperiodistas.com.mx\/portal\/wp-json\/wp\/v2\/comments?post=32091"}],"version-history":[{"count":1,"href":"https:\/\/losperiodistas.com.mx\/portal\/wp-json\/wp\/v2\/posts\/32091\/revisions"}],"predecessor-version":[{"id":32093,"href":"https:\/\/losperiodistas.com.mx\/portal\/wp-json\/wp\/v2\/posts\/32091\/revisions\/32093"}],"wp:featuredmedia":[{"embeddable":true,"href":"https:\/\/losperiodistas.com.mx\/portal\/wp-json\/wp\/v2\/media\/32092"}],"wp:attachment":[{"href":"https:\/\/losperiodistas.com.mx\/portal\/wp-json\/wp\/v2\/media?parent=32091"}],"wp:term":[{"taxonomy":"category","embeddable":true,"href":"https:\/\/losperiodistas.com.mx\/portal\/wp-json\/wp\/v2\/categories?post=32091"},{"taxonomy":"post_tag","embeddable":true,"href":"https:\/\/losperiodistas.com.mx\/portal\/wp-json\/wp\/v2\/tags?post=32091"}],"curies":[{"name":"wp","href":"https:\/\/api.w.org\/{rel}","templated":true}]}}