{"id":32088,"date":"2022-07-14T08:53:48","date_gmt":"2022-07-14T13:53:48","guid":{"rendered":"http:\/\/losperiodistas.com.mx\/portal\/?p=32088"},"modified":"2022-07-14T08:53:52","modified_gmt":"2022-07-14T13:53:52","slug":"guernica-gernika-85-anos-del-rostro-de-la-atrocidad-la-lista","status":"publish","type":"post","link":"https:\/\/losperiodistas.com.mx\/portal\/guernica-gernika-85-anos-del-rostro-de-la-atrocidad-la-lista\/","title":{"rendered":"Guernica-Gernika: 85 a\u00f1os del rostro de la atrocidad | La-Lista"},"content":{"rendered":"\n<p><em>Pablo Picasso plasm\u00f3 en el Guernica el horror de la guerra que vivi\u00f3 Andone Bidaguren, sobreviviente del bombardeo a su natal Gernika.<\/em><\/p>\n\n\n\n<p><\/p>\n\n\n\n<figure class=\"wp-block-image size-large is-style-default\"><img fetchpriority=\"high\" decoding=\"async\" width=\"1024\" height=\"711\" src=\"https:\/\/losperiodistas.com.mx\/portal\/wp-content\/uploads\/2022\/07\/victimas-mortales_ebe8823e-1024x711.jpg\" alt=\"\" class=\"wp-image-32089\" srcset=\"https:\/\/losperiodistas.com.mx\/portal\/wp-content\/uploads\/2022\/07\/victimas-mortales_ebe8823e-1024x711.jpg 1024w, https:\/\/losperiodistas.com.mx\/portal\/wp-content\/uploads\/2022\/07\/victimas-mortales_ebe8823e-300x208.jpg 300w, https:\/\/losperiodistas.com.mx\/portal\/wp-content\/uploads\/2022\/07\/victimas-mortales_ebe8823e-768x533.jpg 768w, https:\/\/losperiodistas.com.mx\/portal\/wp-content\/uploads\/2022\/07\/victimas-mortales_ebe8823e-1536x1066.jpg 1536w, https:\/\/losperiodistas.com.mx\/portal\/wp-content\/uploads\/2022\/07\/victimas-mortales_ebe8823e.jpg 1920w\" sizes=\"(max-width: 1024px) 100vw, 1024px\" \/><\/figure>\n\n\n\n<p><\/p>\n\n\n\n<p><\/p>\n\n\n\n<p class=\"has-vivid-cyan-blue-color has-text-color has-medium-font-size\">JOS\u00c9 ARRIETA \/ LA-LISTA<\/p>\n\n\n\n<p>M\u00e1rtir. Un adjetivo que solo se le ha concedido a tres ciudades en la historia de la humanidad: Jerusal\u00e9n, epicentro de civilizaciones; Hiroshima, martirizada por las bombas m\u00e1s mort\u00edferas creadas por los hombres y Gernika, una peque\u00f1a ciudad en el Pa\u00eds Vasco que sufri\u00f3 antes que nadie la tortura de la Segunda Guerra Mundial.<\/p>\n\n\n\n<p>Cuando Pablo Picasso se enter\u00f3 de la destrucci\u00f3n de la villa vasca, que no revest\u00eda ninguna importancia militar y pas\u00f3 a la historia como el primer blanco civil destrozado sin raz\u00f3n, decidi\u00f3 dar una vuelta de 180 grados a la pintura que le hab\u00eda encargado el gobierno de la Rep\u00fablica Espa\u00f1ola para mostrarse en la Exposici\u00f3n Mundial de Par\u00eds. Su cuadro ser\u00eda una denuncia de las atrocidades hechas por los fascistas y los nazis.<\/p>\n\n\n\n<p>El 12 de julio de 1937, la humanidad ve\u00eda por primera vez el Guernica, un espejo atroz en el que pod\u00eda ver su capacidad para la destrucci\u00f3n, para la muerte. Una advertencia que no escuch\u00f3 y que le cost\u00f3 millones de muertos por el fascismo que no le import\u00f3 en ese entonces.<\/p>\n\n\n\n<p>Meses antes, en abril durante un d\u00eda de mercado, a otros les hab\u00eda tocado sufrir en carne propia la frialdad de la guerra en su propia carne. Los \u201cvascos de piedra blindada\u201d de los que hablaba Miguel Hern\u00e1ndez en sus poemas eran blanco de la Legi\u00f3n C\u00f3ndor nazi, que luego sobrevolar\u00eda como una guada\u00f1a de la Muerte sobre Europa.<\/p>\n\n\n\n<p>\u201cNueve a\u00f1itos ten\u00eda yo, desde las 4 de la tarde hasta las 8 de la noche estuvimos metidos en agua hasta la cintura y eso no se puede olvidar, pero aqu\u00ed estamos\u201d, rememora Andone Bidaguren, sobreviviente del bombardeo de Gernika, ocurrido en 1937.&nbsp;<\/p>\n\n\n\n<p>Ubicada a 36 kil\u00f3metros de Bilbao, la villa de Gernika no era un objetivo militar. Simb\u00f3lico s\u00ed, porque en su territorio se encuentra un viejo roble, en el que los reyes de Espa\u00f1a juran lealtad a los viejos fueros vascos, que le dan singularidad a este pueblo, cuya lengua es como ninguna otra y su gente tambi\u00e9n.<\/p>\n\n\n\n<p>No te pierdas:<a href=\"https:\/\/la-lista.com\/cultura\/2022\/03\/29\/aniversario-luctuoso-de-picasso-inspira-exposiciones\">El aniversario luctuoso de Picasso inspira exposiciones y eventos<\/a><\/p>\n\n\n\n<p>\u201cEse d\u00eda, la&nbsp;<em>amatxu \u2013<\/em>mam\u00e1- nos dijo \u2018no pueden ir a la escuela\u2019, \u00bfpor qu\u00e9 ama?, \u2018porque ma\u00f1ana tenemos trabajo y no pod\u00e9is ir\u2019. Lunes era 26. El trabajo que ten\u00edamos era quitar algunas cosas porque iban a venir de fuera; nos quedamos en casa gracias a Dios, porque aqu\u00ed no hubiera estado, porque es bien sabido lo que pas\u00f3 en Gernika; los ni\u00f1os de 9 y mi hermano menor, de 7, pues no nos hubi\u00e9ramos salvado\u201d, detalla Andone.<\/p>\n\n\n\n<p>La Operaci\u00f3n R\u00fcgen, a cargo de las aviaciones alemana e italiana, se realiz\u00f3 en la villa de Gernika el 26 de abril de 1937. El objetivo: probar la eficacia de la&nbsp;<em>blitzkireg<\/em>, la guerra rel\u00e1mpago, un bombardeo a la poblaci\u00f3n civil indemne y, de paso, acabar con la resistencia vasca al norte de la pen\u00ednsula ib\u00e9rica.<\/p>\n\n\n\n<figure class=\"wp-block-image is-style-default\"><img decoding=\"async\" src=\"https:\/\/i0.wp.com\/la-lista.com\/wp-content\/uploads\/2022\/07\/potencia-de-fuego_a5a586af.jpg?resize=800%2C578&amp;ssl=1\" alt=\"Guernica-Gernika: 85 a\u00f1os del rostro de la atrocidad - potencia-de-fuego_a5a586af-1280x924\" class=\"wp-image-218705\"\/><figcaption>Foto: Eusko Ikaskuntza<\/figcaption><\/figure>\n\n\n\n<p>De acuerdo con narraciones de la \u00e9poca, el ataque comenz\u00f3 a las 16:20 horas del 26 de abril de 1937. Era un lunes, d\u00eda de mercado, y en el momento habr\u00eda en Gernika entre 10 y 12 mil personas. Primero sobrevolaron los bombarderos, que arrojaron bombas de entre 50 y 250 kilos de peso sobre el centro de la ciudad.<\/p>\n\n\n\n<p>\u201cEl bombardeo fue completo en el foro; no fuimos a la escuela y parece que Dios nos alumbr\u00f3 y nos salvamos con eso y nada m\u00e1s pudimos venir el d\u00eda, ya se cerr\u00f3 todo, todo se estaba quemando, no qued\u00f3 nada, ni escuelas, ni nada; ten\u00edamos que caminar kil\u00f3metros para ir a la escuela\u201d, recuerda Andone.&nbsp;<\/p>\n\n\n\n<p>La destrucci\u00f3n no qued\u00f3 all\u00ed. De acuerdo con historiadores de Gernika, fueron arrojadas bombas incendiarias de una aleaci\u00f3n de aluminio, zinc y magnesio, la cual reaccionaba con la tierra ardiendo hasta temperaturas de mil 500 grados cent\u00edgrados. El incendio se ve\u00eda a kil\u00f3metros de la villa.<\/p>\n\n\n\n<figure class=\"wp-block-embed is-type-rich is-provider-twitter wp-block-embed-twitter\"><div class=\"wp-block-embed__wrapper\">\n<blockquote class=\"twitter-tweet\" data-width=\"500\" data-dnt=\"true\"><p lang=\"ca\" dir=\"ltr\">\u2757\ufe0fEl <a href=\"https:\/\/twitter.com\/hashtag\/PremiICIP?src=hash&amp;ref_src=twsrc%5Etfw\">#PremiICIP<\/a> Construcci\u00f3 de Pau 2022 guardona el teixit associatiu en favor de la pau al <a href=\"https:\/\/twitter.com\/hashtag\/Pa%C3%ADsBasc?src=hash&amp;ref_src=twsrc%5Etfw\">#Pa\u00edsBasc<\/a> <a href=\"https:\/\/t.co\/3xwX7G6u8e\">https:\/\/t.co\/3xwX7G6u8e<\/a><br><br>\u2757\ufe0fEl <a href=\"https:\/\/twitter.com\/hashtag\/PremioICIP?src=hash&amp;ref_src=twsrc%5Etfw\">#PremioICIP<\/a> Construcci\u00f3n de Paz 2022 reconoce al tejido asociativo en favor de la paz en el <a href=\"https:\/\/twitter.com\/hashtag\/Pa%C3%ADsVasco?src=hash&amp;ref_src=twsrc%5Etfw\">#Pa\u00edsVasco<\/a> <a href=\"https:\/\/t.co\/gNKvHhrJYY\">https:\/\/t.co\/gNKvHhrJYY<\/a><br><br>Enhorabona! Obrim\ud83e\uddf5 <a href=\"https:\/\/t.co\/mT88VoeytO\">pic.twitter.com\/mT88VoeytO<\/a><\/p>&mdash; ICIP (@ICIPeace) <a href=\"https:\/\/twitter.com\/ICIPeace\/status\/1526503149305049089?ref_src=twsrc%5Etfw\">May 17, 2022<\/a><\/blockquote><script async src=\"https:\/\/platform.twitter.com\/widgets.js\" charset=\"utf-8\"><\/script>\n<\/div><\/figure>\n\n\n\n<p>\u201cMis hermanos ten\u00edan que ir a la escuela y yo tambi\u00e9n, pero luego se llevaron a mi padre a la c\u00e1rcel, mi madre estaba sola con seis hijos y unos con escuela y otros sin escuela y as\u00ed pas\u00f3 la tarde; Gernika, como estaba ardiendo, no se pod\u00eda ir a ninguna parte y no ve\u00edamos m\u00e1s que llamas hasta que se par\u00f3 el bombardeo, llamas y llamas y llamas, nada m\u00e1s eso es lo que vimos aquel lunes nos salv\u00f3 la vida no venir a la escuela\u201d, a\u00f1ade la sobreviviente.&nbsp;<\/p>\n\n\n\n<p>Como si esto no fuera poco, los aviones nazis, fascistas y falangistas volaban casi a ras de suelo, ametrallando a los que hu\u00edan para intentar salvar la vida. No se sabe cu\u00e1ntas personas murieron aquella tarde infernal, pero lo que s\u00ed se conoce es que el 85% de Gernika fue completamente destruido. El calor incluso hizo que las piedras se mantuvieran al rojo vivo por horas.No te pierdas:<a href=\"https:\/\/la-lista.com\/cultura\/2021\/07\/19\/picasso-vuelve-al-museo-del-prado-junto-a-diego-velazquez-y-el-greco\">Picasso vuelve al Museo del Prado junto a Diego Vel\u00e1zquez y El Greco<\/a><\/p>\n\n\n\n<p>\u201cPodemos contar lo que vimos entonces y nada m\u00e1s, aquello no se puede olvidar. Y aqu\u00ed vivimos ahora que podemos contar lo de aquel d\u00eda. No podr\u00edamos olvidar ning\u00fan sitio, a la madre la acompa\u00f1\u00e1bamos a todos lados porque sin padre estuvimos como cuatro a\u00f1os.&nbsp;<\/p>\n\n\n\n<p>\u201cA mi padre lo llevaron porque era nacionalista, que no era de Franco, era nacionalista. Y los que eran nacionalistas a la c\u00e1rcel; mis suegros, que tambi\u00e9n eran nacionalistas de pura cepa, se marcharon a Francia y estuvieron a\u00f1os all\u00e1. Al padre le denunciaron que estaba dando de comer a los gudaris -soldados vascos- y que ten\u00eda armas y que ten\u00eda no s\u00e9 qu\u00e9, que ten\u00eda no s\u00e9 cu\u00e1nto, todo mentira\u201d, detalla Andone Bidaguren.&nbsp;<\/p>\n\n\n\n<p>A pesar del bombardeo, de la muerte y la destrucci\u00f3n, el simb\u00f3lico roble de las libertades vascas se mantuvo en pie. De la misma manera que el esp\u00edritu de quienes supieron sobrevivir al horror del fascismo, de la guerra, y que hoy viven para recordarlo.<\/p>\n\n\n\n<p>\u201cNos quitaron todo, casas, pisos, todo nos quitaron, pero la vida de entonces y la vida de ahora es algo extraordinario, habiendo de todo, ahora queremos m\u00e1s; antes no ten\u00edamos nada, pero eso nos ense\u00f1\u00f3 a ser felices\u201d, concluye Andone.<\/p>\n\n\n\n<p>Fuente: https:\/\/la-lista.com\/economia\/2022\/07\/14\/twitter-se-cayo-este-jueves-14-de-julio<\/p>\n","protected":false},"excerpt":{"rendered":"<p>Pablo Picasso plasm\u00f3 en el Guernica el horror de la guerra que vivi\u00f3 Andone Bidaguren, sobreviviente del bombardeo a su [&hellip;]<\/p>\n","protected":false},"author":1,"featured_media":32089,"comment_status":"open","ping_status":"open","sticky":false,"template":"","format":"standard","meta":{"site-sidebar-layout":"default","site-content-layout":"","ast-site-content-layout":"default","site-content-style":"default","site-sidebar-style":"default","ast-global-header-display":"","ast-banner-title-visibility":"","ast-main-header-display":"","ast-hfb-above-header-display":"","ast-hfb-below-header-display":"","ast-hfb-mobile-header-display":"","site-post-title":"","ast-breadcrumbs-content":"","ast-featured-img":"","footer-sml-layout":"","theme-transparent-header-meta":"","adv-header-id-meta":"","stick-header-meta":"","header-above-stick-meta":"","header-main-stick-meta":"","header-below-stick-meta":"","astra-migrate-meta-layouts":"default","ast-page-background-enabled":"default","ast-page-background-meta":{"desktop":{"background-color":"var(--ast-global-color-4)","background-image":"","background-repeat":"repeat","background-position":"center center","background-size":"auto","background-attachment":"scroll","background-type":"","background-media":"","overlay-type":"","overlay-color":"","overlay-opacity":"","overlay-gradient":""},"tablet":{"background-color":"","background-image":"","background-repeat":"repeat","background-position":"center center","background-size":"auto","background-attachment":"scroll","background-type":"","background-media":"","overlay-type":"","overlay-color":"","overlay-opacity":"","overlay-gradient":""},"mobile":{"background-color":"","background-image":"","background-repeat":"repeat","background-position":"center center","background-size":"auto","background-attachment":"scroll","background-type":"","background-media":"","overlay-type":"","overlay-color":"","overlay-opacity":"","overlay-gradient":""}},"ast-content-background-meta":{"desktop":{"background-color":"var(--ast-global-color-5)","background-image":"","background-repeat":"repeat","background-position":"center center","background-size":"auto","background-attachment":"scroll","background-type":"","background-media":"","overlay-type":"","overlay-color":"","overlay-opacity":"","overlay-gradient":""},"tablet":{"background-color":"var(--ast-global-color-5)","background-image":"","background-repeat":"repeat","background-position":"center center","background-size":"auto","background-attachment":"scroll","background-type":"","background-media":"","overlay-type":"","overlay-color":"","overlay-opacity":"","overlay-gradient":""},"mobile":{"background-color":"var(--ast-global-color-5)","background-image":"","background-repeat":"repeat","background-position":"center center","background-size":"auto","background-attachment":"scroll","background-type":"","background-media":"","overlay-type":"","overlay-color":"","overlay-opacity":"","overlay-gradient":""}},"footnotes":""},"categories":[8],"tags":[11371,11372,2342],"class_list":["post-32088","post","type-post","status-publish","format-standard","has-post-thumbnail","hentry","category-noticias","tag-guernica","tag-legion-condor","tag-picasso"],"_links":{"self":[{"href":"https:\/\/losperiodistas.com.mx\/portal\/wp-json\/wp\/v2\/posts\/32088","targetHints":{"allow":["GET"]}}],"collection":[{"href":"https:\/\/losperiodistas.com.mx\/portal\/wp-json\/wp\/v2\/posts"}],"about":[{"href":"https:\/\/losperiodistas.com.mx\/portal\/wp-json\/wp\/v2\/types\/post"}],"author":[{"embeddable":true,"href":"https:\/\/losperiodistas.com.mx\/portal\/wp-json\/wp\/v2\/users\/1"}],"replies":[{"embeddable":true,"href":"https:\/\/losperiodistas.com.mx\/portal\/wp-json\/wp\/v2\/comments?post=32088"}],"version-history":[{"count":1,"href":"https:\/\/losperiodistas.com.mx\/portal\/wp-json\/wp\/v2\/posts\/32088\/revisions"}],"predecessor-version":[{"id":32090,"href":"https:\/\/losperiodistas.com.mx\/portal\/wp-json\/wp\/v2\/posts\/32088\/revisions\/32090"}],"wp:featuredmedia":[{"embeddable":true,"href":"https:\/\/losperiodistas.com.mx\/portal\/wp-json\/wp\/v2\/media\/32089"}],"wp:attachment":[{"href":"https:\/\/losperiodistas.com.mx\/portal\/wp-json\/wp\/v2\/media?parent=32088"}],"wp:term":[{"taxonomy":"category","embeddable":true,"href":"https:\/\/losperiodistas.com.mx\/portal\/wp-json\/wp\/v2\/categories?post=32088"},{"taxonomy":"post_tag","embeddable":true,"href":"https:\/\/losperiodistas.com.mx\/portal\/wp-json\/wp\/v2\/tags?post=32088"}],"curies":[{"name":"wp","href":"https:\/\/api.w.org\/{rel}","templated":true}]}}