{"id":32082,"date":"2022-07-14T08:13:13","date_gmt":"2022-07-14T13:13:13","guid":{"rendered":"http:\/\/losperiodistas.com.mx\/portal\/?p=32082"},"modified":"2022-07-14T08:13:15","modified_gmt":"2022-07-14T13:13:15","slug":"con-carcel-y-el-retiro-de-la-patria-potestad-se-sancionara-la-violencia-vicaria-que-padecen-madres-e-hijos-ljo","status":"publish","type":"post","link":"https:\/\/losperiodistas.com.mx\/portal\/con-carcel-y-el-retiro-de-la-patria-potestad-se-sancionara-la-violencia-vicaria-que-padecen-madres-e-hijos-ljo\/","title":{"rendered":"Con c\u00e1rcel y el retiro de la patria potestad se sancionar\u00e1 la violencia vicaria que padecen madres e hijos | LJO"},"content":{"rendered":"\n<figure class=\"wp-block-embed is-type-video is-provider-youtube wp-block-embed-youtube wp-embed-aspect-16-9 wp-has-aspect-ratio\"><div class=\"wp-block-embed__wrapper\">\n<iframe title=\"Incorporan en el C\u00f3digo Penal la violencia vicaria; en la cual se utiliza a hijos para ejercer dolor\" width=\"500\" height=\"281\" src=\"https:\/\/www.youtube.com\/embed\/IjUcBKJpas4?feature=oembed\" frameborder=\"0\" allow=\"accelerometer; autoplay; clipboard-write; encrypted-media; gyroscope; picture-in-picture; web-share\" referrerpolicy=\"strict-origin-when-cross-origin\" allowfullscreen><\/iframe>\n<\/div><\/figure>\n\n\n\n<p><\/p>\n\n\n\n<p class=\"has-vivid-cyan-blue-color has-text-color has-medium-font-size\">M\u00d3NICA CAMACHO \/ LA JORNADA DE ORIENTE<\/p>\n\n\n\n<p>El&nbsp;<a href=\"https:\/\/www.congresopuebla.gob.mx\/index.php\" target=\"_blank\" rel=\"noreferrer noopener\">Congreso estatal<\/a>&nbsp;aprob\u00f3 en comisiones una reforma integral para combatir la violencia vicaria que se causa a una mujer a trav\u00e9s del asesinato, maltrato, descuido o manipulaci\u00f3n de sus hijos, acto que ser\u00e1 sancionado tanto por la v\u00eda penal con tiempo en prisi\u00f3n, como por la v\u00eda civil con el retiro de la patria potestad.<\/p>\n\n\n\n<p>En el dictamen, que ser\u00e1 sometido a votaci\u00f3n del pleno del Poder Legislativo el viernes pr\u00f3ximo, se detalla que&nbsp;<a href=\"https:\/\/www.lajornadadeoriente.com.mx\/puebla\/en-una-bolsa-el-cuerpo-de-una-mujer-de-17-anos\/\" target=\"_blank\" rel=\"noreferrer noopener\">ese tipo de agresi\u00f3n es ejercida de manera directa<\/a>&nbsp;o a trav\u00e9s de otras personas por parte de quien mantiene o mantuvo una relaci\u00f3n afectiva o sentimental de pareja con la v\u00edctima.<\/p>\n\n\n\n<p>Las adecuaciones responden a una demanda ciudadana que encabeza el colectivo CAM-CAI en Puebla y el resto del pa\u00eds, a fin de que la violencia vicaria sea reconocida y combatida en el marco normativo de\u00a0<a href=\"https:\/\/www.lajornadadeoriente.com.mx\/puebla\/2014-situacion-juntas-auxiliares-paudep\/\" target=\"_blank\" rel=\"noreferrer noopener\">las entidades federativas<\/a>.<\/p>\n\n\n\n<p>La reforma al C\u00f3digo Penal busca incorporar ese acto como agravante de la violencia familiar y del homicidio en raz\u00f3n de parentesco, a fin de incrementar las penas hasta en un tercio.<\/p>\n\n\n\n<p>Si la violencia familiar se ejerce contra un ni\u00f1o, adolescente o adulto mayor y se comprueba que se trat\u00f3 de violencia vicaria, la persona responsable podr\u00eda enfrentar hasta 15 a\u00f1os de c\u00e1rcel, mientras la pena corporal por el homicidio llegar\u00eda a 67 a\u00f1os, de acuerdo con el dictamen.<\/p>\n\n\n\n<p>Tambi\u00e9n se propone corregir el C\u00f3digo Civil con el prop\u00f3sito de facultar a los jueces a modificar la patria potestad o custodia de un menor de edad, cuando quien la ejerza incurra en ese tipo de violencia.<\/p>\n\n\n\n<p>A la par, se incorpor\u00f3 el concepto en la Ley para el Acceso de las Mujeres a un Vida Libre de Violencia, as\u00ed como en la Ley de Prevenci\u00f3n y Atenci\u00f3n y Sanci\u00f3n de la Violencia de los Derechos de las Ni\u00f1as, Ni\u00f1os y Adolescentes.<\/p>\n\n\n\n<p><a href=\"https:\/\/twitter.com\/CongresoPue\/status\/1547294402615431170?s=20&amp;t=HXK8hD7FASKn3V8fKwFbvQ\" target=\"_blank\" rel=\"noreferrer noopener\">El dictamen de la reforma fue aprobado<\/a>&nbsp;por los integrantes de la Comisiones Unidas de Procuraci\u00f3n y Administraci\u00f3n de Justicia, de Igualdad y de la Familia ayer, tras posponer la discusi\u00f3n del proyecto durante medio a\u00f1o.<\/p>\n\n\n\n<h2 class=\"wp-block-heading\">Diputados celebran adecuaciones<\/h2>\n\n\n\n<p>Aurora Sierra Rodr\u00edguez, diputada del PAN y una de las autoras de las iniciativas dictaminadas, defendi\u00f3 que la violencia vicaria se haya incorporado al marco normativo como una agresi\u00f3n que afecta a las integrantes del g\u00e9nero femenino, al referir que existen estudios que as\u00ed lo justifican.<\/p>\n\n\n\n<p>En tanto, la diputada del PT M\u00f3nica Silva Ruiz, quien fue otra de las impulsoras del tema, se\u00f1al\u00f3 que la reforma es aprobada en una situaci\u00f3n \u201cmuy seria\u201d de violencia contra las mujeres que afecta de manera directa a las ni\u00f1as, ni\u00f1os y adolescentes.<\/p>\n\n\n\n<p>A su vez, el legislador de Morena Iv\u00e1n Herrera Villag\u00f3mez se\u00f1al\u00f3 que los hombres tienen una deuda hist\u00f3rica con las mujeres, por lo que celebr\u00f3 que el Congreso apruebe reformas que busquen saldarla.<\/p>\n\n\n\n<p>Tambi\u00e9n se manifest\u00f3 a favor del dictamen Daniela Mier Ba\u00f1uelos, otra de las integrantes de la bancada mayoritaria de Regeneraci\u00f3n Nacional, quien hizo un llamado a generar conciencia sobre este tipo de abusos.<\/p>\n\n\n\n<p>Por \u00faltimo, la representante popular de Morena Xel Ariana Hern\u00e1ndez Garc\u00eda expres\u00f3 que a\u00fan falta mucho para poder alcanzar condiciones igualitarias para hombres y mujeres, sin embargo, consider\u00f3 que la reforma en materia de violencia vicaria representa un avance muy importante.<\/p>\n\n\n\n<p>Fuente: https:\/\/www.lajornadadeoriente.com.mx\/puebla\/penaliza-congreso-violencia-vicaria\/<\/p>\n\n\n\n<p><a href=\"https:\/\/www.lajornadadeoriente.com.mx\/author\/monica_camacho\/\"><\/a><\/p>\n","protected":false},"excerpt":{"rendered":"<p>M\u00d3NICA CAMACHO \/ LA JORNADA DE ORIENTE El&nbsp;Congreso estatal&nbsp;aprob\u00f3 en comisiones una reforma integral para combatir la violencia vicaria que [&hellip;]<\/p>\n","protected":false},"author":1,"featured_media":32083,"comment_status":"open","ping_status":"open","sticky":false,"template":"","format":"standard","meta":{"site-sidebar-layout":"default","site-content-layout":"","ast-site-content-layout":"default","site-content-style":"default","site-sidebar-style":"default","ast-global-header-display":"","ast-banner-title-visibility":"","ast-main-header-display":"","ast-hfb-above-header-display":"","ast-hfb-below-header-display":"","ast-hfb-mobile-header-display":"","site-post-title":"","ast-breadcrumbs-content":"","ast-featured-img":"","footer-sml-layout":"","theme-transparent-header-meta":"","adv-header-id-meta":"","stick-header-meta":"","header-above-stick-meta":"","header-main-stick-meta":"","header-below-stick-meta":"","astra-migrate-meta-layouts":"default","ast-page-background-enabled":"default","ast-page-background-meta":{"desktop":{"background-color":"var(--ast-global-color-4)","background-image":"","background-repeat":"repeat","background-position":"center center","background-size":"auto","background-attachment":"scroll","background-type":"","background-media":"","overlay-type":"","overlay-color":"","overlay-opacity":"","overlay-gradient":""},"tablet":{"background-color":"","background-image":"","background-repeat":"repeat","background-position":"center center","background-size":"auto","background-attachment":"scroll","background-type":"","background-media":"","overlay-type":"","overlay-color":"","overlay-opacity":"","overlay-gradient":""},"mobile":{"background-color":"","background-image":"","background-repeat":"repeat","background-position":"center center","background-size":"auto","background-attachment":"scroll","background-type":"","background-media":"","overlay-type":"","overlay-color":"","overlay-opacity":"","overlay-gradient":""}},"ast-content-background-meta":{"desktop":{"background-color":"var(--ast-global-color-5)","background-image":"","background-repeat":"repeat","background-position":"center center","background-size":"auto","background-attachment":"scroll","background-type":"","background-media":"","overlay-type":"","overlay-color":"","overlay-opacity":"","overlay-gradient":""},"tablet":{"background-color":"var(--ast-global-color-5)","background-image":"","background-repeat":"repeat","background-position":"center center","background-size":"auto","background-attachment":"scroll","background-type":"","background-media":"","overlay-type":"","overlay-color":"","overlay-opacity":"","overlay-gradient":""},"mobile":{"background-color":"var(--ast-global-color-5)","background-image":"","background-repeat":"repeat","background-position":"center center","background-size":"auto","background-attachment":"scroll","background-type":"","background-media":"","overlay-type":"","overlay-color":"","overlay-opacity":"","overlay-gradient":""}},"footnotes":""},"categories":[8],"tags":[11368,11369],"class_list":["post-32082","post","type-post","status-publish","format-standard","has-post-thumbnail","hentry","category-noticias","tag-cam-cai","tag-violencia-vicaria-puebla"],"_links":{"self":[{"href":"https:\/\/losperiodistas.com.mx\/portal\/wp-json\/wp\/v2\/posts\/32082","targetHints":{"allow":["GET"]}}],"collection":[{"href":"https:\/\/losperiodistas.com.mx\/portal\/wp-json\/wp\/v2\/posts"}],"about":[{"href":"https:\/\/losperiodistas.com.mx\/portal\/wp-json\/wp\/v2\/types\/post"}],"author":[{"embeddable":true,"href":"https:\/\/losperiodistas.com.mx\/portal\/wp-json\/wp\/v2\/users\/1"}],"replies":[{"embeddable":true,"href":"https:\/\/losperiodistas.com.mx\/portal\/wp-json\/wp\/v2\/comments?post=32082"}],"version-history":[{"count":1,"href":"https:\/\/losperiodistas.com.mx\/portal\/wp-json\/wp\/v2\/posts\/32082\/revisions"}],"predecessor-version":[{"id":32084,"href":"https:\/\/losperiodistas.com.mx\/portal\/wp-json\/wp\/v2\/posts\/32082\/revisions\/32084"}],"wp:featuredmedia":[{"embeddable":true,"href":"https:\/\/losperiodistas.com.mx\/portal\/wp-json\/wp\/v2\/media\/32083"}],"wp:attachment":[{"href":"https:\/\/losperiodistas.com.mx\/portal\/wp-json\/wp\/v2\/media?parent=32082"}],"wp:term":[{"taxonomy":"category","embeddable":true,"href":"https:\/\/losperiodistas.com.mx\/portal\/wp-json\/wp\/v2\/categories?post=32082"},{"taxonomy":"post_tag","embeddable":true,"href":"https:\/\/losperiodistas.com.mx\/portal\/wp-json\/wp\/v2\/tags?post=32082"}],"curies":[{"name":"wp","href":"https:\/\/api.w.org\/{rel}","templated":true}]}}