{"id":32072,"date":"2022-07-14T05:10:25","date_gmt":"2022-07-14T10:10:25","guid":{"rendered":"http:\/\/losperiodistas.com.mx\/portal\/?p=32072"},"modified":"2022-07-14T05:10:27","modified_gmt":"2022-07-14T10:10:27","slug":"rodrigo-guerra-en-asamblea-celam-maduracion-eclesial-sinodalidad-y-renovacion-vatican-news","status":"publish","type":"post","link":"https:\/\/losperiodistas.com.mx\/portal\/rodrigo-guerra-en-asamblea-celam-maduracion-eclesial-sinodalidad-y-renovacion-vatican-news\/","title":{"rendered":"Rodrigo Guerra en Asamblea CELAM: Maduraci\u00f3n eclesial, sinodalidad y renovaci\u00f3n | Vatican News"},"content":{"rendered":"\n<p><em>El Secretario de la Pontificia Comisi\u00f3n para Am\u00e9rica Latina, la CAL, intervino en la Asamblea Extraordinaria del CELAM, celebrada del 12 al 14 de julio de 2022 en Bogot\u00e1.<\/em><\/p>\n\n\n\n<p><\/p>\n\n\n\n<figure class=\"wp-block-image size-large\"><img fetchpriority=\"high\" decoding=\"async\" width=\"1024\" height=\"644\" src=\"https:\/\/losperiodistas.com.mx\/portal\/wp-content\/uploads\/2022\/07\/Captura-de-Pantalla-2022-07-14-a-las-5.02.31-1024x644.jpg\" alt=\"\" class=\"wp-image-32073\" srcset=\"https:\/\/losperiodistas.com.mx\/portal\/wp-content\/uploads\/2022\/07\/Captura-de-Pantalla-2022-07-14-a-las-5.02.31-1024x644.jpg 1024w, https:\/\/losperiodistas.com.mx\/portal\/wp-content\/uploads\/2022\/07\/Captura-de-Pantalla-2022-07-14-a-las-5.02.31-300x189.jpg 300w, https:\/\/losperiodistas.com.mx\/portal\/wp-content\/uploads\/2022\/07\/Captura-de-Pantalla-2022-07-14-a-las-5.02.31-768x483.jpg 768w, https:\/\/losperiodistas.com.mx\/portal\/wp-content\/uploads\/2022\/07\/Captura-de-Pantalla-2022-07-14-a-las-5.02.31.jpg 1504w\" sizes=\"(max-width: 1024px) 100vw, 1024px\" \/><\/figure>\n\n\n\n<p><\/p>\n\n\n\n<p class=\"has-vivid-cyan-blue-color has-text-color has-medium-font-size\">SEBASTI\u00c1N SANS\u00d3N FERRARI \/ VATICAN NEWS<\/p>\n\n\n\n<p>\u201cMe llena de alegr\u00eda el mirar que ahora el CELAM madura y da nuevos pasos al servicio de la Iglesia de Am\u00e9rica Latina y el Caribe, gozando de una nueva sede y de un gran horizonte de servicio, en momentos particularmente delicados en la historia regional y del mundo\u201d. Son las palabras de Rodrigo Guerra, secretario de la Pontificia Comisi\u00f3n para Am\u00e9rica Latina, la CAL, durante la Asamblea General Extraordinaria del Episcopado latinoamericano y caribe\u00f1o, que tiene lugar en Bogot\u00e1 del 12 al 14 de julio de 2022.<\/p>\n\n\n\n<p>En el evento, en el que tambi\u00e9n se efectu\u00f3 la inauguraci\u00f3n del nuevo complejo de la instituci\u00f3n en la capital colombiana, Guerra explic\u00f3 que \u201cla maduraci\u00f3n del CELAM, por supuesto, no descansa en sus nuevas instalaciones, en una cierta presencia medi\u00e1tica o en los apoyos econ\u00f3micos con los que cuenta\u201d.<\/p>\n\n\n\n<p>Como contrapunto, Guerra enfatiz\u00f3 que \u201cla maduraci\u00f3n radica principalmente en la propia conversi\u00f3n personal y pastoral, en la docilidad que tengamos a la gracia que irrumpe inmerecidamente, en la maduraci\u00f3n de nuestra conciencia eclesial y de nuestra disponibilidad a vivir, aun heroicamente, un camino de seguimiento radical a Jesucristo\u201d.<\/p>\n\n\n\n<p>LEA TAMBI\u00c9N<a href=\"https:\/\/www.vaticannews.va\/es\/iglesia\/news\/2022-07\/inaugurada-nueva-sede-del-celam-en-colombia.html\"><\/a>13\/07\/2022<\/p>\n\n\n\n<h2 class=\"wp-block-heading\"><a href=\"https:\/\/www.vaticannews.va\/es\/iglesia\/news\/2022-07\/inaugurada-nueva-sede-del-celam-en-colombia.html\">Se inaugur\u00f3 la nueva sede del CELAM en Colombia<\/a><\/h2>\n\n\n\n<h2 class=\"wp-block-heading\"><strong>\u201cLa sinodalidad no es una moda organizacional\u201d<\/strong><\/h2>\n\n\n\n<p>Profundizando en su reflexi\u00f3n sobre la maduraci\u00f3n, Guerra apunt\u00f3 que \u201cla sinodalidad supone conversi\u00f3n y comuni\u00f3n\u201d.<\/p>\n\n\n\n<p>\u201cSi no me arriesgo a desprenderme de mis apegos y seguridades, de mis recelos y mezquindades, f\u00e1cilmente pongo en riesgo no solo mi propio camino sino el proceso de reforma sinodal\u201d, expres\u00f3.<\/p>\n\n\n\n<p>El secretario de la CAL explic\u00f3 que la sinodalidad puede encontrar obst\u00e1culos, \u201cpero el m\u00e1s importante no es tal o cual estructura imperfecta, no es tal o cual persona inc\u00f3moda, no es tal o cual problema eclesial o social. El principal problema soy yo cuando deseo colocarme en primer plano\u201d. Prosigui\u00f3 aseverando que, \u201cdicho de otro modo: es mi coraz\u00f3n necesitado de conversi\u00f3n. El Papa Francisco, en su reciente discurso a la Pontificia Comisi\u00f3n para Am\u00e9rica Latina (26 de mayo 2022), con gran afecto nos ha invitado a ser conscientes que la sinodalidad tiene sus principales enemigos en nosotros mismos, por ejemplo, cuando no nos damos cuenta que apenas estamos comenzando y que todos requerimos de aprender\u201d.<\/p>\n\n\n\n<p>El Papa nos dice: \u201cComo ni\u00f1os peque\u00f1os, damos pasos cortos y torpes. De repente, sentimos que nuestros pasitos sinodales son el \u2018gran Kair\u00f3s\u2019, pero m\u00e1s pronto que tarde descubrimos nuestra peque\u00f1ez y descubrimos la necesidad de una mayor conversi\u00f3n\u201d.<\/p>\n\n\n\n<p>Luego, cit\u00f3 otros p\u00e1rrafos del&nbsp;<a href=\"https:\/\/www.vatican.va\/content\/francesco\/es\/messages\/pont-messages\/2022\/documents\/20220526-videomessaggio-plenaria-pcal.html\">videomensaje del Pont\u00edfice a la CAL con motivo de la Asamblea Plenaria, realizada en mayo<\/a>; entre ellos, cuando el Sucesor de Pedro manifest\u00f3 que \u201cla sinodalidad no es una moda organizacional o un proyecto de reinvenci\u00f3n humana del pueblo de Dios. Sinodalidad es la dimensi\u00f3n din\u00e1mica, la dimensi\u00f3n hist\u00f3rica de la comuni\u00f3n eclesial fundada por la comuni\u00f3n trinitaria.LEA TAMBI\u00c9N<a href=\"https:\/\/www.vaticannews.va\/es\/papa\/news\/2022-07\/atencion-a-las-idolatrias-que-amenazan-la-marcha-del-pueblo-de.html\"><\/a>12\/07\/2022<\/p>\n\n\n\n<h2 class=\"wp-block-heading\"><a href=\"https:\/\/www.vaticannews.va\/es\/papa\/news\/2022-07\/atencion-a-las-idolatrias-que-amenazan-la-marcha-del-pueblo-de.html\">Las estructuras materiales de la Iglesia al servicio de los pobres<\/a><\/h2>\n\n\n\n<h2 class=\"wp-block-heading\"><strong>Virgen de Guadalupe y comuni\u00f3n<\/strong><\/h2>\n\n\n\n<p>El fil\u00f3sofo mexicano sostuvo que lo que nos indica el Papa (<em>ndr: en alusi\u00f3n al videomensaje<\/em>) \u201cde alg\u00fan modo tambi\u00e9n ya est\u00e1 recogido de manera misteriosa y sint\u00e9tica en la presencia providencial de Santa Mar\u00eda de Guadalupe entre nosotros\u201d.<\/p>\n\n\n\n<p>Seg\u00fan Guerra, \u201cel acontecimiento guadalupano, m\u00e1s all\u00e1 de ciertos esteticismos y regionalismos que en ocasiones eclipsan su mensaje central, es un hecho fundante y comunional\u201d. Guerra record\u00f3 que, desde 1531, dos pueblos que se encontraban en conflicto comenzaron un proceso de reconciliaci\u00f3n social y mestizaje, de incorporaci\u00f3n a una rica vida eclesial, desde el amplio patrimonio de las culturas prehisp\u00e1nicas e hispanolusitanas, y de g\u00e9nesis de una nueva s\u00edntesis cultural, \u201cpluriforme, diversa y riqu\u00edsima, que nos alcanza hasta hoy\u201d, valor\u00f3 el especialista.<\/p>\n\n\n\n<p>El acad\u00e9mico afirm\u00f3 que en el mensaje guadalupano se encuentran, entre otras cosas, un camino de conversi\u00f3n personal y comunitaria; una mariolog\u00eda fuertemente cristoc\u00e9ntrica; un modelo de \u201cevangelizaci\u00f3n perfectamente inculturada\u201d; un gesto de amor preferencial por los \u00faltimos y m\u00e1s peque\u00f1os de la historia; la reivindicaci\u00f3n que nos invita a tratarnos como hermanos y no como adversarios, y una protoexperiencia de comuni\u00f3n y sinodalidad activa, \u201cen la que el fiel laico lleva la \u2018buena noticia\u2019 al obispo\u201d.<\/p>\n\n\n\n<p>\u201cLa renovaci\u00f3n del CELAM, la creaci\u00f3n de la CEAMA, el valiente caminar de la CLAR, el testimonio de los movimientos laicales y de las nuevas realidades que florecen en la Iglesia, y la reciente redefinici\u00f3n de la CAL, realizada por parte del Papa Francisco, se encuadran dentro dentro de este misterio mariano y eclesial, que es misterio de fidelidad y de renovaci\u00f3n, de conversi\u00f3n sincera y de apertura evangelizadora hacia todos\u201d, asegur\u00f3 Guerra.<\/p>\n\n\n\n<p>Hacia el final de su alocuci\u00f3n, el Secretario Pontificio augur\u00f3 \u201cque la Virgen Mar\u00eda de Guadalupe, \u2018madre del verdader\u00edsimo Dios por Qui\u00e9n se vive\u2019, permita que en esta Asamblea extraordinaria, y en todo el caminar del CELAM hacia los jubileos de 2031 y 2033, exista una renovada pasi\u00f3n por vivir al estilo de Jes\u00fas, en comuni\u00f3n y sinodalidad permanentes, siguiendo las huellas del humilde san Juan Diego\u201d.<\/p>\n\n\n\n<p>Remarcando que \u201cen la Pontificia Comisi\u00f3n para Am\u00e9rica Latina estamos a las \u00f3rdenes\u201d, Guerra dijo que \u201cel Papa ha querido definir nuestra comisi\u00f3n como una diacon\u00eda eclesial y como un signo del afecto y de servicio pontificio por la regi\u00f3n latinoamericana y caribe\u00f1a, llamado a ayudar a una m\u00e1s plena comuni\u00f3n y a una m\u00e1s intensa sinodalidad\u201d. \u201cQuiera Dios que en este nuevo momento eclesial, todos podamos caminar juntos, aprender juntos y madurar juntos, como hermanos\u201d, concluy\u00f3.<\/p>\n\n\n\n<p>Fuente: https:\/\/www.vaticannews.va\/es\/iglesia\/news\/2022-07\/secretariodelacal-asambleadelcelam-bogota2022.html<\/p>\n","protected":false},"excerpt":{"rendered":"<p>El Secretario de la Pontificia Comisi\u00f3n para Am\u00e9rica Latina, la CAL, intervino en la Asamblea Extraordinaria del CELAM, celebrada del [&hellip;]<\/p>\n","protected":false},"author":1,"featured_media":32073,"comment_status":"open","ping_status":"open","sticky":false,"template":"","format":"standard","meta":{"site-sidebar-layout":"default","site-content-layout":"","ast-site-content-layout":"default","site-content-style":"default","site-sidebar-style":"default","ast-global-header-display":"","ast-banner-title-visibility":"","ast-main-header-display":"","ast-hfb-above-header-display":"","ast-hfb-below-header-display":"","ast-hfb-mobile-header-display":"","site-post-title":"","ast-breadcrumbs-content":"","ast-featured-img":"","footer-sml-layout":"","theme-transparent-header-meta":"","adv-header-id-meta":"","stick-header-meta":"","header-above-stick-meta":"","header-main-stick-meta":"","header-below-stick-meta":"","astra-migrate-meta-layouts":"default","ast-page-background-enabled":"default","ast-page-background-meta":{"desktop":{"background-color":"var(--ast-global-color-4)","background-image":"","background-repeat":"repeat","background-position":"center center","background-size":"auto","background-attachment":"scroll","background-type":"","background-media":"","overlay-type":"","overlay-color":"","overlay-opacity":"","overlay-gradient":""},"tablet":{"background-color":"","background-image":"","background-repeat":"repeat","background-position":"center center","background-size":"auto","background-attachment":"scroll","background-type":"","background-media":"","overlay-type":"","overlay-color":"","overlay-opacity":"","overlay-gradient":""},"mobile":{"background-color":"","background-image":"","background-repeat":"repeat","background-position":"center center","background-size":"auto","background-attachment":"scroll","background-type":"","background-media":"","overlay-type":"","overlay-color":"","overlay-opacity":"","overlay-gradient":""}},"ast-content-background-meta":{"desktop":{"background-color":"var(--ast-global-color-5)","background-image":"","background-repeat":"repeat","background-position":"center center","background-size":"auto","background-attachment":"scroll","background-type":"","background-media":"","overlay-type":"","overlay-color":"","overlay-opacity":"","overlay-gradient":""},"tablet":{"background-color":"var(--ast-global-color-5)","background-image":"","background-repeat":"repeat","background-position":"center center","background-size":"auto","background-attachment":"scroll","background-type":"","background-media":"","overlay-type":"","overlay-color":"","overlay-opacity":"","overlay-gradient":""},"mobile":{"background-color":"var(--ast-global-color-5)","background-image":"","background-repeat":"repeat","background-position":"center center","background-size":"auto","background-attachment":"scroll","background-type":"","background-media":"","overlay-type":"","overlay-color":"","overlay-opacity":"","overlay-gradient":""}},"footnotes":""},"categories":[8],"tags":[11366,2929,11367,11365],"class_list":["post-32072","post","type-post","status-publish","format-standard","has-post-thumbnail","hentry","category-noticias","tag-cal","tag-celam","tag-pontificia-comision-para-america-latina","tag-rodrigo-guerra"],"_links":{"self":[{"href":"https:\/\/losperiodistas.com.mx\/portal\/wp-json\/wp\/v2\/posts\/32072","targetHints":{"allow":["GET"]}}],"collection":[{"href":"https:\/\/losperiodistas.com.mx\/portal\/wp-json\/wp\/v2\/posts"}],"about":[{"href":"https:\/\/losperiodistas.com.mx\/portal\/wp-json\/wp\/v2\/types\/post"}],"author":[{"embeddable":true,"href":"https:\/\/losperiodistas.com.mx\/portal\/wp-json\/wp\/v2\/users\/1"}],"replies":[{"embeddable":true,"href":"https:\/\/losperiodistas.com.mx\/portal\/wp-json\/wp\/v2\/comments?post=32072"}],"version-history":[{"count":1,"href":"https:\/\/losperiodistas.com.mx\/portal\/wp-json\/wp\/v2\/posts\/32072\/revisions"}],"predecessor-version":[{"id":32076,"href":"https:\/\/losperiodistas.com.mx\/portal\/wp-json\/wp\/v2\/posts\/32072\/revisions\/32076"}],"wp:featuredmedia":[{"embeddable":true,"href":"https:\/\/losperiodistas.com.mx\/portal\/wp-json\/wp\/v2\/media\/32073"}],"wp:attachment":[{"href":"https:\/\/losperiodistas.com.mx\/portal\/wp-json\/wp\/v2\/media?parent=32072"}],"wp:term":[{"taxonomy":"category","embeddable":true,"href":"https:\/\/losperiodistas.com.mx\/portal\/wp-json\/wp\/v2\/categories?post=32072"},{"taxonomy":"post_tag","embeddable":true,"href":"https:\/\/losperiodistas.com.mx\/portal\/wp-json\/wp\/v2\/tags?post=32072"}],"curies":[{"name":"wp","href":"https:\/\/api.w.org\/{rel}","templated":true}]}}