{"id":32069,"date":"2022-07-14T04:56:23","date_gmt":"2022-07-14T09:56:23","guid":{"rendered":"http:\/\/losperiodistas.com.mx\/portal\/?p=32069"},"modified":"2022-07-14T04:56:25","modified_gmt":"2022-07-14T09:56:25","slug":"san-fermin-el-ultimo-encierro-de-las-fiestas-miura-se-deja-llevar-noticias-de-navarra","status":"publish","type":"post","link":"https:\/\/losperiodistas.com.mx\/portal\/san-fermin-el-ultimo-encierro-de-las-fiestas-miura-se-deja-llevar-noticias-de-navarra\/","title":{"rendered":"San Ferm\u00edn | El \u00faltimo encierro de las fiestas: Miura se deja llevar | Noticias de Navarra"},"content":{"rendered":"\n<p><em>2:16 ha durado la carrera, la segunda m\u00e1s r\u00e1pida de estas fiestas, con una manada que ha permanecido compacta y protegida por los bueyes en todo el recorrido<\/em><\/p>\n\n\n\n<p><\/p>\n\n\n\n<figure class=\"wp-block-image size-full\"><img fetchpriority=\"high\" decoding=\"async\" width=\"880\" height=\"495\" src=\"https:\/\/losperiodistas.com.mx\/portal\/wp-content\/uploads\/2022\/07\/2beba4fa-27f3-4a79-8899-739c4565d49c_16-9-aspect-ratio_default_0_x527y287.jpeg\" alt=\"\" class=\"wp-image-32070\" srcset=\"https:\/\/losperiodistas.com.mx\/portal\/wp-content\/uploads\/2022\/07\/2beba4fa-27f3-4a79-8899-739c4565d49c_16-9-aspect-ratio_default_0_x527y287.jpeg 880w, https:\/\/losperiodistas.com.mx\/portal\/wp-content\/uploads\/2022\/07\/2beba4fa-27f3-4a79-8899-739c4565d49c_16-9-aspect-ratio_default_0_x527y287-300x169.jpeg 300w, https:\/\/losperiodistas.com.mx\/portal\/wp-content\/uploads\/2022\/07\/2beba4fa-27f3-4a79-8899-739c4565d49c_16-9-aspect-ratio_default_0_x527y287-768x432.jpeg 768w\" sizes=\"(max-width: 880px) 100vw, 880px\" \/><figcaption><em>Imagen de la carrera a la altura de Mercaderes<\/em>\u00a0I\u00d1AKI PORTO<\/figcaption><\/figure>\n\n\n\n<p><\/p>\n\n\n\n<p class=\"has-vivid-cyan-blue-color has-text-color has-medium-font-size\">EDURNE NAVARRO \/ JON OTERMIN \/ KEPA GARC\u00cdA \/ NOTICIAS DE NAVARRA<\/p>\n\n\n\n<p>La ganader\u00eda de&nbsp;<strong>Miura&nbsp;<\/strong>ha cerrado este jueves los encierros en&nbsp;<strong>Pamplona&nbsp;<\/strong>con una carrera veloz, la segunda m\u00e1s r\u00e1pida de&nbsp;<strong>San Ferm\u00edn<\/strong>, y limpia.<\/p>\n\n\n\n<p>Con una duraci\u00f3n de<strong>\u00a02 minutos y 16 segundos<\/strong>, ha dejado 5 mozos contusionados de diversa consideraci\u00f3n y otro con un puntazo, que ha sido atendido en la\u00a0<strong>plaza de Toros<\/strong>\u00a0sin necesidad de ser trasladado a un centro sanitario dada la escasa gravedad de la herida que presentaba.<\/p>\n\n\n\n<figure class=\"wp-block-embed is-type-video is-provider-youtube wp-block-embed-youtube wp-embed-aspect-16-9 wp-has-aspect-ratio\"><div class=\"wp-block-embed__wrapper\">\n<iframe title=\"\u00daLTIMO ENCIERRO de San Ferm\u00edn 2022 | Miura\" width=\"500\" height=\"281\" src=\"https:\/\/www.youtube.com\/embed\/X1JYVdArUbw?feature=oembed\" frameborder=\"0\" allow=\"accelerometer; autoplay; clipboard-write; encrypted-media; gyroscope; picture-in-picture; web-share\" referrerpolicy=\"strict-origin-when-cross-origin\" allowfullscreen><\/iframe>\n<\/div><\/figure>\n\n\n\n<p><\/p>\n\n\n\n<p>Los 6 morlacos \u2013tres colorados, un sardo, un c\u00e1rdeno oscuro mulato y un negro\u2013 han salido de los corrales arropados por los cabestros, pero a diferencia de lo ocurrido en los encierros precedentes, los Miura han optado por dejarse llevar.<\/p>\n\n\n\n<p>Al ritmo que marcaban dos bueyes por delante, la manada ha subido por\u00a0<strong>Santo Domingo<\/strong>\u00a0con velocidad, pero sin poner la quinta marcha porque los astados han preferidos seguir hermanados.<\/p>\n\n\n\n<p>El toro chorreado,\u00a0<strong>Ahechador<\/strong>, ha hecho un leve amago de ponerse en cabeza, pero no ha puesto demasiado inter\u00e9s en la maniobra y la manada ha llegado a la\u00a0<strong>plaza Consistorial<\/strong>\u00a0compacta, con dos bueyes en cabeza.<\/p>\n\n\n\n<p><a href=\"https:\/\/www.noticiasdenavarra.com\/san-fermin\/2022\/07\/14\/san-fermin-fotos-ultimo-encierro-5813239.html\"><\/a><a href=\"https:\/\/www.noticiasdenavarra.com\/san-fermin\/2022\/07\/14\/san-fermin-fotos-ultimo-encierro-5813239.html\">San Ferm\u00edn | V\u00eddeo y fotos del \u00faltimo encierro con los Miura, tramo a tramo<\/a>Diario de Noticias<\/p>\n\n\n\n<p>Los Miuras no se han dejado ver hasta el tramo final de&nbsp;<strong>Mercaderes<\/strong>, con cinco astados en la parte delantera y uno por detr\u00e1s, sin querer saber nada de lo que ocurr\u00eda a su alrededor.<\/p>\n\n\n\n<p>Han tomado\u00a0<strong>la curva a la perfecci\u00f3n<\/strong>, con tanta suficiencia que uno de los toros colorados se ha permitido el lujo de trazarla por la parte cerrada, donde no hace mucho tiempo se situaban no pocos corredores para presenciar el encierro en primera l\u00ednea convencidos que all\u00ed nunca pasa nada, hasta que un toro como ha ocurrido este jueves decide cambiar el gui\u00f3n.<\/p>\n\n\n\n<h2 class=\"wp-block-heading\">Huecos en Estafeta<\/h2>\n\n\n\n<p>En&nbsp;<strong>Estafeta&nbsp;<\/strong>se han podido ver algunas&nbsp;<strong>buenas carreras<\/strong>. Hab\u00eda&nbsp;<strong>menos corredores<\/strong>&nbsp;y se ha notado, aunque con las mismas apreturas y empujones de siempre para buscar los huecos despu\u00e9s de que la manada se dividiera en dos grupos de tres toros.<\/p>\n\n\n\n<p>Por delante iban un&nbsp;<strong>c\u00e1rdeno<\/strong>, un&nbsp;<strong>casta\u00f1o&nbsp;<\/strong>y el&nbsp;<strong>sardo<\/strong>, bien pegados, pero dejando suficiente espacio por detr\u00e1s para las carreras de los mozos.<\/p>\n\n\n\n<p>Los toros de&nbsp;<strong>Zahariche&nbsp;<\/strong>han vuelto a comportarse como se espera de la ganader\u00eda que m\u00e1s veces ha corrido los encierros en Pamplona, sin un mal gesto en todo el recorrido, nobleza con la firma de Miura de principio a fin.<\/p>\n\n\n\n<p>Era suficiente con su&nbsp;<strong>presencia imperial y su cornamenta<\/strong>&nbsp;para que los mozos hayan mantenido una distancia prudencial. Tampoco era plan de apurar m\u00e1s de la cuenta ante las astas que portaban, que sobresal\u00edan por encima de las cabezas de los corredores.<\/p>\n\n\n\n<p>No ha sido sencillo para los mozos mantener el ritmo de la manada, con el \u2018trenecito\u2019, como muchos llaman a las carreras de los Miura, lanzado por la calle Estafeta.<\/p>\n\n\n\n<h2 class=\"wp-block-heading\">Buenas carreras<\/h2>\n\n\n\n<p>Los Miuras han llegado fracturados al&nbsp;<strong>tramo de Telef\u00f3nica<\/strong>, donde varios mozos han protagonizado carreras largas y limpias con el grupo trasero de la manada, ya que por delante los cabestros segu\u00edan al frente del convoy y no era posible buscar a los astados.<\/p>\n\n\n\n<p>En el tramo de Telef\u00f3nica los Miuras han bajado compactos y sin ganas de l\u00edos han entrado a los corrales de la&nbsp;<strong>Plaza de Toros<\/strong>&nbsp;solo dos segundos m\u00e1s lentos que los Victorianos del R\u00edo, los m\u00e1s r\u00e1pidos en estos Sanfermines.<\/p>\n\n\n\n<figure class=\"wp-block-image\"><img decoding=\"async\" src=\"https:\/\/estaticosgn-cdn.deia.eus\/clip\/bcd979ac-cb88-41d9-8171-d481189dcc92_16-9-aspect-ratio_default_0_x544y308.jpg\" alt=\"La manada, llegando a la curva de Mercaderes\"\/><\/figure>\n\n\n\n<p><em>La manada, llegando a la curva de Mercaderes<\/em>&nbsp;I\u00d1AKI PORTO<\/p>\n\n\n\n<p>8:00 \u00a1\u00a1Suena el cochete!!<\/p>\n\n\n\n<p>7:59 Tercer c\u00e1ntico a San Ferm\u00edn<\/p>\n\n\n\n<figure class=\"wp-block-image\"><img decoding=\"async\" src=\"https:\/\/estaticosgn-cdn.deia.eus\/clip\/97ac14dc-5ab8-4fcd-817b-887882fd67b8_16-9-aspect-ratio_default_0_x505y178.jpg\" alt=\"Corredores, listos en Santo Domingo\"\/><\/figure>\n\n\n\n<p><em>Corredores, listos en Santo Domingo<\/em>&nbsp;CEDIDA<\/p>\n\n\n\n<p>La afluencia parece menor que en d\u00edas anteriores<\/p>\n\n\n\n<p>7:57 Segundo c\u00e1ntido al Santo<\/p>\n\n\n\n<figure class=\"wp-block-image\"><img decoding=\"async\" src=\"https:\/\/estaticosgn-cdn.deia.eus\/clip\/7b85e37e-ad30-4bca-88d7-52c7ca16a159_16-9-aspect-ratio_default_0_x457y302.jpg\" alt=\"Corredores se encomiendan al Santo\"\/><\/figure>\n\n\n\n<p><em>Corredores se encomiendan al Santo<\/em>&nbsp;CEDIDA<\/p>\n\n\n\n<p>7:55 Primer c\u00e1ntico a San Ferm\u00edn<\/p>\n\n\n\n<p><\/p>\n\n\n\n<p><a href=\"https:\/\/twitter.com\/CruzRojaNavarra\/status\/1547449400716296193?ref_src=twsrc%5Etfw\"><\/a><\/p>\n\n\n\n<figure class=\"wp-block-embed is-type-rich is-provider-twitter wp-block-embed-twitter\"><div class=\"wp-block-embed__wrapper\">\n<blockquote class=\"twitter-tweet\" data-width=\"500\" data-dnt=\"true\"><p lang=\"es\" dir=\"ltr\">Los servicios <a href=\"https:\/\/twitter.com\/hashtag\/PreventivosCruzRoja?src=hash&amp;ref_src=twsrc%5Etfw\">#PreventivosCruzRoja<\/a> preparados para el octavo y \u00faltimo <a href=\"https:\/\/twitter.com\/hashtag\/encierro?src=hash&amp;ref_src=twsrc%5Etfw\">#encierro<\/a> de los <a href=\"https:\/\/twitter.com\/hashtag\/Sanfermines2022?src=hash&amp;ref_src=twsrc%5Etfw\">#Sanfermines2022<\/a> <a href=\"https:\/\/t.co\/z0yh5Bi0Uo\">pic.twitter.com\/z0yh5Bi0Uo<\/a><\/p>&mdash; Cruz Roja Navarra (@CruzRojaNavarra) <a href=\"https:\/\/twitter.com\/CruzRojaNavarra\/status\/1547449400716296193?ref_src=twsrc%5Etfw\">July 14, 2022<\/a><\/blockquote><script async src=\"https:\/\/platform.twitter.com\/widgets.js\" charset=\"utf-8\"><\/script>\n<\/div><\/figure>\n\n\n\n<p><a href=\"https:\/\/twitter.com\/CruzRojaNavarra\/status\/1547449400716296193?ref_src=twsrc%5Etfw\">Siga en directo el\u00a0<strong>\u00faltimo encierro<\/strong>\u00a0de las fiestas de\u00a0<\/a><a href=\"https:\/\/www.noticiasdenavarra.com\/tags\/san-fermin\/\" target=\"_blank\" rel=\"noreferrer noopener\">San Ferm\u00edn<\/a>\u00a0este jueves 14 de julio,\u00a0<a href=\"https:\/\/www.noticiasdenavarra.com\/sociedad\/2022\/07\/13\/riesgo-elevado-incendio-navarra-5809851.html\" target=\"_blank\" rel=\"noreferrer noopener\">en plena ola de calor en Navarra<\/a>. Los\u00a0<strong>Miura\u00a0<\/strong>ser\u00e1n los protagonistas de esta \u00faltima carrera de las fiestas de 2022. Su anterior encierro fue en 2019 y dur\u00f3 2 minutos y 41 segundos.<\/p>\n\n\n\n<figure class=\"wp-block-embed is-type-rich is-provider-twitter wp-block-embed-twitter\"><div class=\"wp-block-embed__wrapper\">\n<blockquote class=\"twitter-tweet\" data-width=\"500\" data-dnt=\"true\"><p lang=\"es\" dir=\"ltr\">Empezamos el \u00faltimo despeje del encierro <a href=\"https:\/\/twitter.com\/hashtag\/SF22?src=hash&amp;ref_src=twsrc%5Etfw\">#SF22<\/a> <a href=\"https:\/\/t.co\/2qjM7aklYU\">pic.twitter.com\/2qjM7aklYU<\/a><\/p>&mdash; Policia Municipal Udaltzaingoa 092 (@PamplonaIrunaPM) <a href=\"https:\/\/twitter.com\/PamplonaIrunaPM\/status\/1547451880888221696?ref_src=twsrc%5Etfw\">July 14, 2022<\/a><\/blockquote><script async src=\"https:\/\/platform.twitter.com\/widgets.js\" charset=\"utf-8\"><\/script>\n<\/div><\/figure>\n\n\n\n<p><a href=\"https:\/\/twitter.com\/PamplonaIrunaPM\/status\/1547451880888221696?ref_src=twsrc%5Etfw\"><\/a><\/p>\n\n\n\n<p><a href=\"https:\/\/twitter.com\/PamplonaIrunaPM\/status\/1547451880888221696?ref_src=twsrc%5Etfw\">Los anteriores encierros han dejado, por el momento, cuatro heridos por asta,<\/a><a href=\"https:\/\/www.noticiasdenavarra.com\/san-fermin\/2022\/07\/13\/parte-heridos-septimo-encierro-san-5808640.html\" rel=\"noreferrer noopener\" target=\"_blank\">&nbsp;que se encuentran estables<\/a>&nbsp;y decenas de contusionados.<\/p>\n\n\n\n<figure class=\"wp-block-image\"><img decoding=\"async\" src=\"https:\/\/estaticosgn-cdn.deia.eus\/clip\/d7e5d055-49b0-4eca-82a3-45da2b9b1029_16-9-discover-aspect-ratio_default_0_x954y637.jpg\" alt=\"Un grupo esperando el inicio del \u00faltimo encierro\"\/><\/figure>\n\n\n\n<p><em>Un grupo esperando el inicio del \u00faltimo encierro<\/em>&nbsp;UNAI BEROIZ<\/p>\n\n\n\n<p><em>Esta noticia de \u00faltima hora est\u00e1 en elaboraci\u00f3n y en breve publicaremos m\u00e1s detalles. Por favor, actualice la p\u00e1gina para ver en unos segundos la versi\u00f3n completa.<\/em><\/p>\n\n\n\n<p><strong>LA GANADER\u00cdA<\/strong><\/p>\n\n\n\n<p>Miura ser\u00e1 la divisa encargada en abrochar el abono sanferminero. Aunque sus resultados no son buenos en los \u00faltimos a\u00f1os, sigue encabezando el ranking de historia y premios en esta feria.<\/p>\n\n\n\n<p>La \u2018miurada\u2019 de esta feria la lidiar\u00e1 y estoquear\u00e1 en solitario Antonio Ferrera. El pacense anunci\u00f3 esta gesta meses antes y su car\u00e1cter ben\u00e9fico para con la Casa de Misericordia.<\/p>\n\n\n\n<p>Ferrera, torero bohemio y de excelentes y variadas condiciones, protagonizar\u00e1 la segunda encerrona con seis toros en solitario en los 100 a\u00f1os de esta plaza. La primera fue la de Manuel de los Reyes Rodr\u00edguez en 1978 ante seis toros del hierro de Mar\u00eda Coronel, a los que cort\u00f3 cinco orejas.<\/p>\n\n\n\n<p>Esta corrida ha sido recibida con divisi\u00f3n de opiniones entre los aficionados navarros. En cualquier caso, el gesto ben\u00e9fico y el reto son indudables.<\/p>\n\n\n\n<p><strong>TEMPORADA 2022<\/strong><\/p>\n\n\n\n<p>Ha lidiado dos corridas. El 8 de mayo en otra encerrona como este jueves, en este caso de Escribano (oreja). Hubo dos toros manejables.&nbsp;<\/p>\n\n\n\n<p><strong>LOS TOROS DEL 13<\/strong><\/p>\n\n\n\n<p>Los toros de este jueves son todos del guarismo 8, cuatre\u00f1os. Peso medio: 567 kilos.<\/p>\n\n\n\n<p><strong>EN EL ENCIERRO<\/strong><\/p>\n\n\n\n<p>\u00daltimo: 14\/7\/2019. Duraci\u00f3n; 2m. y 41 seg. Un toro resbal\u00f3&nbsp;e hizo la carrera algo retrasado.&nbsp;<\/p>\n\n\n\n<p><strong>Miura<\/strong><\/p>\n\n\n\n<ul class=\"wp-block-list\"><li>Divisa. Verde y grana<\/li><li>Se\u00f1al. Hendido y muesca en la oreja izquierda y despuntada con golpe la derecha.&nbsp;<\/li><li>Antig\u00fcedad. 10\/4\/1949.<\/li><li>Finca. Zahariche, en Lora del R\u00edo (Sevilla).&nbsp;<\/li><li>Propietarios. Eduardo y Antonio Miura<\/li><li>Mayoral. Antonio Dom\u00ednguez<\/li><li>Procedencia. Miura.<\/li><li>Presencias. 54.<\/li><li>Premios. 14. Feria del Toro 5; y Carriquiri. 9.<\/li><\/ul>\n\n\n\n<figure class=\"wp-block-image\"><img decoding=\"async\" src=\"https:\/\/estaticosgn-cdn.deia.eus\/clip\/61ccc327-2b70-4c88-a23e-1bc7ec40cfd3_16-9-discover-aspect-ratio_default_0.jpg\" alt=\"N\u00ba 24. chaparrito. Negro mulato chorreado. 625 kilos. Nacimiento: Diciembre\/2017. Guarismo 8. Cuatre\u00f1o.\"\/><\/figure>\n\n\n\n<p><em>N\u00ba 24. chaparrito. Negro mulato chorreado. 625 kilos. Nacimiento: Diciembre\/2017. Guarismo 8. Cuatre\u00f1o.<\/em>&nbsp;UNAI BEROIZ<\/p>\n\n\n\n<figure class=\"wp-block-image\"><img decoding=\"async\" src=\"https:\/\/estaticosgn-cdn.deia.eus\/clip\/57cf8c2c-f73d-4fca-850a-db8c4615498b_16-9-discover-aspect-ratio_default_0.jpg\" alt=\"N\u00ba 33. bodeguero. C\u00e1rdeno oscuro mulato. 585 kilos. Nacimiento: Enero\/2018. Guarismo 8. Cuatre\u00f1o.\"\/><\/figure>\n\n\n\n<p><em>N\u00ba 33. bodeguero. C\u00e1rdeno oscuro mulato. 585 kilos. Nacimiento: Enero\/2018. Guarismo 8. Cuatre\u00f1o.<\/em>&nbsp;UNAI BEROIZ<\/p>\n\n\n\n<figure class=\"wp-block-image\"><img decoding=\"async\" src=\"https:\/\/estaticosgn-cdn.deia.eus\/clip\/0668d3ea-6930-4a6c-b2b9-82e1f1aa8e3a_16-9-discover-aspect-ratio_default_0.jpg\" alt=\"N\u00ba 45. ahechador. Colorado chorreado bragado corrido gir\u00f3n. 585kilos. Nacimiento: Enero\/2017. Guarismo 8. Cuatre\u00f1o.\"\/><\/figure>\n\n\n\n<p><em>N\u00ba 45. ahechador. Colorado chorreado bragado corrido gir\u00f3n. 585kilos. Nacimiento: Enero\/2017. Guarismo 8. Cuatre\u00f1o.<\/em>&nbsp;UNAI BEROIZ<\/p>\n\n\n\n<figure class=\"wp-block-image\"><img decoding=\"async\" src=\"https:\/\/estaticosgn-cdn.deia.eus\/clip\/2edd14a8-51b4-4694-8f94-54af9e777115_16-9-discover-aspect-ratio_default_0.jpg\" alt=\"N\u00ba 50. rifador. Sardo. 545 kilos. Nacimiento: Enero\/2017. Guarismo 8. Cuatre\u00f1o.\"\/><\/figure>\n\n\n\n<p><em>N\u00ba 50. rifador. Sardo. 545 kilos. Nacimiento: Enero\/2017. Guarismo 8. Cuatre\u00f1o.<\/em>&nbsp;UNAI BEROIZ<\/p>\n\n\n\n<figure class=\"wp-block-image\"><img decoding=\"async\" src=\"https:\/\/estaticosgn-cdn.deia.eus\/clip\/ddc2a53e-45e6-4ab8-a29a-05b3b6ecbe3b_16-9-discover-aspect-ratio_default_0.jpg\" alt=\"N\u00ba 57. harnero. Colorado. 520 kilos. Nacimiento: Enero\/2018. Guarismo 8. Cuatre\u00f1o.\"\/><\/figure>\n\n\n\n<p><em>N\u00ba 57. harnero. Colorado. 520 kilos. Nacimiento: Enero\/2018. Guarismo 8. Cuatre\u00f1o.<\/em>&nbsp;UNAI BEROIZ<\/p>\n\n\n\n<figure class=\"wp-block-image\"><img decoding=\"async\" src=\"https:\/\/estaticosgn-cdn.deia.eus\/clip\/2d832e5f-73ee-4359-807c-963842c55b63_16-9-discover-aspect-ratio_default_0.jpg\" alt=\"N\u00ba 87. espadero. Colorado. 540 kilos. Nacimiento: Diciembre\/2017. Guarismo 8. Cuatre\u00f1o.\"\/><\/figure>\n\n\n\n<p><em>N\u00ba 87. espadero. Colorado. 540 kilos. Nacimiento: Diciembre\/2017. Guarismo 8. Cuatre\u00f1o.<\/em>\u00a0UNAI BEROIZ<\/p>\n\n\n\n<p>Fuente: https:\/\/www.noticiasdenavarra.com\/san-fermin\/2022\/07\/13\/sanfermin-ultimo-encierro-miura-14julio-5811253.html<\/p>\n","protected":false},"excerpt":{"rendered":"<p>2:16 ha durado la carrera, la segunda m\u00e1s r\u00e1pida de estas fiestas, con una manada que ha permanecido compacta y [&hellip;]<\/p>\n","protected":false},"author":1,"featured_media":32070,"comment_status":"open","ping_status":"open","sticky":false,"template":"","format":"standard","meta":{"site-sidebar-layout":"default","site-content-layout":"","ast-site-content-layout":"default","site-content-style":"default","site-sidebar-style":"default","ast-global-header-display":"","ast-banner-title-visibility":"","ast-main-header-display":"","ast-hfb-above-header-display":"","ast-hfb-below-header-display":"","ast-hfb-mobile-header-display":"","site-post-title":"","ast-breadcrumbs-content":"","ast-featured-img":"","footer-sml-layout":"","theme-transparent-header-meta":"","adv-header-id-meta":"","stick-header-meta":"","header-above-stick-meta":"","header-main-stick-meta":"","header-below-stick-meta":"","astra-migrate-meta-layouts":"default","ast-page-background-enabled":"default","ast-page-background-meta":{"desktop":{"background-color":"var(--ast-global-color-4)","background-image":"","background-repeat":"repeat","background-position":"center center","background-size":"auto","background-attachment":"scroll","background-type":"","background-media":"","overlay-type":"","overlay-color":"","overlay-opacity":"","overlay-gradient":""},"tablet":{"background-color":"","background-image":"","background-repeat":"repeat","background-position":"center center","background-size":"auto","background-attachment":"scroll","background-type":"","background-media":"","overlay-type":"","overlay-color":"","overlay-opacity":"","overlay-gradient":""},"mobile":{"background-color":"","background-image":"","background-repeat":"repeat","background-position":"center center","background-size":"auto","background-attachment":"scroll","background-type":"","background-media":"","overlay-type":"","overlay-color":"","overlay-opacity":"","overlay-gradient":""}},"ast-content-background-meta":{"desktop":{"background-color":"var(--ast-global-color-5)","background-image":"","background-repeat":"repeat","background-position":"center center","background-size":"auto","background-attachment":"scroll","background-type":"","background-media":"","overlay-type":"","overlay-color":"","overlay-opacity":"","overlay-gradient":""},"tablet":{"background-color":"var(--ast-global-color-5)","background-image":"","background-repeat":"repeat","background-position":"center center","background-size":"auto","background-attachment":"scroll","background-type":"","background-media":"","overlay-type":"","overlay-color":"","overlay-opacity":"","overlay-gradient":""},"mobile":{"background-color":"var(--ast-global-color-5)","background-image":"","background-repeat":"repeat","background-position":"center center","background-size":"auto","background-attachment":"scroll","background-type":"","background-media":"","overlay-type":"","overlay-color":"","overlay-opacity":"","overlay-gradient":""}},"footnotes":""},"categories":[8],"tags":[11364,11190],"class_list":["post-32069","post","type-post","status-publish","format-standard","has-post-thumbnail","hentry","category-noticias","tag-ganaderia-de-miura","tag-sanfermines-2022"],"_links":{"self":[{"href":"https:\/\/losperiodistas.com.mx\/portal\/wp-json\/wp\/v2\/posts\/32069","targetHints":{"allow":["GET"]}}],"collection":[{"href":"https:\/\/losperiodistas.com.mx\/portal\/wp-json\/wp\/v2\/posts"}],"about":[{"href":"https:\/\/losperiodistas.com.mx\/portal\/wp-json\/wp\/v2\/types\/post"}],"author":[{"embeddable":true,"href":"https:\/\/losperiodistas.com.mx\/portal\/wp-json\/wp\/v2\/users\/1"}],"replies":[{"embeddable":true,"href":"https:\/\/losperiodistas.com.mx\/portal\/wp-json\/wp\/v2\/comments?post=32069"}],"version-history":[{"count":1,"href":"https:\/\/losperiodistas.com.mx\/portal\/wp-json\/wp\/v2\/posts\/32069\/revisions"}],"predecessor-version":[{"id":32071,"href":"https:\/\/losperiodistas.com.mx\/portal\/wp-json\/wp\/v2\/posts\/32069\/revisions\/32071"}],"wp:featuredmedia":[{"embeddable":true,"href":"https:\/\/losperiodistas.com.mx\/portal\/wp-json\/wp\/v2\/media\/32070"}],"wp:attachment":[{"href":"https:\/\/losperiodistas.com.mx\/portal\/wp-json\/wp\/v2\/media?parent=32069"}],"wp:term":[{"taxonomy":"category","embeddable":true,"href":"https:\/\/losperiodistas.com.mx\/portal\/wp-json\/wp\/v2\/categories?post=32069"},{"taxonomy":"post_tag","embeddable":true,"href":"https:\/\/losperiodistas.com.mx\/portal\/wp-json\/wp\/v2\/tags?post=32069"}],"curies":[{"name":"wp","href":"https:\/\/api.w.org\/{rel}","templated":true}]}}