{"id":32059,"date":"2022-07-13T20:00:57","date_gmt":"2022-07-14T01:00:57","guid":{"rendered":"http:\/\/losperiodistas.com.mx\/portal\/?p=32059"},"modified":"2022-07-13T21:47:38","modified_gmt":"2022-07-14T02:47:38","slug":"colosio-vive-colosio-sigue","status":"publish","type":"post","link":"https:\/\/losperiodistas.com.mx\/portal\/colosio-vive-colosio-sigue\/","title":{"rendered":"\u00bfColosio vive? \u00bfColosio sigue?"},"content":{"rendered":"\n<p><\/p>\n\n\n\n<p><\/p>\n\n\n\n<p class=\"has-vivid-cyan-blue-color has-text-color\" style=\"font-size:28px\"><strong><em>Por Humberto Aguilar Coronado<\/em><\/strong><\/p>\n\n\n\n<p>En 1994 M\u00e9xico cambi\u00f3 radicalmente. Desde el inicio de ese a\u00f1o se sucedieron una serie de lamentables hechos que modificaron sustancialmente la vida pol\u00edtica de nuestro pa\u00eds.<\/p>\n\n\n\n<p>El alzamiento armado del Ejercito Zapatista de Liberaci\u00f3n Nacional (EZLN) fue el principio de esos eventos traum\u00e1ticos que terminaron con el asesinato de Jos\u00e9 Francisco Ru\u00edz Massieu el 28 de septiembre, pero quiz\u00e1 el hecho que m\u00e1s marc\u00f3 el cambio en nuestra historia moderna fue el terrible asesinato del candidato presidencial del entonces poderos\u00edsimo partido de estado, el Partido Revolucionario Institucional, Luis Donaldo Colosio Murrieta.<\/p>\n\n\n\n<p>Durante a\u00f1os se investig\u00f3 por parte de la entonces Procuradur\u00eda General de la Rep\u00fablica (PGR) y se lleg\u00f3 a la conclusi\u00f3n que se sab\u00eda desde el mismo d\u00eda del asesinato, que el asesino era un sujeto llamado Mario Aburto.<\/p>\n\n\n\n<p>Por eso llama la atenci\u00f3n que casi 28 a\u00f1os despu\u00e9s, la fiscal\u00eda general de la Rep\u00fablica (FGR) anuncie que se reabre el caso del magnicidio y que se integrar\u00e1 un equipo especial para realizar una \u201cinvestigaci\u00f3n exhaustiva de los hechos\u201d y retomar los procesos penales contra las personas involucradas.<\/p>\n\n\n\n<p>Entonces la primera pregunta que nos hacemos es si Colosio vive. \u00bfPorqu\u00e9 despu\u00e9s de 28 a\u00f1os este gobierno, perd\u00f3n, esta fiscal\u00eda reabre una investigaci\u00f3n que a nadie dej\u00f3 satisfecho en cuanto al o los autores intelectuales?<\/p>\n\n\n\n<p>Ser\u00e1 que el presidente orden\u00f3 esta reapertura de la investigaci\u00f3n para poner nuevamente el apellido Colosio en el imaginario colectivo, distraer la atenci\u00f3n, incorporar a un Colosio dentro de los precandidatos presidenciales y hacer creer que \u00bfColosio sigue?<\/p>\n\n\n\n<p>Es cierto que en los estudios demosc\u00f3picos que hasta ahora se han conocido, el joven alcalde de Monterrey, Luis Donaldo Colosio Riojas, tiene un nivel de conocimiento importante como para ser considerado con oportunidad de encabezar la candidatura de su partido, pero hasta el momento, movimiento ciudadano no ha definido candidato y mucho menos, si se sumar\u00e1 al esfuerzo colectivo que est\u00e1 haciendo la oposici\u00f3n en nuestro pa\u00eds.<\/p>\n\n\n\n<p>El argumento es que al fin se reconocieron las inconsistencias y violaciones en el famoso caso Colosio, pero tambi\u00e9n es cierto que, en otros asesinatos, tambi\u00e9n se han denunciado inconsistencias y violaciones en la integraci\u00f3n de los expedientes.<\/p>\n\n\n\n<p>En lo personal, no pienso que a la fiscal\u00eda o al gobierno le interese reabrir los casos, por ejemplo, de los asesinatos del cardenal Posadas o del entonces diputado Jos\u00e9 Francisco Ru\u00edz Massieu.<\/p>\n\n\n\n<p>Creo que, a 28 a\u00f1os de distancia, es mucho m\u00e1s importante que la fiscal\u00eda se ocupe de los feminicidios y de los homicidios que d\u00eda a d\u00eda crecen en nuestro pa\u00eds. Eso, si es de actualidad y de importancia capital.<\/p>\n\n\n\n<p>*Es Diputado Federal del PAN<\/p>\n","protected":false},"excerpt":{"rendered":"<p>Por Humberto Aguilar Coronado En 1994 M\u00e9xico cambi\u00f3 radicalmente. Desde el inicio de ese a\u00f1o se sucedieron una serie de [&hellip;]<\/p>\n","protected":false},"author":1,"featured_media":32060,"comment_status":"open","ping_status":"open","sticky":false,"template":"","format":"standard","meta":{"site-sidebar-layout":"default","site-content-layout":"","ast-site-content-layout":"default","site-content-style":"default","site-sidebar-style":"default","ast-global-header-display":"","ast-banner-title-visibility":"","ast-main-header-display":"","ast-hfb-above-header-display":"","ast-hfb-below-header-display":"","ast-hfb-mobile-header-display":"","site-post-title":"","ast-breadcrumbs-content":"","ast-featured-img":"","footer-sml-layout":"","theme-transparent-header-meta":"","adv-header-id-meta":"","stick-header-meta":"","header-above-stick-meta":"","header-main-stick-meta":"","header-below-stick-meta":"","astra-migrate-meta-layouts":"default","ast-page-background-enabled":"default","ast-page-background-meta":{"desktop":{"background-color":"var(--ast-global-color-4)","background-image":"","background-repeat":"repeat","background-position":"center center","background-size":"auto","background-attachment":"scroll","background-type":"","background-media":"","overlay-type":"","overlay-color":"","overlay-opacity":"","overlay-gradient":""},"tablet":{"background-color":"","background-image":"","background-repeat":"repeat","background-position":"center center","background-size":"auto","background-attachment":"scroll","background-type":"","background-media":"","overlay-type":"","overlay-color":"","overlay-opacity":"","overlay-gradient":""},"mobile":{"background-color":"","background-image":"","background-repeat":"repeat","background-position":"center center","background-size":"auto","background-attachment":"scroll","background-type":"","background-media":"","overlay-type":"","overlay-color":"","overlay-opacity":"","overlay-gradient":""}},"ast-content-background-meta":{"desktop":{"background-color":"var(--ast-global-color-5)","background-image":"","background-repeat":"repeat","background-position":"center center","background-size":"auto","background-attachment":"scroll","background-type":"","background-media":"","overlay-type":"","overlay-color":"","overlay-opacity":"","overlay-gradient":""},"tablet":{"background-color":"var(--ast-global-color-5)","background-image":"","background-repeat":"repeat","background-position":"center center","background-size":"auto","background-attachment":"scroll","background-type":"","background-media":"","overlay-type":"","overlay-color":"","overlay-opacity":"","overlay-gradient":""},"mobile":{"background-color":"var(--ast-global-color-5)","background-image":"","background-repeat":"repeat","background-position":"center center","background-size":"auto","background-attachment":"scroll","background-type":"","background-media":"","overlay-type":"","overlay-color":"","overlay-opacity":"","overlay-gradient":""}},"footnotes":""},"categories":[8,18],"tags":[199,11363],"class_list":["post-32059","post","type-post","status-publish","format-standard","has-post-thumbnail","hentry","category-noticias","category-palabra-de-tigre","tag-amlo","tag-colosio"],"_links":{"self":[{"href":"https:\/\/losperiodistas.com.mx\/portal\/wp-json\/wp\/v2\/posts\/32059","targetHints":{"allow":["GET"]}}],"collection":[{"href":"https:\/\/losperiodistas.com.mx\/portal\/wp-json\/wp\/v2\/posts"}],"about":[{"href":"https:\/\/losperiodistas.com.mx\/portal\/wp-json\/wp\/v2\/types\/post"}],"author":[{"embeddable":true,"href":"https:\/\/losperiodistas.com.mx\/portal\/wp-json\/wp\/v2\/users\/1"}],"replies":[{"embeddable":true,"href":"https:\/\/losperiodistas.com.mx\/portal\/wp-json\/wp\/v2\/comments?post=32059"}],"version-history":[{"count":1,"href":"https:\/\/losperiodistas.com.mx\/portal\/wp-json\/wp\/v2\/posts\/32059\/revisions"}],"predecessor-version":[{"id":32061,"href":"https:\/\/losperiodistas.com.mx\/portal\/wp-json\/wp\/v2\/posts\/32059\/revisions\/32061"}],"wp:featuredmedia":[{"embeddable":true,"href":"https:\/\/losperiodistas.com.mx\/portal\/wp-json\/wp\/v2\/media\/32060"}],"wp:attachment":[{"href":"https:\/\/losperiodistas.com.mx\/portal\/wp-json\/wp\/v2\/media?parent=32059"}],"wp:term":[{"taxonomy":"category","embeddable":true,"href":"https:\/\/losperiodistas.com.mx\/portal\/wp-json\/wp\/v2\/categories?post=32059"},{"taxonomy":"post_tag","embeddable":true,"href":"https:\/\/losperiodistas.com.mx\/portal\/wp-json\/wp\/v2\/tags?post=32059"}],"curies":[{"name":"wp","href":"https:\/\/api.w.org\/{rel}","templated":true}]}}