{"id":32048,"date":"2022-07-13T20:24:13","date_gmt":"2022-07-14T01:24:13","guid":{"rendered":"http:\/\/losperiodistas.com.mx\/portal\/?p=32048"},"modified":"2022-07-13T20:24:16","modified_gmt":"2022-07-14T01:24:16","slug":"tiktok-comenzara-a-restringir-videos-por-edades-forbes","status":"publish","type":"post","link":"https:\/\/losperiodistas.com.mx\/portal\/tiktok-comenzara-a-restringir-videos-por-edades-forbes\/","title":{"rendered":"TikTok comenzar\u00e1 a restringir videos por edades | Forbes"},"content":{"rendered":"\n<p><em>La plataforma permitir\u00e1 prohibir y censurar el seguimiento de ciertas etiquetas o cuentas para los padres preocupados por sus hijos.<\/em><\/p>\n\n\n\n<p><\/p>\n\n\n\n<figure class=\"wp-block-image size-large\"><img fetchpriority=\"high\" decoding=\"async\" width=\"1024\" height=\"576\" src=\"https:\/\/losperiodistas.com.mx\/portal\/wp-content\/uploads\/2022\/07\/1d106c9305f7e9bde12b2f4cabec330824a8010e-e1625858734916-1024x576.jpeg\" alt=\"\" class=\"wp-image-32049\" srcset=\"https:\/\/losperiodistas.com.mx\/portal\/wp-content\/uploads\/2022\/07\/1d106c9305f7e9bde12b2f4cabec330824a8010e-e1625858734916-1024x576.jpeg 1024w, https:\/\/losperiodistas.com.mx\/portal\/wp-content\/uploads\/2022\/07\/1d106c9305f7e9bde12b2f4cabec330824a8010e-e1625858734916-300x169.jpeg 300w, https:\/\/losperiodistas.com.mx\/portal\/wp-content\/uploads\/2022\/07\/1d106c9305f7e9bde12b2f4cabec330824a8010e-e1625858734916-768x432.jpeg 768w, https:\/\/losperiodistas.com.mx\/portal\/wp-content\/uploads\/2022\/07\/1d106c9305f7e9bde12b2f4cabec330824a8010e-e1625858734916.jpeg 1280w\" sizes=\"(max-width: 1024px) 100vw, 1024px\" \/><figcaption><em>Foto: EFE.<\/em><\/figcaption><\/figure>\n\n\n\n<p class=\"has-vivid-cyan-blue-color has-text-color has-medium-font-size\">FORBES STAFF<\/p>\n\n\n\n<p><strong>EFE.-<\/strong>\u00a0La plataforma TikTok comenzar\u00e1 a clasificar videos seg\u00fan franjas de edad y a\u00f1adir\u00e1 una etiqueta de \u201ccontenido maduro\u201d a publicaciones que no podr\u00e1n reproducirse en cuentas de usuarios menores de 19 a\u00f1os.<\/p>\n\n\n\n<p>La empresa anunci\u00f3 este mi\u00e9rcoles la medida,&nbsp;<strong>que imita las clasificaciones por edad del cine, la televisi\u00f3n y videojuegos<\/strong>, algo que encaja con su nuevo enfoque de negocio, m\u00e1s centrado en erguirse como una plataforma de entretenimiento que como una red social.<\/p>\n\n\n\n<p>\u201c<strong>Algunos contenidos podr\u00edan incluir tem\u00e1ticas maduras y complejas sobre experiencias o hechos reales que est\u00e1n dirigidos a audiencias maduras<\/strong>\u201c, explic\u00f3 en el comunicado, donde adelanta que empezar\u00e1 a implementar los cambios en las pr\u00f3ximas semanas.<\/p>\n\n\n\n<p>A pesar de que\u00a0<strong>TikTok no especific\u00f3 qui\u00e9n o qu\u00e9 sistema se usar\u00e1 para determinar las categor\u00edas de contenidos,<\/strong>\u00a0la empresa asegur\u00f3 que asignar\u00e1 a cada video una \u201cpuntuaci\u00f3n de madurez\u201d y, a su vez, los clasificar\u00e1 en \u201ctem\u00e1ticas de madurez\u201d.<\/p>\n\n\n\n<p>Asimismo, permitir\u00e1 prohibir y censurar el seguimiento de ciertas etiquetas o cuentas para los padres preocupados por sus hijos.<\/p>\n\n\n\n<p>Estas medidas llegan en un momento cr\u00edtico para la imagen de la empresa, despu\u00e9s de que dos familias de Estados Unidos hayan denunciado a TikTok porque sus hijas murieron al seguir un reto viral de la plataforma que les incitaba a grabarse ahog\u00e1ndose con diferentes artilugios.<\/p>\n\n\n\n<p>En este sentido, la Alianza estadounidense de Gays y Lesbianas contra la difamaci\u00f3n (Glaad) situ\u00f3 este mi\u00e9rcoles a TikTok como la peor plataforma para el acoso.<\/p>\n\n\n\n<p>Y la semana pasada el Comit\u00e9 de Inteligencia del Senado de Estados Unidos pidi\u00f3 a la Comisi\u00f3n Federal de Comercio investigar si las autoridades chinas est\u00e1n accediendo a datos de usuarios estadounidenses mediante la aplicaci\u00f3n TikTok.<\/p>\n\n\n\n<p>En la carta, el Comit\u00e9 menciona un art\u00edculo de investigaci\u00f3n elaborado por Buzzfeed que afirma que empleados chinos de TikTok y ByteDance accedieron de manera regular a datos sensibles de usuarios estadounidenses, seg\u00fan una filtraci\u00f3n de grabaciones correspondientes a reuniones internas de la empresa.<\/p>\n\n\n\n<p>De acuerdo con esa pieza, la compa\u00f1\u00eda transfiere algunos de esos datos recopilados a funcionarios de Pek\u00edn, a pesar de que los representantes de TikTok negaron durante una audiencia ante el Congreso de Estados Unidos, celebrada en octubre de 2021, cualquier contacto entre la popular aplicaci\u00f3n y el Gobierno chino.<\/p>\n\n\n\n<p><a href=\"https:\/\/news.google.com\/publications\/CAAqBwgKMMqk_Qowqsv0Ag?oc=3&amp;ceid=MX:es-419\"><strong><em>S\u00edguenos en Google Noticias para mantenerte siempre informado<\/em><\/strong><\/a><\/p>\n\n\n\n<p>Fuente: https:\/\/www.forbes.com.mx\/tiktok-comenzara-a-restringir-videos-por-edades\/<\/p>\n","protected":false},"excerpt":{"rendered":"<p>La plataforma permitir\u00e1 prohibir y censurar el seguimiento de ciertas etiquetas o cuentas para los padres preocupados por sus hijos. [&hellip;]<\/p>\n","protected":false},"author":1,"featured_media":32049,"comment_status":"open","ping_status":"open","sticky":false,"template":"","format":"standard","meta":{"site-sidebar-layout":"default","site-content-layout":"","ast-site-content-layout":"default","site-content-style":"default","site-sidebar-style":"default","ast-global-header-display":"","ast-banner-title-visibility":"","ast-main-header-display":"","ast-hfb-above-header-display":"","ast-hfb-below-header-display":"","ast-hfb-mobile-header-display":"","site-post-title":"","ast-breadcrumbs-content":"","ast-featured-img":"","footer-sml-layout":"","theme-transparent-header-meta":"","adv-header-id-meta":"","stick-header-meta":"","header-above-stick-meta":"","header-main-stick-meta":"","header-below-stick-meta":"","astra-migrate-meta-layouts":"default","ast-page-background-enabled":"default","ast-page-background-meta":{"desktop":{"background-color":"var(--ast-global-color-4)","background-image":"","background-repeat":"repeat","background-position":"center center","background-size":"auto","background-attachment":"scroll","background-type":"","background-media":"","overlay-type":"","overlay-color":"","overlay-opacity":"","overlay-gradient":""},"tablet":{"background-color":"","background-image":"","background-repeat":"repeat","background-position":"center center","background-size":"auto","background-attachment":"scroll","background-type":"","background-media":"","overlay-type":"","overlay-color":"","overlay-opacity":"","overlay-gradient":""},"mobile":{"background-color":"","background-image":"","background-repeat":"repeat","background-position":"center center","background-size":"auto","background-attachment":"scroll","background-type":"","background-media":"","overlay-type":"","overlay-color":"","overlay-opacity":"","overlay-gradient":""}},"ast-content-background-meta":{"desktop":{"background-color":"var(--ast-global-color-5)","background-image":"","background-repeat":"repeat","background-position":"center center","background-size":"auto","background-attachment":"scroll","background-type":"","background-media":"","overlay-type":"","overlay-color":"","overlay-opacity":"","overlay-gradient":""},"tablet":{"background-color":"var(--ast-global-color-5)","background-image":"","background-repeat":"repeat","background-position":"center center","background-size":"auto","background-attachment":"scroll","background-type":"","background-media":"","overlay-type":"","overlay-color":"","overlay-opacity":"","overlay-gradient":""},"mobile":{"background-color":"var(--ast-global-color-5)","background-image":"","background-repeat":"repeat","background-position":"center center","background-size":"auto","background-attachment":"scroll","background-type":"","background-media":"","overlay-type":"","overlay-color":"","overlay-opacity":"","overlay-gradient":""}},"footnotes":""},"categories":[8],"tags":[11354,11355,7389],"class_list":["post-32048","post","type-post","status-publish","format-standard","has-post-thumbnail","hentry","category-noticias","tag-contenido-maduro","tag-glaad","tag-tiktok"],"_links":{"self":[{"href":"https:\/\/losperiodistas.com.mx\/portal\/wp-json\/wp\/v2\/posts\/32048","targetHints":{"allow":["GET"]}}],"collection":[{"href":"https:\/\/losperiodistas.com.mx\/portal\/wp-json\/wp\/v2\/posts"}],"about":[{"href":"https:\/\/losperiodistas.com.mx\/portal\/wp-json\/wp\/v2\/types\/post"}],"author":[{"embeddable":true,"href":"https:\/\/losperiodistas.com.mx\/portal\/wp-json\/wp\/v2\/users\/1"}],"replies":[{"embeddable":true,"href":"https:\/\/losperiodistas.com.mx\/portal\/wp-json\/wp\/v2\/comments?post=32048"}],"version-history":[{"count":1,"href":"https:\/\/losperiodistas.com.mx\/portal\/wp-json\/wp\/v2\/posts\/32048\/revisions"}],"predecessor-version":[{"id":32050,"href":"https:\/\/losperiodistas.com.mx\/portal\/wp-json\/wp\/v2\/posts\/32048\/revisions\/32050"}],"wp:featuredmedia":[{"embeddable":true,"href":"https:\/\/losperiodistas.com.mx\/portal\/wp-json\/wp\/v2\/media\/32049"}],"wp:attachment":[{"href":"https:\/\/losperiodistas.com.mx\/portal\/wp-json\/wp\/v2\/media?parent=32048"}],"wp:term":[{"taxonomy":"category","embeddable":true,"href":"https:\/\/losperiodistas.com.mx\/portal\/wp-json\/wp\/v2\/categories?post=32048"},{"taxonomy":"post_tag","embeddable":true,"href":"https:\/\/losperiodistas.com.mx\/portal\/wp-json\/wp\/v2\/tags?post=32048"}],"curies":[{"name":"wp","href":"https:\/\/api.w.org\/{rel}","templated":true}]}}