{"id":32045,"date":"2022-07-13T20:16:08","date_gmt":"2022-07-14T01:16:08","guid":{"rendered":"http:\/\/losperiodistas.com.mx\/portal\/?p=32045"},"modified":"2022-07-13T20:16:10","modified_gmt":"2022-07-14T01:16:10","slug":"se-ensombrecen-perspectivas-economicas-mundiales-dice-el-fmi-france-24","status":"publish","type":"post","link":"https:\/\/losperiodistas.com.mx\/portal\/se-ensombrecen-perspectivas-economicas-mundiales-dice-el-fmi-france-24\/","title":{"rendered":"Se \u00abensombrecen\u00bb perspectivas econ\u00f3micas mundiales, dice el FMI\u00a0| France 24"},"content":{"rendered":"\n<p><em>\u00abSe necesita cooperaci\u00f3n internacional continua para poner fin a la pandemia, lograr emisiones netas cero (de CO2) (&#8230;) y reformar impuestos corporativos internacionales\u00bb, dijo Georgieva, que cit\u00f3 un proverbio balin\u00e9s: \u00abmenyama braya\u00bb (somos todos hermanos o hermanas)\u00a0<\/em><\/p>\n\n\n\n<p><\/p>\n\n\n\n<figure class=\"wp-block-image size-large\"><img fetchpriority=\"high\" decoding=\"async\" width=\"1024\" height=\"576\" src=\"https:\/\/losperiodistas.com.mx\/portal\/wp-content\/uploads\/2022\/07\/34b6a0da0c7bfacff16ed9a24ae72cb3bfe2dcdf-1024x576.jpg\" alt=\"\" class=\"wp-image-32046\" srcset=\"https:\/\/losperiodistas.com.mx\/portal\/wp-content\/uploads\/2022\/07\/34b6a0da0c7bfacff16ed9a24ae72cb3bfe2dcdf-1024x576.jpg 1024w, https:\/\/losperiodistas.com.mx\/portal\/wp-content\/uploads\/2022\/07\/34b6a0da0c7bfacff16ed9a24ae72cb3bfe2dcdf-300x169.jpg 300w, https:\/\/losperiodistas.com.mx\/portal\/wp-content\/uploads\/2022\/07\/34b6a0da0c7bfacff16ed9a24ae72cb3bfe2dcdf-768x432.jpg 768w, https:\/\/losperiodistas.com.mx\/portal\/wp-content\/uploads\/2022\/07\/34b6a0da0c7bfacff16ed9a24ae72cb3bfe2dcdf.jpg 1280w\" sizes=\"(max-width: 1024px) 100vw, 1024px\" \/><figcaption>Ludovic MARIN POOL\/AFP\/Archivos<\/figcaption><\/figure>\n\n\n\n<p class=\"has-vivid-cyan-blue-color has-text-color has-medium-font-size\">FRANCE 24<\/p>\n\n\n\n<p><em>Washington (AFP) \u2013\u00a0<\/em>Se \u00abensombrece\u00bb el panorama econ\u00f3mico mundial debido fundamentalmente a la guerra en Ucrania y los \u00abshocks en los precios\u00bb que ha provocado el conflicto, dijo la directora gerente del FMI, Kristalina Georgieva.<\/p>\n\n\n\n<p>El FMI planea \u00abuna nueva baja\u00bb a sus proyecciones de crecimiento \u00abtanto para 2022 como para 2023\u00bb, que publicar\u00e1 a finales de mes, dijo Georgieva en una nota preparada antes de la reuni\u00f3n de los ministros de Finanzas y gobernadores de los Bancos Centrales del G20 prevista en Bali el viernes y s\u00e1bado.<\/p>\n\n\n\n<p>\u00abCuando el G20 se reuni\u00f3 por \u00faltima vez en abril, el FMI acababa de rebajar su previsi\u00f3n de crecimiento mundial a 3,6% para este a\u00f1o y el pr\u00f3ximo, y advertimos que eso podr\u00eda empeorar debido a que se avecinaban potenciales riesgos de deterioro\u00bb, escribi\u00f3 Georgieva en la nota titulada \u00abHacer frente a una perspectiva econ\u00f3mica que se ensombrece: c\u00f3mo puede responder el G20\u00bb.<\/p>\n\n\n\n<p>\u00abDesde entonces, muchos de estos riesgos se han materializado y las m\u00faltiples crisis que enfrenta el mundo se han intensificado\u00bb, agrega la jefa del FMI, para quien la inflaci\u00f3n es m\u00e1s alta de lo esperado y se ha ampliado m\u00e1s all\u00e1 de los precios de los alimentos y la energ\u00eda.<\/p>\n\n\n\n<h2 class=\"wp-block-heading\">\u00abTensiones sociales\u00bb<\/h2>\n\n\n\n<p>En su nota, el FMI advierte en particular que esta inflaci\u00f3n podr\u00eda \u00abencender tensiones sociales\u00bb dentro de los pa\u00edses afectados.<\/p>\n\n\n\n<p>\u00abSe mantiene la tendencia hacia un crecimiento m\u00e1s lento y una inflaci\u00f3n elevada\u00bb, afirma, citando como causa la guerra en Ucrania, pero tambi\u00e9n las nuevas medidas de confinamiento adoptadas en China para luchar contra la propagaci\u00f3n del covid-19 y el endurecimiento de las pol\u00edticas monetarias por parte de los bancos centrales, en particular en Estados Unidos.<\/p>\n\n\n\n<p>Entre las principales preocupaciones, el FMI se muestra asimismo alarmado por la inseguridad alimentaria que \u00abescala r\u00e1pidamente\u00bb, con efectos m\u00e1s graves en las poblaciones m\u00e1s pobres.<\/p>\n\n\n\n<p>Para contrarrestar este problema, el FMI predica continuar con el \u00abmultilateralismo\u00bb y toma como ejemplo la reciente cancelaci\u00f3n de las restricciones a las exportaciones de alimentos.<\/p>\n\n\n\n<p>\u00abTambi\u00e9n se necesita una cooperaci\u00f3n internacional continua para poner fin a la pandemia, lograr emisiones netas cero (de di\u00f3xido de carbono) hacia mediados de siglo, apoyar a las econom\u00edas vulnerables y reformar los impuestos corporativos internacionales\u00bb, afirma.<\/p>\n\n\n\n<p>Para ilustrar esta necesidad de cooperaci\u00f3n, Georgieva concluye citando un proverbio balin\u00e9s: \u00abmenyama braya\u00bb, que significa que \u00abtodos somos hermanos o hermanas\u00bb.<\/p>\n\n\n\n<p>Fuente: https:\/\/www.france24.com\/es\/minuto-a-minuto\/20220714-se-ensombrecen-perspectivas-econ%C3%B3micas-mundiales-dice-el-fmi<\/p>\n","protected":false},"excerpt":{"rendered":"<p>\u00abSe necesita cooperaci\u00f3n internacional continua para poner fin a la pandemia, lograr emisiones netas cero (de CO2) (&#8230;) y reformar [&hellip;]<\/p>\n","protected":false},"author":1,"featured_media":32046,"comment_status":"open","ping_status":"open","sticky":false,"template":"","format":"standard","meta":{"site-sidebar-layout":"default","site-content-layout":"","ast-site-content-layout":"default","site-content-style":"default","site-sidebar-style":"default","ast-global-header-display":"","ast-banner-title-visibility":"","ast-main-header-display":"","ast-hfb-above-header-display":"","ast-hfb-below-header-display":"","ast-hfb-mobile-header-display":"","site-post-title":"","ast-breadcrumbs-content":"","ast-featured-img":"","footer-sml-layout":"","theme-transparent-header-meta":"","adv-header-id-meta":"","stick-header-meta":"","header-above-stick-meta":"","header-main-stick-meta":"","header-below-stick-meta":"","astra-migrate-meta-layouts":"default","ast-page-background-enabled":"default","ast-page-background-meta":{"desktop":{"background-color":"var(--ast-global-color-4)","background-image":"","background-repeat":"repeat","background-position":"center center","background-size":"auto","background-attachment":"scroll","background-type":"","background-media":"","overlay-type":"","overlay-color":"","overlay-opacity":"","overlay-gradient":""},"tablet":{"background-color":"","background-image":"","background-repeat":"repeat","background-position":"center center","background-size":"auto","background-attachment":"scroll","background-type":"","background-media":"","overlay-type":"","overlay-color":"","overlay-opacity":"","overlay-gradient":""},"mobile":{"background-color":"","background-image":"","background-repeat":"repeat","background-position":"center center","background-size":"auto","background-attachment":"scroll","background-type":"","background-media":"","overlay-type":"","overlay-color":"","overlay-opacity":"","overlay-gradient":""}},"ast-content-background-meta":{"desktop":{"background-color":"var(--ast-global-color-5)","background-image":"","background-repeat":"repeat","background-position":"center center","background-size":"auto","background-attachment":"scroll","background-type":"","background-media":"","overlay-type":"","overlay-color":"","overlay-opacity":"","overlay-gradient":""},"tablet":{"background-color":"var(--ast-global-color-5)","background-image":"","background-repeat":"repeat","background-position":"center center","background-size":"auto","background-attachment":"scroll","background-type":"","background-media":"","overlay-type":"","overlay-color":"","overlay-opacity":"","overlay-gradient":""},"mobile":{"background-color":"var(--ast-global-color-5)","background-image":"","background-repeat":"repeat","background-position":"center center","background-size":"auto","background-attachment":"scroll","background-type":"","background-media":"","overlay-type":"","overlay-color":"","overlay-opacity":"","overlay-gradient":""}},"footnotes":""},"categories":[8],"tags":[11352,3448,11353],"class_list":["post-32045","post","type-post","status-publish","format-standard","has-post-thumbnail","hentry","category-noticias","tag-crecimiento-economico","tag-fmi","tag-tensiones-sociales"],"_links":{"self":[{"href":"https:\/\/losperiodistas.com.mx\/portal\/wp-json\/wp\/v2\/posts\/32045","targetHints":{"allow":["GET"]}}],"collection":[{"href":"https:\/\/losperiodistas.com.mx\/portal\/wp-json\/wp\/v2\/posts"}],"about":[{"href":"https:\/\/losperiodistas.com.mx\/portal\/wp-json\/wp\/v2\/types\/post"}],"author":[{"embeddable":true,"href":"https:\/\/losperiodistas.com.mx\/portal\/wp-json\/wp\/v2\/users\/1"}],"replies":[{"embeddable":true,"href":"https:\/\/losperiodistas.com.mx\/portal\/wp-json\/wp\/v2\/comments?post=32045"}],"version-history":[{"count":1,"href":"https:\/\/losperiodistas.com.mx\/portal\/wp-json\/wp\/v2\/posts\/32045\/revisions"}],"predecessor-version":[{"id":32047,"href":"https:\/\/losperiodistas.com.mx\/portal\/wp-json\/wp\/v2\/posts\/32045\/revisions\/32047"}],"wp:featuredmedia":[{"embeddable":true,"href":"https:\/\/losperiodistas.com.mx\/portal\/wp-json\/wp\/v2\/media\/32046"}],"wp:attachment":[{"href":"https:\/\/losperiodistas.com.mx\/portal\/wp-json\/wp\/v2\/media?parent=32045"}],"wp:term":[{"taxonomy":"category","embeddable":true,"href":"https:\/\/losperiodistas.com.mx\/portal\/wp-json\/wp\/v2\/categories?post=32045"},{"taxonomy":"post_tag","embeddable":true,"href":"https:\/\/losperiodistas.com.mx\/portal\/wp-json\/wp\/v2\/tags?post=32045"}],"curies":[{"name":"wp","href":"https:\/\/api.w.org\/{rel}","templated":true}]}}