{"id":32042,"date":"2022-07-13T19:58:32","date_gmt":"2022-07-14T00:58:32","guid":{"rendered":"http:\/\/losperiodistas.com.mx\/portal\/?p=32042"},"modified":"2022-07-13T19:58:34","modified_gmt":"2022-07-14T00:58:34","slug":"covid-19-en-mexico-ssa-registra-37346-nuevos-contagios-en-las-ultimas-24-horas-el-heraldo-de-mexico","status":"publish","type":"post","link":"https:\/\/losperiodistas.com.mx\/portal\/covid-19-en-mexico-ssa-registra-37346-nuevos-contagios-en-las-ultimas-24-horas-el-heraldo-de-mexico\/","title":{"rendered":"Covid-19 en M\u00e9xico: Ssa registra 37,346 nuevos contagios en las \u00faltimas 24 horas | El Heraldo de M\u00e9xico"},"content":{"rendered":"\n<p><em>En M\u00e9xico, hasta el d\u00eda de hoy se han confirmado 6,338,991 casos totales y 326,261 defunciones totales por COVID-19<\/em><\/p>\n\n\n\n<p><\/p>\n\n\n\n<figure class=\"wp-block-image size-full\"><img fetchpriority=\"high\" decoding=\"async\" width=\"960\" height=\"540\" src=\"https:\/\/losperiodistas.com.mx\/portal\/wp-content\/uploads\/2022\/07\/f960x540-541905_615980_0.jpeg\" alt=\"\" class=\"wp-image-32043\" srcset=\"https:\/\/losperiodistas.com.mx\/portal\/wp-content\/uploads\/2022\/07\/f960x540-541905_615980_0.jpeg 960w, https:\/\/losperiodistas.com.mx\/portal\/wp-content\/uploads\/2022\/07\/f960x540-541905_615980_0-300x169.jpeg 300w, https:\/\/losperiodistas.com.mx\/portal\/wp-content\/uploads\/2022\/07\/f960x540-541905_615980_0-768x432.jpeg 768w\" sizes=\"(max-width: 960px) 100vw, 960px\" \/><figcaption><strong>Cr\u00e9ditos: Cuartoscuro<\/strong><\/figcaption><\/figure>\n\n\n\n<p class=\"has-vivid-cyan-blue-color has-text-color has-medium-font-size\">HANZEL FORTEZA \/ EL HERALDO DE M\u00c9XICO<\/p>\n\n\n\n<p>La tasa de incidencia de casos acumulados de 4,871.7 por cada 100,000 habitantes. La tasa de incidencia se ajusta a la proyecci\u00f3n de la poblaci\u00f3n a mediados del periodo 2022.<\/p>\n\n\n\n<p>La distribuci\u00f3n por sexo en los casos confirmados muestra un predomino en mujeres (52.7%). La mediana de edad en general es de 38 a\u00f1os.<\/p>\n\n\n\n<p>Casos confirmados acumulados por entidad de residencia, las 10 primeras entidades que acumulan el mayor n\u00famero de casos son: Ciudad de M\u00e9xico, Estado de M\u00e9xico, Nuevo Le\u00f3n, Guanajuato, Jalisco, San Luis Potos\u00ed, Tabasco, Veracruz, Puebla y Sonora, que en conjunto conforman el 65% de todos los casos acumulados registrados en el pa\u00eds.<\/p>\n\n\n\n<p>Distribuci\u00f3n de los casos estimados por los grupos de edad seleccionados y semanas epidemiol\u00f3gicas del 2020, 2021 y 2022, observando que, en las \u00faltimas cinco semanas, la mayor parte de los casos est\u00e1n presentes en los grupos de 18 a 29 a\u00f1os, seguido del grupo de 30 a 39 a\u00f1os y 40 a 49 a\u00f1os.<\/p>\n\n\n\n<p>Al corte de informaci\u00f3n del d\u00eda de hoy, se tienen registrados 221,553 casos activos con una tasa de incidencia de 170.3 por 100 mil habitantes (Del 30 de junio al 13 de julio del 2022).<\/p>\n\n\n\n<figure class=\"wp-block-image\"><img decoding=\"async\" src=\"https:\/\/heraldodemexico.com.mx\/u\/fotografias\/m\/2022\/7\/13\/f768x1-541981_542108_13.jpeg\" alt=\"\"\/><figcaption>Se tienen registrados 221,553 Foto: Especial&nbsp;<\/figcaption><\/figure>\n\n\n\n<h2 class=\"wp-block-heading\"><strong>M\u00e9xico ha recibido m\u00e1s de seis millones de vacunas pedi\u00e1tricas&nbsp;<\/strong><\/h2>\n\n\n\n<p>La ma\u00f1ana de este mi\u00e9rcoles arrib\u00f3 al Aeropuerto Internacional de la Ciudad de M\u00e9xico (<strong>AICM<\/strong>) \u201cBenito Ju\u00e1rez\u201d el sexto embarque de vacunas pedi\u00e1tricas contra&nbsp;<strong>COVID-19 de Pfizer-BioNTech<\/strong>, con un mill\u00f3n 002 mil dosis envasadas, con lo cual suman seis millones 006 mil biol\u00f3gicos recibidos de esta farmac\u00e9utica.https:\/\/d-31025984244287166844.ampproject.net\/2206101637000\/frame.html<\/p>\n\n\n\n<p>Desde el 27 de junio y hasta el 11 de julio, dos millones 368 mil 991 ni\u00f1as y ni\u00f1os de cinco a 11 a\u00f1os han recibido la primera dosis del biol\u00f3gico, lo que representa un avance de 15 por ciento. En el sitio&nbsp;mivacuna.salud.gob.mx&nbsp;contin\u00faa abierto el registro para este segmento poblacional, por lo que se hace un llamado a madres y padres, as\u00ed como a personas cuidadoras, a llenar el formato electr\u00f3nico y estar pendientes de las&nbsp;<strong>fechas de vacunaci\u00f3n<\/strong>.<\/p>\n\n\n\n<p>Al d\u00eda de hoy y desde el 23 de diciembre de 2020 han arribado al pa\u00eds 118 embarques de&nbsp;<strong>Pfizer BioNTech&nbsp;<\/strong>con un total de 57 millones 439 mil 395 dosis que se han destinado a personas adultas, adultas mayores, adolescentes y, actualmente en su formulaci\u00f3n pedi\u00e1trica, a ni\u00f1as y ni\u00f1os de cinco a 11 a\u00f1os.<\/p>\n\n\n\n<p>dhfm\u00a0<\/p>\n\n\n\n<p>Fuente: https:\/\/heraldodemexico.com.mx\/nacional\/2022\/7\/13\/covid-19-en-mexico-ssa-registra-37346-nuevos-contagios-en-las-ultimas-24-horas-421657.html<\/p>\n","protected":false},"excerpt":{"rendered":"<p>En M\u00e9xico, hasta el d\u00eda de hoy se han confirmado 6,338,991 casos totales y 326,261 defunciones totales por COVID-19 HANZEL [&hellip;]<\/p>\n","protected":false},"author":1,"featured_media":32043,"comment_status":"open","ping_status":"open","sticky":false,"template":"","format":"standard","meta":{"site-sidebar-layout":"default","site-content-layout":"","ast-site-content-layout":"default","site-content-style":"default","site-sidebar-style":"default","ast-global-header-display":"","ast-banner-title-visibility":"","ast-main-header-display":"","ast-hfb-above-header-display":"","ast-hfb-below-header-display":"","ast-hfb-mobile-header-display":"","site-post-title":"","ast-breadcrumbs-content":"","ast-featured-img":"","footer-sml-layout":"","theme-transparent-header-meta":"","adv-header-id-meta":"","stick-header-meta":"","header-above-stick-meta":"","header-main-stick-meta":"","header-below-stick-meta":"","astra-migrate-meta-layouts":"default","ast-page-background-enabled":"default","ast-page-background-meta":{"desktop":{"background-color":"var(--ast-global-color-4)","background-image":"","background-repeat":"repeat","background-position":"center center","background-size":"auto","background-attachment":"scroll","background-type":"","background-media":"","overlay-type":"","overlay-color":"","overlay-opacity":"","overlay-gradient":""},"tablet":{"background-color":"","background-image":"","background-repeat":"repeat","background-position":"center center","background-size":"auto","background-attachment":"scroll","background-type":"","background-media":"","overlay-type":"","overlay-color":"","overlay-opacity":"","overlay-gradient":""},"mobile":{"background-color":"","background-image":"","background-repeat":"repeat","background-position":"center center","background-size":"auto","background-attachment":"scroll","background-type":"","background-media":"","overlay-type":"","overlay-color":"","overlay-opacity":"","overlay-gradient":""}},"ast-content-background-meta":{"desktop":{"background-color":"var(--ast-global-color-5)","background-image":"","background-repeat":"repeat","background-position":"center center","background-size":"auto","background-attachment":"scroll","background-type":"","background-media":"","overlay-type":"","overlay-color":"","overlay-opacity":"","overlay-gradient":""},"tablet":{"background-color":"var(--ast-global-color-5)","background-image":"","background-repeat":"repeat","background-position":"center center","background-size":"auto","background-attachment":"scroll","background-type":"","background-media":"","overlay-type":"","overlay-color":"","overlay-opacity":"","overlay-gradient":""},"mobile":{"background-color":"var(--ast-global-color-5)","background-image":"","background-repeat":"repeat","background-position":"center center","background-size":"auto","background-attachment":"scroll","background-type":"","background-media":"","overlay-type":"","overlay-color":"","overlay-opacity":"","overlay-gradient":""}},"footnotes":""},"categories":[8],"tags":[1536,10714],"class_list":["post-32042","post","type-post","status-publish","format-standard","has-post-thumbnail","hentry","category-noticias","tag-covid-19-mexico","tag-quinta-ola"],"_links":{"self":[{"href":"https:\/\/losperiodistas.com.mx\/portal\/wp-json\/wp\/v2\/posts\/32042","targetHints":{"allow":["GET"]}}],"collection":[{"href":"https:\/\/losperiodistas.com.mx\/portal\/wp-json\/wp\/v2\/posts"}],"about":[{"href":"https:\/\/losperiodistas.com.mx\/portal\/wp-json\/wp\/v2\/types\/post"}],"author":[{"embeddable":true,"href":"https:\/\/losperiodistas.com.mx\/portal\/wp-json\/wp\/v2\/users\/1"}],"replies":[{"embeddable":true,"href":"https:\/\/losperiodistas.com.mx\/portal\/wp-json\/wp\/v2\/comments?post=32042"}],"version-history":[{"count":1,"href":"https:\/\/losperiodistas.com.mx\/portal\/wp-json\/wp\/v2\/posts\/32042\/revisions"}],"predecessor-version":[{"id":32044,"href":"https:\/\/losperiodistas.com.mx\/portal\/wp-json\/wp\/v2\/posts\/32042\/revisions\/32044"}],"wp:featuredmedia":[{"embeddable":true,"href":"https:\/\/losperiodistas.com.mx\/portal\/wp-json\/wp\/v2\/media\/32043"}],"wp:attachment":[{"href":"https:\/\/losperiodistas.com.mx\/portal\/wp-json\/wp\/v2\/media?parent=32042"}],"wp:term":[{"taxonomy":"category","embeddable":true,"href":"https:\/\/losperiodistas.com.mx\/portal\/wp-json\/wp\/v2\/categories?post=32042"},{"taxonomy":"post_tag","embeddable":true,"href":"https:\/\/losperiodistas.com.mx\/portal\/wp-json\/wp\/v2\/tags?post=32042"}],"curies":[{"name":"wp","href":"https:\/\/api.w.org\/{rel}","templated":true}]}}