{"id":32035,"date":"2022-07-13T20:19:42","date_gmt":"2022-07-14T01:19:42","guid":{"rendered":"http:\/\/losperiodistas.com.mx\/portal\/?p=32035"},"modified":"2022-07-13T20:03:54","modified_gmt":"2022-07-14T01:03:54","slug":"sacerdote-vive-con-resguardo-policial-por-extorsion-de-bandas-criminales-en-mexico-aci","status":"publish","type":"post","link":"https:\/\/losperiodistas.com.mx\/portal\/sacerdote-vive-con-resguardo-policial-por-extorsion-de-bandas-criminales-en-mexico-aci\/","title":{"rendered":"Sacerdote vive con resguardo policial por extorsi\u00f3n de bandas criminales en M\u00e9xico | ACI"},"content":{"rendered":"\n<figure class=\"wp-block-image size-full is-style-default\"><img fetchpriority=\"high\" decoding=\"async\" width=\"900\" height=\"500\" src=\"https:\/\/losperiodistas.com.mx\/portal\/wp-content\/uploads\/2022\/07\/SacerdoteAmenazado_130722.jpg\" alt=\"\" class=\"wp-image-32036\" srcset=\"https:\/\/losperiodistas.com.mx\/portal\/wp-content\/uploads\/2022\/07\/SacerdoteAmenazado_130722.jpg 900w, https:\/\/losperiodistas.com.mx\/portal\/wp-content\/uploads\/2022\/07\/SacerdoteAmenazado_130722-300x167.jpg 300w, https:\/\/losperiodistas.com.mx\/portal\/wp-content\/uploads\/2022\/07\/SacerdoteAmenazado_130722-768x427.jpg 768w\" sizes=\"(max-width: 900px) 100vw, 900px\" \/><figcaption>Imagen referencial | Cr\u00e9dito: Foto de Luis Mendrot \/ Pexels<\/figcaption><\/figure>\n\n\n\n<p class=\"has-vivid-cyan-blue-color has-text-color has-medium-font-size\">DIEGO L\u00d3PEZ MARINA \/ ACI PRENSA<\/p>\n\n\n\n<p>El sacerdote mexicano Alberto P\u00e9rez, p\u00e1rroco de una iglesia en el estado de Jalisco, narr\u00f3 que desde hace dos a\u00f1os vive protegido por una instancia federal debido a que es constantemente amenazado y extorsionado por miembros de bandas criminales.<\/p>\n\n\n\n<p>Entrevistado recientemente por Noticieros Televisa, el sacerdote dijo que \u201cnos hemos percatado que al templo entran gentes armadas que me est\u00e1n observando constantemente\u201d.<\/p>\n\n\n\n<p>\u201cYo cuando puse un cartel en la puerta de mi templo con los nombres de [personas] desaparecidas \u2013eran m\u00e1s de 50\u2013, al d\u00eda siguiente la quitaron y me llego un letrero que si lo volv\u00eda a poner yo iba a estar en la lista tambi\u00e9n\u201d, indic\u00f3 el P. P\u00e9rez, p\u00e1rroco de la Iglesia Nuestra Se\u00f1ora del Refugio, de la ciudad de Tlaquepaque, en el estado mexicano de Jalisco.<\/p>\n\n\n\n<p>El resguardo que recibe actualmente el P. P\u00e9rez proviene del Mecanismo de Protecci\u00f3n para Defensores de Derechos Humanos y Periodistas, una instancia federal, adscrita a la Secretar\u00eda de Gobernaci\u00f3n, que tiene la misi\u00f3n de proteger a personas defensoras de derechos humanos y periodistas que sufren agresiones por su labor.<\/p>\n\n\n\n<p>\u201cA diario est\u00e1n en Misa, entonces tienen que estar en Misa conmigo y lo hacen con gusto\u201d, dijo.<\/p>\n\n\n\n<p>El presb\u00edtero, que vive Tlaquepaque desde hace 15 a\u00f1os, dijo que en el 2019 un grupo de hombres armados irrumpieron en su vivienda.<\/p>\n\n\n\n<p>\u201cLlegaron ah\u00ed 10 personas armadas; iban buscando una familia que yo ten\u00eda ah\u00ed guardada\u201d. <\/p>\n\n\n\n<figure class=\"wp-block-embed is-type-video is-provider-youtube wp-block-embed-youtube wp-embed-aspect-16-9 wp-has-aspect-ratio\"><div class=\"wp-block-embed__wrapper\">\n<iframe title=\"El padre Alberto de Tlaquepaque narra c\u00f3mo es vivir amenazado por el crimen organizado - En Punto\" width=\"500\" height=\"281\" src=\"https:\/\/www.youtube.com\/embed\/yppN1rhyofs?feature=oembed\" frameborder=\"0\" allow=\"accelerometer; autoplay; clipboard-write; encrypted-media; gyroscope; picture-in-picture; web-share\" referrerpolicy=\"strict-origin-when-cross-origin\" allowfullscreen><\/iframe>\n<\/div><\/figure>\n\n\n\n<p>\u201cEsa familia estaba conmigo porque el INM [Instituto Nacional de Migraci\u00f3n] la llev\u00f3 para que yo los cuidara un tiempo. Ese d\u00eda estaba conmigo, aparte de mi mam\u00e1, cuatro amigas religiosas que hab\u00edan llegado a cenar y a todas las apuntaron con armas, solamente a m\u00ed me sometieron y golpearon\u201d.<\/p>\n\n\n\n<p>\u201cYo ten\u00eda dinero y no se fueron con las manos vac\u00edas\u201d, record\u00f3 el presb\u00edtero.<\/p>\n\n\n\n<p>El sacerdote denunci\u00f3 lo ocurrido ante las autoridades, y luego de 10 meses le fue asignada protecci\u00f3n de las autoridades federales, pero las amenazas no acabaron. Recientemente, fue extorsionado por un sujeto que se hizo pasar por sacerdote.<\/p>\n\n\n\n<p>\u201cLa persona que ha estado llamando es una persona que se hace llamar como sacerdote, ya retirado, empieza a decir que la seguridad que nosotros tenemos es muy buena, pero que es gracias a ellos y que todo tiene un costo y tenemos que cooperar\u201d, dijo el P. P\u00e9rez.<\/p>\n\n\n\n<p>Desde entonces, el presb\u00edtero no ha pronunciado en sus homil\u00edas temas referidos a desapariciones forzadas y ventas de drogas, y adem\u00e1s fueron colocadas c\u00e1maras al interior de la parroquia.<\/p>\n\n\n\n<p>Un reciente<a href=\"https:\/\/www.aciprensa.com\/noticias\/la-violencia-en-mexico-suma-un-cardenal-y-57-sacerdotes-asesinados-en-las-ultimas-3-decadas-67173\">&nbsp;informe<\/a>&nbsp;del Centro Cat\u00f3lico Multimedial (CCM) revel\u00f3 que la violencia en M\u00e9xico ha dejado a un cardenal y 57 sacerdotes asesinados desde 1990 hasta 2022. El documento precisa que durante el gobierno de Andr\u00e9s Manuel L\u00f3pez Obrador, en los \u00faltimos tres a\u00f1os y medio, han sido asesinados 7 sacerdotes.<\/p>\n\n\n\n<p>El pasado 2 de julio, el gobernador de Jalisco, Enrique Alfaro, se reuni\u00f3 con el Cardenal Jos\u00e9 Francisco Robles Ortega, Arzobispo de Guadalajara, capital del Estado, para conversar sobre los problemas de seguridad que atraviesa la regi\u00f3n.<\/p>\n\n\n\n<p>En su cuenta oficial de Twitter, Alfaro<a href=\"https:\/\/twitter.com\/EnriqueAlfaroR\/status\/1543257860452167680\">&nbsp;asegur\u00f3<\/a>&nbsp;que \u201cla Iglesia Cat\u00f3lica y todas las iglesias del estado tendr\u00e1n siempre las puertas abiertas en este gobierno para atender cualquier asunto, en especial, los relacionados con la seguridad\u201d.<\/p>\n\n\n\n<p>Por su parte, el Cardenal Robles Ortega<a href=\"https:\/\/udgtv.com\/noticias\/llama-cardenal-francisco-robles-sacerdotes-jalisco-no-moverse-solo\/\">&nbsp;dijo<\/a>&nbsp;a la prensa local que ya se tienen \u201cindicaciones para los sacerdotes que viven en parroquias y poblaciones lejanas, el moverse en horas del d\u00eda, de preferencia a no moverse solos\u201d.<\/p>\n\n\n\n<p>\u201cSi saben de alg\u00fan punto de su parroquia que est\u00e1 en especial tensi\u00f3n, no hacerse presentes\u201d, explic\u00f3.<\/p>\n\n\n\n<p>Sobre la reuni\u00f3n con el gobernador, expres\u00f3 que \u201c\u00e9l va a ver con su mesa de seguridad, revisar todo lo que hay que revisar\u201d.<\/p>\n\n\n\n<p>\u201cLo que queremos es seguridad para el estado de Jalisco, para todos los ciudadanos y desde luego seguridad para nuestra naci\u00f3n. \u00c9l qued\u00f3 en la mesa de seguridad de entrar en contacto tambi\u00e9n con las instancias federales, de las que tambi\u00e9n dependen mucho las decisiones y las medidas\u201d, concluy\u00f3 el Purpurado.<\/p>\n\n\n\n<p>Fuente: https:\/\/www.aciprensa.com\/noticias\/sacerdote-vive-con-resguardo-policial-por-extorsion-de-bandas-criminales-en-mexico-33428<\/p>\n","protected":false},"excerpt":{"rendered":"<p>DIEGO L\u00d3PEZ MARINA \/ ACI PRENSA El sacerdote mexicano Alberto P\u00e9rez, p\u00e1rroco de una iglesia en el estado de Jalisco, [&hellip;]<\/p>\n","protected":false},"author":1,"featured_media":32036,"comment_status":"open","ping_status":"open","sticky":false,"template":"","format":"standard","meta":{"site-sidebar-layout":"default","site-content-layout":"","ast-site-content-layout":"default","site-content-style":"default","site-sidebar-style":"default","ast-global-header-display":"","ast-banner-title-visibility":"","ast-main-header-display":"","ast-hfb-above-header-display":"","ast-hfb-below-header-display":"","ast-hfb-mobile-header-display":"","site-post-title":"","ast-breadcrumbs-content":"","ast-featured-img":"","footer-sml-layout":"","theme-transparent-header-meta":"","adv-header-id-meta":"","stick-header-meta":"","header-above-stick-meta":"","header-main-stick-meta":"","header-below-stick-meta":"","astra-migrate-meta-layouts":"default","ast-page-background-enabled":"default","ast-page-background-meta":{"desktop":{"background-color":"var(--ast-global-color-4)","background-image":"","background-repeat":"repeat","background-position":"center center","background-size":"auto","background-attachment":"scroll","background-type":"","background-media":"","overlay-type":"","overlay-color":"","overlay-opacity":"","overlay-gradient":""},"tablet":{"background-color":"","background-image":"","background-repeat":"repeat","background-position":"center center","background-size":"auto","background-attachment":"scroll","background-type":"","background-media":"","overlay-type":"","overlay-color":"","overlay-opacity":"","overlay-gradient":""},"mobile":{"background-color":"","background-image":"","background-repeat":"repeat","background-position":"center center","background-size":"auto","background-attachment":"scroll","background-type":"","background-media":"","overlay-type":"","overlay-color":"","overlay-opacity":"","overlay-gradient":""}},"ast-content-background-meta":{"desktop":{"background-color":"var(--ast-global-color-5)","background-image":"","background-repeat":"repeat","background-position":"center center","background-size":"auto","background-attachment":"scroll","background-type":"","background-media":"","overlay-type":"","overlay-color":"","overlay-opacity":"","overlay-gradient":""},"tablet":{"background-color":"var(--ast-global-color-5)","background-image":"","background-repeat":"repeat","background-position":"center center","background-size":"auto","background-attachment":"scroll","background-type":"","background-media":"","overlay-type":"","overlay-color":"","overlay-opacity":"","overlay-gradient":""},"mobile":{"background-color":"var(--ast-global-color-5)","background-image":"","background-repeat":"repeat","background-position":"center center","background-size":"auto","background-attachment":"scroll","background-type":"","background-media":"","overlay-type":"","overlay-color":"","overlay-opacity":"","overlay-gradient":""}},"footnotes":""},"categories":[8],"tags":[],"class_list":["post-32035","post","type-post","status-publish","format-standard","has-post-thumbnail","hentry","category-noticias"],"_links":{"self":[{"href":"https:\/\/losperiodistas.com.mx\/portal\/wp-json\/wp\/v2\/posts\/32035","targetHints":{"allow":["GET"]}}],"collection":[{"href":"https:\/\/losperiodistas.com.mx\/portal\/wp-json\/wp\/v2\/posts"}],"about":[{"href":"https:\/\/losperiodistas.com.mx\/portal\/wp-json\/wp\/v2\/types\/post"}],"author":[{"embeddable":true,"href":"https:\/\/losperiodistas.com.mx\/portal\/wp-json\/wp\/v2\/users\/1"}],"replies":[{"embeddable":true,"href":"https:\/\/losperiodistas.com.mx\/portal\/wp-json\/wp\/v2\/comments?post=32035"}],"version-history":[{"count":1,"href":"https:\/\/losperiodistas.com.mx\/portal\/wp-json\/wp\/v2\/posts\/32035\/revisions"}],"predecessor-version":[{"id":32037,"href":"https:\/\/losperiodistas.com.mx\/portal\/wp-json\/wp\/v2\/posts\/32035\/revisions\/32037"}],"wp:featuredmedia":[{"embeddable":true,"href":"https:\/\/losperiodistas.com.mx\/portal\/wp-json\/wp\/v2\/media\/32036"}],"wp:attachment":[{"href":"https:\/\/losperiodistas.com.mx\/portal\/wp-json\/wp\/v2\/media?parent=32035"}],"wp:term":[{"taxonomy":"category","embeddable":true,"href":"https:\/\/losperiodistas.com.mx\/portal\/wp-json\/wp\/v2\/categories?post=32035"},{"taxonomy":"post_tag","embeddable":true,"href":"https:\/\/losperiodistas.com.mx\/portal\/wp-json\/wp\/v2\/tags?post=32035"}],"curies":[{"name":"wp","href":"https:\/\/api.w.org\/{rel}","templated":true}]}}