{"id":32026,"date":"2022-07-13T13:55:54","date_gmt":"2022-07-13T18:55:54","guid":{"rendered":"http:\/\/losperiodistas.com.mx\/portal\/?p=32026"},"modified":"2022-07-13T13:55:56","modified_gmt":"2022-07-13T18:55:56","slug":"empresarios-de-eu-prometen-40-mil-mdd-en-inversiones-en-mexico-amlo-la-jornada","status":"publish","type":"post","link":"https:\/\/losperiodistas.com.mx\/portal\/empresarios-de-eu-prometen-40-mil-mdd-en-inversiones-en-mexico-amlo-la-jornada\/","title":{"rendered":"Empresarios de EU prometen 40 mil mdd en inversiones en M\u00e9xico: AMLO | La Jornada"},"content":{"rendered":"\n<p><em>El presidente Andr\u00e9s Manuel L\u00f3pez Obrador sostuvo un encuentro con empresarios de M\u00e9xico y Estados Unidos, con quienes trat\u00f3 temas de cooperaci\u00f3n econ\u00f3mica, inversi\u00f3n y soberan\u00eda, entre otros en el Instituto Cultural Mexicano, en Washington, D.C., el 13 de julio de 2022<\/em><\/p>\n\n\n\n<p><\/p>\n\n\n\n<figure class=\"wp-block-image size-large is-style-default\"><img fetchpriority=\"high\" decoding=\"async\" width=\"1024\" height=\"681\" src=\"https:\/\/losperiodistas.com.mx\/portal\/wp-content\/uploads\/2022\/07\/image_largeamlo-empresarios-1024x681.jpeg\" alt=\"\" class=\"wp-image-32027\" srcset=\"https:\/\/losperiodistas.com.mx\/portal\/wp-content\/uploads\/2022\/07\/image_largeamlo-empresarios-1024x681.jpeg 1024w, https:\/\/losperiodistas.com.mx\/portal\/wp-content\/uploads\/2022\/07\/image_largeamlo-empresarios-300x200.jpeg 300w, https:\/\/losperiodistas.com.mx\/portal\/wp-content\/uploads\/2022\/07\/image_largeamlo-empresarios-768x511.jpeg 768w, https:\/\/losperiodistas.com.mx\/portal\/wp-content\/uploads\/2022\/07\/image_largeamlo-empresarios.jpeg 1117w\" sizes=\"(max-width: 1024px) 100vw, 1024px\" \/><figcaption>Foto\u00a0<strong>tomada del Twitter de @lopezobrador_<\/strong><\/figcaption><\/figure>\n\n\n\n<p><\/p>\n\n\n\n<p class=\"has-vivid-cyan-blue-color has-text-color has-medium-font-size\">EMIR OLIVARES ALONSO \/ LA JORNADA<\/p>\n\n\n\n<p><em>Washington, DC.<\/em>&nbsp;El presidente Andr\u00e9s Manuel L\u00f3pez Obrador inform\u00f3 que las inversiones en M\u00e9xico prometidas por empresas de Estados Unidos suman 40 mil millones de d\u00f3lares, desde hoy y hasta el cierre de su sexenio.<\/p>\n\n\n\n<p>El mandatario federal se reuni\u00f3 esta ma\u00f1ana con empresarios de M\u00e9xico y de Estados Unidos para dialogar en torno a posibilidades de inversi\u00f3n, en particular en el sector energ\u00e9tico.<\/p>\n\n\n\n<p>El canciller Marcelo Ebrard Casaub\u00f3n detall\u00f3 a trav\u00e9s de redes sociales el monto que se ha prometido de inversi\u00f3n.<\/p>\n\n\n\n<p>\u201cEn desayuno con el CEO Dialogue US-M\u00e9xico, el presidente L\u00f3pez Obrador informa que las inversiones de empresas de EU en nuestro pa\u00eds que ser\u00e1n efectuadas entre esta fecha y 2024 suman ya 40 mil millones de d\u00f3lares . Buenas noticias para M\u00e9xico\u201d.<\/p>\n\n\n\n<p>Con este encuentro el titular del Ejecutivo federal cierra su visita de trabajo a esta capital, que incluy\u00f3 una reuni\u00f3n bilateral con su hom\u00f3logo estadunidense, Joe Biden, ayer en la Casa Blanca.<\/p>\n\n\n\n<p>Tras el intercambio con empresarios, L\u00f3pez Obrador tuite\u00f3: \u201cEn el Instituto Cultural Mexicano tuvimos un encuentro con empresarios de M\u00e9xico y Estados Unidos. Hablamos de cooperaci\u00f3n econ\u00f3mica, inversi\u00f3n, soberan\u00eda y progreso con justicia\u201d.<\/p>\n\n\n\n<p>La titular de la Secretar\u00eda de Econom\u00eda, Tatiana Clouthier, se\u00f1al\u00f3 que durante el desayuno con los directivos y representantes de compa\u00f1\u00edas de ambas naciones el presidente escuch\u00f3 \u201ca las empresas energ\u00e9ticas, Sempra de Estados Unidos y (Carlos) Slim (Grupo Carso) del lado mexicano\u201d.<\/p>\n\n\n\n<p>De acuerdo a otro tuit de la funcionaria, L\u00f3pez Obrador expuso qu\u00e9 hay confianza con el presidente de Estados Unidos Joe Biden.<\/p>\n\n\n\n<p>Ebrard Casaub\u00f3n agreg\u00f3: \u201cDurante el CEO Dialogue M\u00e9xico &#8211; EU en Washington el Presidente L\u00f3pez Obrador invit\u00f3 a la inversi\u00f3n privada en M\u00e9xico y acelerar la integraci\u00f3n de Am\u00e9rica del Norte frente a la incertidumbre de nuestro tiempo\u201d.<\/p>\n\n\n\n<p>Los empresarios, encabezados por Slim y Francisco Cervantes, presidente del Consejo Coordinador Empresarial, ten\u00edan previsto ofrecer una conferencia de prensa al principio de la tarde.<\/p>\n\n\n\n<p>Se inform\u00f3 que funcionarios mexicanos y estadunidenses permanecieron en el Instituto para firmar acuerdos en torno a la inversi\u00f3n en nuestro pa\u00eds.<\/p>\n\n\n\n<p>Fuente: https:\/\/www.jornada.com.mx\/notas\/2022\/07\/13\/politica\/dialoga-amlo-con-empresarios-de-eu-sobre-posibilidades-de-inversion-energetica\/<\/p>\n","protected":false},"excerpt":{"rendered":"<p>El presidente Andr\u00e9s Manuel L\u00f3pez Obrador sostuvo un encuentro con empresarios de M\u00e9xico y Estados Unidos, con quienes trat\u00f3 temas [&hellip;]<\/p>\n","protected":false},"author":1,"featured_media":32027,"comment_status":"open","ping_status":"open","sticky":false,"template":"","format":"standard","meta":{"site-sidebar-layout":"default","site-content-layout":"","ast-site-content-layout":"default","site-content-style":"default","site-sidebar-style":"default","ast-global-header-display":"","ast-banner-title-visibility":"","ast-main-header-display":"","ast-hfb-above-header-display":"","ast-hfb-below-header-display":"","ast-hfb-mobile-header-display":"","site-post-title":"","ast-breadcrumbs-content":"","ast-featured-img":"","footer-sml-layout":"","theme-transparent-header-meta":"","adv-header-id-meta":"","stick-header-meta":"","header-above-stick-meta":"","header-main-stick-meta":"","header-below-stick-meta":"","astra-migrate-meta-layouts":"default","ast-page-background-enabled":"default","ast-page-background-meta":{"desktop":{"background-color":"var(--ast-global-color-4)","background-image":"","background-repeat":"repeat","background-position":"center center","background-size":"auto","background-attachment":"scroll","background-type":"","background-media":"","overlay-type":"","overlay-color":"","overlay-opacity":"","overlay-gradient":""},"tablet":{"background-color":"","background-image":"","background-repeat":"repeat","background-position":"center center","background-size":"auto","background-attachment":"scroll","background-type":"","background-media":"","overlay-type":"","overlay-color":"","overlay-opacity":"","overlay-gradient":""},"mobile":{"background-color":"","background-image":"","background-repeat":"repeat","background-position":"center center","background-size":"auto","background-attachment":"scroll","background-type":"","background-media":"","overlay-type":"","overlay-color":"","overlay-opacity":"","overlay-gradient":""}},"ast-content-background-meta":{"desktop":{"background-color":"var(--ast-global-color-5)","background-image":"","background-repeat":"repeat","background-position":"center center","background-size":"auto","background-attachment":"scroll","background-type":"","background-media":"","overlay-type":"","overlay-color":"","overlay-opacity":"","overlay-gradient":""},"tablet":{"background-color":"var(--ast-global-color-5)","background-image":"","background-repeat":"repeat","background-position":"center center","background-size":"auto","background-attachment":"scroll","background-type":"","background-media":"","overlay-type":"","overlay-color":"","overlay-opacity":"","overlay-gradient":""},"mobile":{"background-color":"var(--ast-global-color-5)","background-image":"","background-repeat":"repeat","background-position":"center center","background-size":"auto","background-attachment":"scroll","background-type":"","background-media":"","overlay-type":"","overlay-color":"","overlay-opacity":"","overlay-gradient":""}},"footnotes":""},"categories":[8],"tags":[199,11349,11348],"class_list":["post-32026","post","type-post","status-publish","format-standard","has-post-thumbnail","hentry","category-noticias","tag-amlo","tag-ceo-dialogue-us-mexico","tag-inversiones-eeuu"],"_links":{"self":[{"href":"https:\/\/losperiodistas.com.mx\/portal\/wp-json\/wp\/v2\/posts\/32026","targetHints":{"allow":["GET"]}}],"collection":[{"href":"https:\/\/losperiodistas.com.mx\/portal\/wp-json\/wp\/v2\/posts"}],"about":[{"href":"https:\/\/losperiodistas.com.mx\/portal\/wp-json\/wp\/v2\/types\/post"}],"author":[{"embeddable":true,"href":"https:\/\/losperiodistas.com.mx\/portal\/wp-json\/wp\/v2\/users\/1"}],"replies":[{"embeddable":true,"href":"https:\/\/losperiodistas.com.mx\/portal\/wp-json\/wp\/v2\/comments?post=32026"}],"version-history":[{"count":1,"href":"https:\/\/losperiodistas.com.mx\/portal\/wp-json\/wp\/v2\/posts\/32026\/revisions"}],"predecessor-version":[{"id":32028,"href":"https:\/\/losperiodistas.com.mx\/portal\/wp-json\/wp\/v2\/posts\/32026\/revisions\/32028"}],"wp:featuredmedia":[{"embeddable":true,"href":"https:\/\/losperiodistas.com.mx\/portal\/wp-json\/wp\/v2\/media\/32027"}],"wp:attachment":[{"href":"https:\/\/losperiodistas.com.mx\/portal\/wp-json\/wp\/v2\/media?parent=32026"}],"wp:term":[{"taxonomy":"category","embeddable":true,"href":"https:\/\/losperiodistas.com.mx\/portal\/wp-json\/wp\/v2\/categories?post=32026"},{"taxonomy":"post_tag","embeddable":true,"href":"https:\/\/losperiodistas.com.mx\/portal\/wp-json\/wp\/v2\/tags?post=32026"}],"curies":[{"name":"wp","href":"https:\/\/api.w.org\/{rel}","templated":true}]}}