{"id":32021,"date":"2022-07-13T11:25:50","date_gmt":"2022-07-13T16:25:50","guid":{"rendered":"http:\/\/losperiodistas.com.mx\/portal\/?p=32021"},"modified":"2022-07-13T11:25:52","modified_gmt":"2022-07-13T16:25:52","slug":"la-fatiga-pandemica-y-el-peligro-activo-de-omicron","status":"publish","type":"post","link":"https:\/\/losperiodistas.com.mx\/portal\/la-fatiga-pandemica-y-el-peligro-activo-de-omicron\/","title":{"rendered":"<strong>La fatiga pand\u00e9mica y el peligro activo de \u00d3micron<\/strong>"},"content":{"rendered":"\n<p><\/p>\n\n\n\n<p class=\"has-vivid-cyan-blue-color has-text-color\" style=\"font-size:26px\"><strong><em>Por Fernando Manzanilla Prieto<\/em><\/strong><\/p>\n\n\n\n<p>Claramente se observa en gran parte de la poblaci\u00f3n una fatiga pand\u00e9mica, un concepto instaurado por la Organizaci\u00f3n Mundial de la Salud (OMS) para referirse a la reacci\u00f3n ante las prolongadas medidas y restricciones generadas por la pandemia por Covid-19.<\/p>\n\n\n\n<p>El peligro de que el mundo est\u00e9 cansado del covid-19, es que este agotamiento hace que las personas se cuiden menos, usen menos cubrebocas, no respeten la sana distancia, se laven menos las manos, se vacunen menos y, por lo tanto, se expongan m\u00e1s a la posibilidad de contagio.<\/p>\n\n\n\n<p>Desde su llegada a nuestras vidas, hace un poco m\u00e1s de dos a\u00f1os y medio, el virus ha generado una vor\u00e1gine de cambios. Sin embargo, conforme avanza el tiempo, estas normas parecen haberse desestimado y ya no son tan estrictas y relevantes como lo eran hace algunos meses.<\/p>\n\n\n\n<p>Hoy en d\u00eda, para nadie es una sorpresa saber que han surgido y circulado linajes gen\u00e9ticos del SARS-CoV-2 en todo el mundo desde el comienzo de la pandemia, y con ello hemos tenido que enfrentar a una serie de variantes, con sus subvariantes, a nivel global.<\/p>\n\n\n\n<p>Se inici\u00f3 con la variante Alpha y se continu\u00f3 con la Beta, Gamma, Delta, Epsilon, Eta, Iota, Kappa, Mu y Zeta, hoy clasificadas en Estados Unidos como variantes de bajo monitoreo, ya que no representan un riesgo significativo e inminente.<\/p>\n\n\n\n<p>Sin embargo, hay una variante que desde hace varios meses ha generado preocupaci\u00f3n y nos llama a mantenernos alerta contra este virus. Se trata de \u00f3micron y su m\u00faltiple linaje, que ha evolucionado por las subvariantes: B.1, BA.1, BA.2, BA. 3, BA. 4, hasta llegar actualmente a la BA.5.<\/p>\n\n\n\n<p>En este entorno, hoy ya se habla de una quinta ola, la cual de acuerdo al diagn\u00f3stico de varios centros para el control y la prevenci\u00f3n de enfermedades, est\u00e1 reflejando la presencia dominante de las subvariantes BA.4 y BA.5 de \u00f3micron en distintas partes del mundo.<\/p>\n\n\n\n<p>Un ejemplo es que la BA.5, se ha vuelto dominante r\u00e1pidamente en Estados Unidos, gracias a la elusividad que realiza del sistema inmunitario. Tan solo en la \u00faltima semana se han reportado de manera oficial en promedio un poco m\u00e1s de 100 mil casos nuevos por d\u00eda; aunque especialistas estiman que el n\u00famero real puede llegar a un mill\u00f3n.<\/p>\n\n\n\n<p>Precisamente el Dr. Eric Topol, fundador y director del <em>Scripps Research Translational Institute <\/em>ha nombrado a esta variante BA.5 como \u201cla peor versi\u00f3n del virus que se ha visto\u201d, dado que los anticuerpos de las vacunas y las infecciones anteriores por coronavirus ofrecen una protecci\u00f3n limitada contra ella.<\/p>\n\n\n\n<p>Aunque para muchos el desestimar el peligro del covid-19 radica en que las muertes se han reducido, los especialistas recalcan que la tasa de mortalidad por el virus sigue siendo mucho m\u00e1s alta que por influenza u otras enfermedades contagiosas.<\/p>\n\n\n\n<p>Precisamente, la inmunidad a nivel de poblaci\u00f3n es una de las razones por las que el virus permanece en una sobremarcha mutacional. El riesgo de reinfecciones ha aumentado porque las subvariantes reci\u00e9n emergentes pueden evadir mejor la defensa de primera l\u00ednea del sistema inmunitario, y esencialmente no hay ning\u00fan esfuerzo a nivel comunitario para limitar la transmisi\u00f3n.<\/p>\n\n\n\n<p>En un art\u00edculo de Al-Aly, jefe de investigaci\u00f3n y desarrollo en el Sistema de Atenci\u00f3n M\u00e9dica de St. Louis, \u00e9l y otros investigadores informaron que las personas con m\u00faltiples infecciones tienen un mayor riesgo acumulativo de una enfermedad grave o muerte, ya que, en sus propias palabras, \u201cla reinfecci\u00f3n agrega riesgo\u201d.<\/p>\n\n\n\n<p>Por si esto no fuera suficiente, se ha detectado la existencia de una nueva subvariante de \u00f3micron, la BA.2.75, surgida en India y la cual, a menos de un mes, ya se ha identificado en algunos otros pa\u00edses, incluido Estados Unidos.<\/p>\n\n\n\n<p>En M\u00e9xico el panorama tampoco es alentador, ya que cerr\u00f3 junio con una importante alza en el n\u00famero de contagios.<\/p>\n\n\n\n<p>De acuerdo con el conteo diario de infecciones, el pa\u00eds acumul\u00f3 m\u00e1s de 302 mil contagios, un incremento que rebas\u00f3 por mucho los 36 mil 779 casos contabilizados durante mayo, lo que represent\u00f3 un incremento del 721 por ciento.<\/p>\n\n\n\n<p>Si bien no hay evidencia de que las nuevas formas del virus agraven los estragos de la enfermedad, as\u00ed como de que aceleren el riesgo de que contraer los s\u00edntomas de larga duraci\u00f3n generalmente conocidos como \u00abcovid prolongado\u00bb, s\u00ed es un hecho de que est\u00e1 en jaque la salud de las personas.<\/p>\n\n\n\n<p>A estas alturas, el desestimar o flaquear en las medidas preventivas nos deja en claro que las lecciones que nos ha dejado la pandemia no fueron bien aprendidas. Seguimos jugando con fuego y corriendo el riesgo de quemarnos.<\/p>\n\n\n\n<p>No echemos en saco roto todo lo vivido a lo largo de estos m\u00e1s de dos a\u00f1os y medio. La mayor\u00eda de nosotros perdimos familiares, amigos, conocidos a causa del virus. Hoy la batalla sigue y es principalmente contra la desidia de tener que hacer, cada uno, lo que nos corresponde. &nbsp;&nbsp;<\/p>\n","protected":false},"excerpt":{"rendered":"<p>Por Fernando Manzanilla Prieto Claramente se observa en gran parte de la poblaci\u00f3n una fatiga pand\u00e9mica, un concepto instaurado por [&hellip;]<\/p>\n","protected":false},"author":1,"featured_media":32022,"comment_status":"open","ping_status":"open","sticky":false,"template":"","format":"standard","meta":{"site-sidebar-layout":"default","site-content-layout":"","ast-site-content-layout":"default","site-content-style":"default","site-sidebar-style":"default","ast-global-header-display":"","ast-banner-title-visibility":"","ast-main-header-display":"","ast-hfb-above-header-display":"","ast-hfb-below-header-display":"","ast-hfb-mobile-header-display":"","site-post-title":"","ast-breadcrumbs-content":"","ast-featured-img":"","footer-sml-layout":"","theme-transparent-header-meta":"","adv-header-id-meta":"","stick-header-meta":"","header-above-stick-meta":"","header-main-stick-meta":"","header-below-stick-meta":"","astra-migrate-meta-layouts":"default","ast-page-background-enabled":"default","ast-page-background-meta":{"desktop":{"background-color":"var(--ast-global-color-4)","background-image":"","background-repeat":"repeat","background-position":"center center","background-size":"auto","background-attachment":"scroll","background-type":"","background-media":"","overlay-type":"","overlay-color":"","overlay-opacity":"","overlay-gradient":""},"tablet":{"background-color":"","background-image":"","background-repeat":"repeat","background-position":"center center","background-size":"auto","background-attachment":"scroll","background-type":"","background-media":"","overlay-type":"","overlay-color":"","overlay-opacity":"","overlay-gradient":""},"mobile":{"background-color":"","background-image":"","background-repeat":"repeat","background-position":"center center","background-size":"auto","background-attachment":"scroll","background-type":"","background-media":"","overlay-type":"","overlay-color":"","overlay-opacity":"","overlay-gradient":""}},"ast-content-background-meta":{"desktop":{"background-color":"var(--ast-global-color-5)","background-image":"","background-repeat":"repeat","background-position":"center center","background-size":"auto","background-attachment":"scroll","background-type":"","background-media":"","overlay-type":"","overlay-color":"","overlay-opacity":"","overlay-gradient":""},"tablet":{"background-color":"var(--ast-global-color-5)","background-image":"","background-repeat":"repeat","background-position":"center center","background-size":"auto","background-attachment":"scroll","background-type":"","background-media":"","overlay-type":"","overlay-color":"","overlay-opacity":"","overlay-gradient":""},"mobile":{"background-color":"var(--ast-global-color-5)","background-image":"","background-repeat":"repeat","background-position":"center center","background-size":"auto","background-attachment":"scroll","background-type":"","background-media":"","overlay-type":"","overlay-color":"","overlay-opacity":"","overlay-gradient":""}},"footnotes":""},"categories":[24,8],"tags":[5593],"class_list":["post-32021","post","type-post","status-publish","format-standard","has-post-thumbnail","hentry","category-fernando-manzanilla","category-noticias","tag-omicron"],"_links":{"self":[{"href":"https:\/\/losperiodistas.com.mx\/portal\/wp-json\/wp\/v2\/posts\/32021","targetHints":{"allow":["GET"]}}],"collection":[{"href":"https:\/\/losperiodistas.com.mx\/portal\/wp-json\/wp\/v2\/posts"}],"about":[{"href":"https:\/\/losperiodistas.com.mx\/portal\/wp-json\/wp\/v2\/types\/post"}],"author":[{"embeddable":true,"href":"https:\/\/losperiodistas.com.mx\/portal\/wp-json\/wp\/v2\/users\/1"}],"replies":[{"embeddable":true,"href":"https:\/\/losperiodistas.com.mx\/portal\/wp-json\/wp\/v2\/comments?post=32021"}],"version-history":[{"count":1,"href":"https:\/\/losperiodistas.com.mx\/portal\/wp-json\/wp\/v2\/posts\/32021\/revisions"}],"predecessor-version":[{"id":32023,"href":"https:\/\/losperiodistas.com.mx\/portal\/wp-json\/wp\/v2\/posts\/32021\/revisions\/32023"}],"wp:featuredmedia":[{"embeddable":true,"href":"https:\/\/losperiodistas.com.mx\/portal\/wp-json\/wp\/v2\/media\/32022"}],"wp:attachment":[{"href":"https:\/\/losperiodistas.com.mx\/portal\/wp-json\/wp\/v2\/media?parent=32021"}],"wp:term":[{"taxonomy":"category","embeddable":true,"href":"https:\/\/losperiodistas.com.mx\/portal\/wp-json\/wp\/v2\/categories?post=32021"},{"taxonomy":"post_tag","embeddable":true,"href":"https:\/\/losperiodistas.com.mx\/portal\/wp-json\/wp\/v2\/tags?post=32021"}],"curies":[{"name":"wp","href":"https:\/\/api.w.org\/{rel}","templated":true}]}}