{"id":32011,"date":"2022-07-13T09:20:59","date_gmt":"2022-07-13T14:20:59","guid":{"rendered":"http:\/\/losperiodistas.com.mx\/portal\/?p=32011"},"modified":"2022-07-13T09:21:01","modified_gmt":"2022-07-13T14:21:01","slug":"puebla-capital-estrena-magna-exhibicion-de-cesar-menchaca-en-galeria-del-palacio-municipal","status":"publish","type":"post","link":"https:\/\/losperiodistas.com.mx\/portal\/puebla-capital-estrena-magna-exhibicion-de-cesar-menchaca-en-galeria-del-palacio-municipal\/","title":{"rendered":"Puebla Capital estrena magna exhibici\u00f3n de C\u00e9sar Menchaca en Galer\u00eda del Palacio Municipal"},"content":{"rendered":"\n<p><em>Estar\u00e1 hasta el 18 de septiembre, de 10:00 a 20:00 horas, sin cerrar un solo d\u00eda de la semana y con acceso gratuito.<\/em><\/p>\n\n\n\n<p><\/p>\n\n\n\n<figure class=\"wp-block-image size-full is-style-default\"><img fetchpriority=\"high\" decoding=\"async\" width=\"600\" height=\"400\" src=\"https:\/\/losperiodistas.com.mx\/portal\/wp-content\/uploads\/2022\/07\/e5514d8bf6472607358a133db9c4c2ff_XL.jpeg\" alt=\"\" class=\"wp-image-32012\" srcset=\"https:\/\/losperiodistas.com.mx\/portal\/wp-content\/uploads\/2022\/07\/e5514d8bf6472607358a133db9c4c2ff_XL.jpeg 600w, https:\/\/losperiodistas.com.mx\/portal\/wp-content\/uploads\/2022\/07\/e5514d8bf6472607358a133db9c4c2ff_XL-300x200.jpeg 300w\" sizes=\"(max-width: 600px) 100vw, 600px\" \/><figcaption>Ayuntamiento Puebla<\/figcaption><\/figure>\n\n\n\n<p><\/p>\n\n\n\n<p class=\"has-vivid-cyan-blue-color has-text-color has-medium-font-size\">REDACCI\u00d3N<\/p>\n\n\n\n<p>La Galer\u00eda del Palacio Municipal se engalana con una muestra extraordinaria de color, memoria y cultura viva: \u201cPasiones por M\u00e9xico\u201d, 21 obras de gran formato del artista C\u00e9sar Menchaca inspiradas en la cosmovisi\u00f3n Wix\u00e1rika o Huichol, su gesti\u00f3n comunitaria y el cuidado del medio ambiente.<\/p>\n\n\n\n<p>Tras inaugurar esta magna exhibici\u00f3n, Eduardo Rivera P\u00e9rez, Presidente Municipal de Puebla, detall\u00f3 que ser\u00e1 hasta el 18 de septiembre que las familias poblanas, visitantes y turistas podr\u00e1n disfrutar de \u00abPasiones por M\u00e9xico\u00bb, la cual tendr\u00e1 un horario extendido de 10:00 a 20:00 horas, sin cerrar un solo d\u00eda de la semana y con acceso gratuito, para que las obras \u201cdejen una gran huella en la ciudad\u201d.<\/p>\n\n\n\n<p>Las obras de C\u00e9sar Menchaca tienen la intenci\u00f3n de dar voz a los pueblos originarios de la regi\u00f3n occidental de M\u00e9xico, al jaguar, la naturaleza y a los cuatro elementos (agua, tierra, fuego y aire), quienes \u2013en palabras del autor\u2014se encuentran en resistencia ante un contexto de olvido, depredaci\u00f3n y peligro de extinci\u00f3n, por lo que resulta crucial expandir el campo de conciencia de todas y todos sobre este abuso sistem\u00e1tico, a trav\u00e9s del arte, \u201ccon millones de chaquiras que son el coraz\u00f3n de las y los mexicanos\u201d.<\/p>\n\n\n\n<p>Cabe destacar que todas estas piezas han sido intervenidas por artesanos Wix\u00e1rikas, lo que ha permitido a Menchaca crear un puente entre lo tradicional y lo universal, y generar trascendencia en sitios como Nueva York, Los \u00c1ngeles, Dub\u00e1i, Canad\u00e1, Colombia y otras partes del mundo, acot\u00f3 Manuela Herrera Rojas, Regidor Presidente de la Comisi\u00f3n de Desarrollo Econ\u00f3mico y Turismo.<\/p>\n\n\n\n<p>Un atisbo de estas texturas, tintas y dise\u00f1os se han extendido al Z\u00f3calo de la Ciudad, el Pasaje del Ayuntamiento y el M\u00f3dulo de Informaci\u00f3n Tur\u00edstica, desde donde tambi\u00e9n se exhiben piezas como un jaguar, unos flamingos y un tibur\u00f3n, respectivamente, para que \u201cel arte est\u00e9 en todos los lugares de Puebla, expres\u00f3 en su oportunidad Fabi\u00e1n Valdivia P\u00e9rez, Director del Instituto Municipal de Arte y Cultura.<\/p>\n\n\n\n<p>La inauguraci\u00f3n de Pasiones por M\u00e9xico cont\u00f3 con la asistencia de Sergio Vergara Berdejo, Secretario de Cultura del Estado; Dassein Flores Corona, Presidenta del Consejo de Participaci\u00f3n Ciudadana de Cultura; y Berenice Vidal Castel\u00e1n, Gerente del Centro Hist\u00f3rico y Patrimonio Cultural.<\/p>\n\n\n\n<p>C\u00e9sar Menchaca \u00abPasiones por M\u00e9xico\u00bb<\/p>\n\n\n\n<p>\u2022 21 obras de gran formato del artista que destacan la cosmovisi\u00f3n Wix\u00e1rika o Huichol en Galer\u00eda de Palacio<br>\u2022 Estar\u00e1 hasta el 18 de Septiembre, en un horario extendido de 10:00 a 20:00 horas, de lunes a domingo<br>\u2022 Entrada gratuita<br>\u2022 En el Z\u00f3calo podr\u00e1n encontrar un \u201cJaguar\u201d, unos \u201cFlamingos\u201d en el Pasaje del Ayuntamiento y un \u201cTibur\u00f3n\u201d en el M\u00f3dulo de informaci\u00f3n Tur\u00edstica.<\/p>\n\n\n\n<figure class=\"wp-block-image size-large is-resized is-style-default\"><img decoding=\"async\" src=\"https:\/\/losperiodistas.com.mx\/portal\/wp-content\/uploads\/2022\/07\/WhatsApp-Image-2022-07-12-at-6.36.22-PM-1024x576.jpeg\" alt=\"\" class=\"wp-image-32013\" width=\"840\" height=\"472\" srcset=\"https:\/\/losperiodistas.com.mx\/portal\/wp-content\/uploads\/2022\/07\/WhatsApp-Image-2022-07-12-at-6.36.22-PM-1024x576.jpeg 1024w, https:\/\/losperiodistas.com.mx\/portal\/wp-content\/uploads\/2022\/07\/WhatsApp-Image-2022-07-12-at-6.36.22-PM-300x169.jpeg 300w, https:\/\/losperiodistas.com.mx\/portal\/wp-content\/uploads\/2022\/07\/WhatsApp-Image-2022-07-12-at-6.36.22-PM-768x432.jpeg 768w, https:\/\/losperiodistas.com.mx\/portal\/wp-content\/uploads\/2022\/07\/WhatsApp-Image-2022-07-12-at-6.36.22-PM-1536x864.jpeg 1536w, https:\/\/losperiodistas.com.mx\/portal\/wp-content\/uploads\/2022\/07\/WhatsApp-Image-2022-07-12-at-6.36.22-PM.jpeg 1600w\" sizes=\"(max-width: 840px) 100vw, 840px\" \/><figcaption>Ayuntamiento Puebla<\/figcaption><\/figure>\n\n\n\n<p>Fuente: https:\/\/www.pueblacapital.gob.mx\/noticias\/noticias-destacadas\/item\/16221-puebla-capital-estrena-magna-exhibicion-de-cesar-menchaca-en-galeria-del-palacio-municipal<\/p>\n","protected":false},"excerpt":{"rendered":"<p>Estar\u00e1 hasta el 18 de septiembre, de 10:00 a 20:00 horas, sin cerrar un solo d\u00eda de la semana y [&hellip;]<\/p>\n","protected":false},"author":1,"featured_media":32012,"comment_status":"open","ping_status":"open","sticky":false,"template":"","format":"standard","meta":{"site-sidebar-layout":"default","site-content-layout":"","ast-site-content-layout":"default","site-content-style":"default","site-sidebar-style":"default","ast-global-header-display":"","ast-banner-title-visibility":"","ast-main-header-display":"","ast-hfb-above-header-display":"","ast-hfb-below-header-display":"","ast-hfb-mobile-header-display":"","site-post-title":"","ast-breadcrumbs-content":"","ast-featured-img":"","footer-sml-layout":"","theme-transparent-header-meta":"","adv-header-id-meta":"","stick-header-meta":"","header-above-stick-meta":"","header-main-stick-meta":"","header-below-stick-meta":"","astra-migrate-meta-layouts":"default","ast-page-background-enabled":"default","ast-page-background-meta":{"desktop":{"background-color":"var(--ast-global-color-4)","background-image":"","background-repeat":"repeat","background-position":"center center","background-size":"auto","background-attachment":"scroll","background-type":"","background-media":"","overlay-type":"","overlay-color":"","overlay-opacity":"","overlay-gradient":""},"tablet":{"background-color":"","background-image":"","background-repeat":"repeat","background-position":"center center","background-size":"auto","background-attachment":"scroll","background-type":"","background-media":"","overlay-type":"","overlay-color":"","overlay-opacity":"","overlay-gradient":""},"mobile":{"background-color":"","background-image":"","background-repeat":"repeat","background-position":"center center","background-size":"auto","background-attachment":"scroll","background-type":"","background-media":"","overlay-type":"","overlay-color":"","overlay-opacity":"","overlay-gradient":""}},"ast-content-background-meta":{"desktop":{"background-color":"var(--ast-global-color-5)","background-image":"","background-repeat":"repeat","background-position":"center center","background-size":"auto","background-attachment":"scroll","background-type":"","background-media":"","overlay-type":"","overlay-color":"","overlay-opacity":"","overlay-gradient":""},"tablet":{"background-color":"var(--ast-global-color-5)","background-image":"","background-repeat":"repeat","background-position":"center center","background-size":"auto","background-attachment":"scroll","background-type":"","background-media":"","overlay-type":"","overlay-color":"","overlay-opacity":"","overlay-gradient":""},"mobile":{"background-color":"var(--ast-global-color-5)","background-image":"","background-repeat":"repeat","background-position":"center center","background-size":"auto","background-attachment":"scroll","background-type":"","background-media":"","overlay-type":"","overlay-color":"","overlay-opacity":"","overlay-gradient":""}},"footnotes":""},"categories":[8],"tags":[7279,11342,11343,11344],"class_list":["post-32011","post","type-post","status-publish","format-standard","has-post-thumbnail","hentry","category-noticias","tag-contigoyconrumbo","tag-cesar-menchaca","tag-huicholes","tag-wikarica"],"_links":{"self":[{"href":"https:\/\/losperiodistas.com.mx\/portal\/wp-json\/wp\/v2\/posts\/32011","targetHints":{"allow":["GET"]}}],"collection":[{"href":"https:\/\/losperiodistas.com.mx\/portal\/wp-json\/wp\/v2\/posts"}],"about":[{"href":"https:\/\/losperiodistas.com.mx\/portal\/wp-json\/wp\/v2\/types\/post"}],"author":[{"embeddable":true,"href":"https:\/\/losperiodistas.com.mx\/portal\/wp-json\/wp\/v2\/users\/1"}],"replies":[{"embeddable":true,"href":"https:\/\/losperiodistas.com.mx\/portal\/wp-json\/wp\/v2\/comments?post=32011"}],"version-history":[{"count":1,"href":"https:\/\/losperiodistas.com.mx\/portal\/wp-json\/wp\/v2\/posts\/32011\/revisions"}],"predecessor-version":[{"id":32016,"href":"https:\/\/losperiodistas.com.mx\/portal\/wp-json\/wp\/v2\/posts\/32011\/revisions\/32016"}],"wp:featuredmedia":[{"embeddable":true,"href":"https:\/\/losperiodistas.com.mx\/portal\/wp-json\/wp\/v2\/media\/32012"}],"wp:attachment":[{"href":"https:\/\/losperiodistas.com.mx\/portal\/wp-json\/wp\/v2\/media?parent=32011"}],"wp:term":[{"taxonomy":"category","embeddable":true,"href":"https:\/\/losperiodistas.com.mx\/portal\/wp-json\/wp\/v2\/categories?post=32011"},{"taxonomy":"post_tag","embeddable":true,"href":"https:\/\/losperiodistas.com.mx\/portal\/wp-json\/wp\/v2\/tags?post=32011"}],"curies":[{"name":"wp","href":"https:\/\/api.w.org\/{rel}","templated":true}]}}