{"id":32006,"date":"2022-07-13T08:31:59","date_gmt":"2022-07-13T13:31:59","guid":{"rendered":"http:\/\/losperiodistas.com.mx\/portal\/?p=32006"},"modified":"2022-07-13T08:32:05","modified_gmt":"2022-07-13T13:32:05","slug":"politicos-de-puebla-calientan-la-competencia-por-la-gubernatura-en-2024-expansion-politica","status":"publish","type":"post","link":"https:\/\/losperiodistas.com.mx\/portal\/politicos-de-puebla-calientan-la-competencia-por-la-gubernatura-en-2024-expansion-politica\/","title":{"rendered":"Pol\u00edticos de Puebla &#8216;calientan&#8217; la competencia por la gubernatura en 2024 | Expansi\u00f3n Pol\u00edtica"},"content":{"rendered":"\n<p><em>Al igual que en la sucesi\u00f3n presidencial, el gobernador de Puebla, Miguel Barbosa, abri\u00f3 la contienda por la renovaci\u00f3n de la gubernatura en 2024 y media docena de perfiles ya &#8216;se destaparon&#8217;.<\/em><\/p>\n\n\n\n<p><\/p>\n\n\n\n<figure class=\"wp-block-image size-large is-style-default\"><img fetchpriority=\"high\" decoding=\"async\" width=\"1024\" height=\"683\" src=\"https:\/\/losperiodistas.com.mx\/portal\/wp-content\/uploads\/2022\/07\/descargamorena-puebla-1024x683.jpg\" alt=\"\" class=\"wp-image-32007\" srcset=\"https:\/\/losperiodistas.com.mx\/portal\/wp-content\/uploads\/2022\/07\/descargamorena-puebla-1024x683.jpg 1024w, https:\/\/losperiodistas.com.mx\/portal\/wp-content\/uploads\/2022\/07\/descargamorena-puebla-300x200.jpg 300w, https:\/\/losperiodistas.com.mx\/portal\/wp-content\/uploads\/2022\/07\/descargamorena-puebla-768x512.jpg 768w, https:\/\/losperiodistas.com.mx\/portal\/wp-content\/uploads\/2022\/07\/descargamorena-puebla.jpg 1200w\" sizes=\"(max-width: 1024px) 100vw, 1024px\" \/><figcaption>La contienda por la gubernatura de Puebla, a renovarse en 2024, tambi\u00e9n tiene media docena de aspirantes para suceder a Miguel Barbosa.\u00a0(Fotos: redes de los pol\u00edticos)<\/figcaption><\/figure>\n\n\n\n<p>ELVIA CRUZ \/ EXPANSI\u00d3N POL\u00cdTICA<\/p>\n\n\n\n<p>La inercia de los&nbsp;<strong>destapes<\/strong>&nbsp;anticipados y los banderazos de salida para la sucesi\u00f3n presidencial &#8216;contagi\u00f3&#8217; a&nbsp;<strong>Puebla<\/strong>, y aunque a\u00fan faltan dos a\u00f1os para las&nbsp;<strong><a href=\"https:\/\/politica.expansion.mx\/elecciones\/2022\/05\/20\/elecciones-2024-presidenciales-mexico?utm_source=internal&amp;utm_medium=link-recommended\" target=\"_blank\" rel=\"noreferrer noopener\">elecciones de 2024<\/a>&nbsp;<\/strong>, ya hay pol\u00edticos que se perfilan para la sucesi\u00f3n de Miguel Barbosa Huerta.<\/p>\n\n\n\n<p>Todo empez\u00f3 la ma\u00f1ana del 4 de julio de este 2022 cuando el mandatario pidi\u00f3 tanto a funcionarios de su gobierno como a quienes no forman parte, a \u201cautodestaparse\u201d abiertamente si tienen aspiraciones por buscar la gubernatura en alg\u00fan partido pol\u00edtico, pues dej\u00f3 en claro que \u00e9l no dar\u00e1 nombres \u2013como lo hizo el presidente Andr\u00e9s Manuel L\u00f3pez Obrador desde 2021\u2013, ya que no tiene favoritos<video preload=\"auto\"><video preload=\"auto\"><video preload=\"auto\"><\/p>\n\n\n\n<p>Al d\u00eda siguiente, el presidente de la Junta de Gobierno y Coordinaci\u00f3n Pol\u00edtica del Congreso local,&nbsp;<strong>Sergio Salom\u00f3n C\u00e9spedes<\/strong>, anunci\u00f3 su inter\u00e9s por buscar la candidatura por Morena. El mismo d\u00eda hizo lo propio&nbsp;<strong>Gabriel Biestro<\/strong>, actual secretario de Trabajo en el estado.<\/p>\n\n\n\n<p>El 6 de julio, el secretario de Educaci\u00f3n,&nbsp;<strong>Melit\u00f3n Lozano<\/strong>, tambi\u00e9n dio a conocer su inter\u00e9s por ser gobernador de Puebla, en un video que grab\u00f3 a lado de su esposa. Para el d\u00eda 7, la secretaria de Econom\u00eda,&nbsp;<strong>Olivia Salom\u00f3n<\/strong>, organiz\u00f3 una comida con chiles en nogada en su casa con directores de medios de comunicaci\u00f3n para decir: \u201cs\u00ed quiero y s\u00ed tengo ganas\u201d.<\/p>\n\n\n\n<p>Para Roberto Alonso Mu\u00f1oz, analista pol\u00edtico y acad\u00e9mico de la Universidad Iberoamericana campus Puebla, estos destapes, son un reflejo de una sucesi\u00f3n adelantada que comenz\u00f3 a nivel federal, ya que, desde junio de 2021, L\u00f3pez Obrador mencion\u00f3 nombres de presidenciables para 2024.<\/p>\n\n\n\n<p>\u201cEl 2024 va a ser una elecci\u00f3n que va a estar cifrada en torno a que, si queremos como mexicanas o mexicanos refrendar la confianza a que siga la&nbsp;<em>cuarta transformaci\u00f3n&nbsp;<\/em>o lo contrario, que se quiera detener a nivel nacional, y es el mismo dilema en Puebla\u201d, destac\u00f3 el acad\u00e9mico.<\/p>\n\n\n\n<h3 class=\"wp-block-heading\">Recomendamos:<\/h3>\n\n\n\n<figure class=\"wp-block-image is-style-default\"><a href=\"https:\/\/politica.expansion.mx\/mexico\/2022\/07\/11\/pleito-intramuros-en-morena-mier-denuncia-a-senador-y-a-gobernador-de-puebla?utm_source=internal&amp;utm_medium=branded\" target=\"_blank\" rel=\"noreferrer noopener\"><img decoding=\"async\" src=\"https:\/\/cdn-3.expansion.mx\/dims4\/default\/e445d19\/2147483647\/strip\/true\/crop\/1200x677+0+62\/resize\/172x97!\/format\/webp\/quality\/90\/?url=https%3A%2F%2Fcdn-3.expansion.mx%2F80%2Fad%2F8352ca4948ca8f57b180a05205d1%2Fmier-contra-barbosa.jpeg\" alt=\"Ignacio Mier present\u00f3 denuncia contra Miguel Barbosa\"\/><\/a><\/figure>\n\n\n\n<p><a href=\"https:\/\/politica.expansion.mx\/mexico\/2022\/07\/11\/pleito-intramuros-en-morena-mier-denuncia-a-senador-y-a-gobernador-de-puebla?utm_source=internal&amp;utm_medium=branded\" target=\"_blank\" rel=\"noreferrer noopener\">M\u00c9XICO<\/a><\/p>\n\n\n\n<h3 class=\"wp-block-heading\"><a href=\"https:\/\/politica.expansion.mx\/mexico\/2022\/07\/11\/pleito-intramuros-en-morena-mier-denuncia-a-senador-y-a-gobernador-de-puebla?utm_source=internal&amp;utm_medium=branded\" target=\"_blank\" rel=\"noreferrer noopener\">Pleito intramuros en Morena: Mier denuncia a senador y a gobernador de Puebla<\/a><\/h3>\n\n\n\n<p>Aunque Barbosa Huerta no reconoce oficialmente a algunos de los que han alzado la mano como sus&nbsp;<em>corcholatas&nbsp;<\/em>\u2013t\u00e9rmino que le ha dado el presidente a los posibles candidatos de Morena\u2013, el analista se\u00f1al\u00f3 que todos ellos fueron invitados por el gobernador a&nbsp;<em>destaparse<\/em>, pues forman parte de su c\u00edrculo cercano.https:\/\/67012aeef9847403640f8493d739a92c.safeframe.googlesyndication.com\/safeframe\/1-0-38\/html\/container.html<\/p>\n\n\n\n<p>\u201cEl gobernador ha querido mostrar una mano en el juego de cartas. \u00c9l quiere mostrar que trae una mano con muchas opciones, con muchas alternativas para escoger, lo cual es cierto. Podr\u00eda pedirle a todo su gabinete que se destape si quiere, pero aqu\u00ed no solo se trata de buenos deseos sino de capital pol\u00edtico\u201d, coment\u00f3.<\/p>\n\n\n\n<p>La justificaci\u00f3n que Barbosa Huerta dio para &#8216;calentar&#8217; la sucesi\u00f3n gubernamental y que tiene que ver que dos personajes que ya iban adelantados: el senador&nbsp;<strong>Alejandro Armenta Mier<\/strong>&nbsp;y su primo, el coordinador de los diputados federales de Morena,&nbsp;<strong>Ignacio Mier Velazco<\/strong>. Ambos, con con sus cargos por delante, han ha recorrido y promocionando su imagen en los municipios que conforman la entidad desde el a\u00f1o pasado.https:\/\/67012aeef9847403640f8493d739a92c.safeframe.googlesyndication.com\/safeframe\/1-0-38\/html\/container.html<\/p>\n\n\n\n<h2 class=\"wp-block-heading\">\u00bfQu\u00e9 est\u00e1 en juego en Puebla?<\/h2>\n\n\n\n<p>Al igual que a nivel federal, lo que est\u00e1 en juego en la elecci\u00f3n del 2024 es la continuidad de Morena en el poder o el regreso de la oposici\u00f3n.<\/p>\n\n\n\n<p>Aunque a nivel local, el gobernador Barbosa ya trabaja para incidir en qui\u00e9n ser\u00e1 su sucesor, Roberto Alonso cree que todo depender\u00e1 de lo que decida L\u00f3pez Obrador, de acuerdo a los c\u00e1lculos que se hagan para retener el poder en la entidad.https:\/\/67012aeef9847403640f8493d739a92c.safeframe.googlesyndication.com\/safeframe\/1-0-38\/html\/container.html<\/p>\n\n\n\n<p>\u201cYo creo que al final, el gobernador, por muchos intereses que tenga, le tiene una lealtad evidente a L\u00f3pez Obrador y es muy probable que termine cediendo la decisi\u00f3n. Entonces, claramente \u00e9l va a tener a sus&nbsp;<em>delfines<\/em>, a sus preferencias, pero no s\u00e9 si realmente vaya a imponerlas porque dependen de los c\u00e1lculos que se hagan en Palacio Nacional, en el entendido que, en 2024, tanto en Puebla como en otras entidades donde hay elecciones para gobernador, hay dos opciones: votar por la continuidad de la cuarta transformaci\u00f3n o sacar a Morena del poder\u201d, dijo en entrevista.<\/p>\n\n\n\n<p>El listado nominal actual de Puebla es de 4 millones 703,681 electores.<\/p>\n\n\n\n<h2 class=\"wp-block-heading\">\u00bfQui\u00e9n es qui\u00e9n en los destapes por la gubernatura de Puebla?<\/h2>\n\n\n\n<p>Los del c\u00edrculos cercano al gobernador Miguel Barbosa:<\/p>\n\n\n\n<h3 class=\"wp-block-heading\"><strong>Sergio Salom\u00f3n C\u00e9spedes<\/strong><\/h3>\n\n\n\n<p>\u2013 Diputado local por Morena en la LXI Legislatura (2021-2024).<br>\u2013 Actualmente es presidente de la Junta de Gobierno y Coordinaci\u00f3n Pol\u00edtica (Jugocopo).<br>\u2013 Fue electo presidente de Tepeaca para el periodo 2018-2021 pero pidi\u00f3 licencia para buscar la diputaci\u00f3n.<br>\u2013 Diputado local del PRI y sin partido en Puebla en la LIX Legislatura (2014-2018).<br>\u2013 Presidente de la Mesa Directiva del Congreso de Puebla (agosto 2015 a enero 2016).<br>\u2013 Milita en Morena desde 2018.<br>\u2013 Forma parte del primer c\u00edrculo del gobernador Barbosa.<\/p>\n\n\n\n<figure class=\"wp-block-embed is-type-rich is-provider-twitter wp-block-embed-twitter\"><div class=\"wp-block-embed__wrapper\">\n<blockquote class=\"twitter-tweet\" data-width=\"500\" data-dnt=\"true\"><p lang=\"es\" dir=\"ltr\">Me llen\u00f3 de muchos recuerdos y al mismo tiempo de alegr\u00eda, acudir al aniversario #28 de la Central de Abasto de San Salvador Huixcolotla. <br>El conocer y poder platicar con la mesa directiva, al mismo tiempo que con sus comerciantes, (1-2) <a href=\"https:\/\/t.co\/wyCMEuwVTe\">pic.twitter.com\/wyCMEuwVTe<\/a><\/p>&mdash; Sergio Salom\u00f3n (@SergioSalomonC) <a href=\"https:\/\/twitter.com\/SergioSalomonC\/status\/1545871359376560128?ref_src=twsrc%5Etfw\">July 9, 2022<\/a><\/blockquote><script async src=\"https:\/\/platform.twitter.com\/widgets.js\" charset=\"utf-8\"><\/script>\n<\/div><\/figure>\n\n\n\n<h3 class=\"wp-block-heading\"><strong>Gabriel Biestro Medinilla<\/strong><\/h3>\n\n\n\n<p>\u2013 Secretario de Trabajo desde enero de 2022.<br>\u2013 Diputado en Puebla en la LX Legislatura (2018-2021).<br>\u2013 Busc\u00f3 ser candidato de Morena por la presidencia de Puebla capital en 2021 pero no lo logr\u00f3.<br>\u2013 Presidente del Comit\u00e9 Ejecutivo Estatal de Morena en Puebla en 2015.<br>\u2013 Representante de Morena ante el Instituto Nacional Electoral (INE) en 2015.<br>\u2013 Presidente del Consejo Estatal de Morena en 2014.<br>\u2013 Organizador de la asamblea para la constituci\u00f3n de Morena en Puebla (2012).<br>\u2013 Fundador del Movimiento de Regeneraci\u00f3n Nacional (Morena) desde 2011.<br>\u2013 Forma parte del primer c\u00edrculo del gobernador Barbosa.<\/p>\n\n\n\n<figure class=\"wp-block-embed is-type-rich is-provider-twitter wp-block-embed-twitter\"><div class=\"wp-block-embed__wrapper\">\nhttps:\/\/twitter.com\/Biestro\/status\/1526694178876493832?ref_src=twsrc%5Etfw%7Ctwcamp%5Etweetembed%7Ctwterm%5E1526694178876493832%7Ctwgr%5E%7Ctwcon%5Es1_c10&#038;ref_url=https%3A%2F%2Fpolitica.expansion.mx%2Festados%2F2022%2F07%2F12%2Felecciones-puebla-2024-destape-aspirantes-gubernatura\n<\/div><\/figure>\n\n\n\n<h3 class=\"wp-block-heading\"><strong>Melit\u00f3n Lozano<\/strong><\/h3>\n\n\n\n<p>\u2013Es secretario de Educaci\u00f3n P\u00fablica desde agosto de 2019.<br>\u2013Electo presidente de Iz\u00facar de Matamoros (2018-2021) pero pidi\u00f3 licencia para integrarse al gabinete de Miguel Barbosa.<br>\u2013 Fue diputado local de Puebla en la LVI Legislatura (2008-2011).<br>\u2013 Presidente municipal de Iz\u00facar de Matamoros por el PRD (2002-2005).<br>\u2013 Milita en Morena desde 2017. Antes, estuvo afiliado al PRD.<br>\u2013Forma parte del primer c\u00edrculo del gobernador Barbosa.<\/p>\n\n\n\n<figure class=\"wp-block-embed is-type-rich is-provider-twitter wp-block-embed-twitter\"><div class=\"wp-block-embed__wrapper\">\nhttps:\/\/twitter.com\/MelitonLozano\/status\/1544844267075432448?ref_src=twsrc%5Etfw%7Ctwcamp%5Etweetembed%7Ctwterm%5E1544844267075432448%7Ctwgr%5E%7Ctwcon%5Es1_c10&#038;ref_url=https%3A%2F%2Fpolitica.expansion.mx%2Festados%2F2022%2F07%2F12%2Felecciones-puebla-2024-destape-aspirantes-gubernatura\n<\/div><\/figure>\n\n\n\n<h3 class=\"wp-block-heading\"><strong>Olivia Salom\u00f3n Vivaldo<\/strong><\/h3>\n\n\n\n<p>\u2013 Es secretaria de Econom\u00eda desde agosto de 2019.<br>\u2013 Fue directora del Club de Golf y residencial La Vista Country Club de enero del 2003 a agosto del 2019.<br>\u2013 Directora de la empresa Promotores Inmobiliarios.<br>\u2013 Integrante del Consejo de Administraci\u00f3n de Privilege Magazine y Consejera Nafinsa.<br>\u2013 Miembro del patronato del equipo Pericos de Puebla de 2008 a 2014.<br>\u2013 Se trata de un perfil empresarial y calificada por el gobernador como \u201cmuy eficiente\u201d.<br>\u2013 No milita en alg\u00fan partido pol\u00edtico.<\/p>\n\n\n\n<figure class=\"wp-block-embed is-type-rich is-provider-twitter wp-block-embed-twitter\"><div class=\"wp-block-embed__wrapper\">\n<blockquote class=\"twitter-tweet\" data-width=\"500\" data-dnt=\"true\"><p lang=\"es\" dir=\"ltr\"><a href=\"https:\/\/twitter.com\/hashtag\/1erEjedeGobierno?src=hash&amp;ref_src=twsrc%5Etfw\">#1erEjedeGobierno<\/a> l Reactivaci\u00f3n Econ\u00f3mica<br>La Secretaria de Econom\u00eda del Estado de Puebla, Olivia Salom\u00f3n Vivaldo y el Presidente Municipal, Mtro. Jos\u00e9 Huerta Espinoza suman esfuerzos y generan una mesa de trabajo con empresarios marmoleros de Tepeaca&#8230; <a href=\"https:\/\/t.co\/flGjUFBf5A\">pic.twitter.com\/flGjUFBf5A<\/a><\/p>&mdash; H. Ayuntamiento de Tepeaca (@TepeacaAyto) <a href=\"https:\/\/twitter.com\/TepeacaAyto\/status\/1539685320014196736?ref_src=twsrc%5Etfw\">June 22, 2022<\/a><\/blockquote><script async src=\"https:\/\/platform.twitter.com\/widgets.js\" charset=\"utf-8\"><\/script>\n<\/div><\/figure>\n\n\n\n<h3 class=\"wp-block-heading\"><strong>Los primos que buscan la gubernatura<\/strong><\/h3>\n\n\n\n<p>De acuerdo con polit\u00f3logos entrevistados por&nbsp;<em>Expansi\u00f3n Pol\u00edtica<\/em>, otra forma de interpretar estos destapes adelantados es terminar con la idea que se estaba generando en el c\u00edrculo pol\u00edtico en Puebla, sobre que la disputa interna en Morena \u00fanicamente iba a estar entre dos expriistas:&nbsp;<strong>Alejandro Armenta<\/strong>&nbsp;e&nbsp;<strong>Ignacio Mier<\/strong>.<\/p>\n\n\n\n<p>En el caso del senador Armenta, actual presiente de la Comisi\u00f3n de Hacienda de la C\u00e1mara de Diputados, el polit\u00f3logo considera, que es quien m\u00e1s ventaja lleva ya que desde a\u00f1os viene trabajando estructuras, mientras que Ignacio Mier se debilitado a ra\u00edz de la detenci\u00f3n de su principal socio el 21 de mayo pasado, Arturo Rueda, director de Diario Cambio, acusado de los delitos de extorsi\u00f3n y operaciones con recursos de procedencia il\u00edcita.<\/p>\n\n\n\n<p>Eso, aunado a que el diputado federal no ha entregado buenas cuentas al presidente al haber perdido como delegado la gubernatura de Durango en la elecci\u00f3n de este a\u00f1o y no haber conseguido consensos para aprobar la reforma el\u00e9ctrica.<\/p>\n\n\n\n<h3 class=\"wp-block-heading\">Alejandro Armenta Mier<\/h3>\n\n\n\n<p>-Senador de la Rep\u00fablica por Morena<br>\u2013 Milita en Morena desde 2017.<br>\u2013 Milit\u00f3 en el PRI entre 1990 al 2017.<br>\u2013 Actualmente es Senador de la Rep\u00fablica (2018-2024). Presidente de la Comisi\u00f3n de Hacienda y Cr\u00e9dito P\u00fablico.<br>\u2013 Busc\u00f3 ser candidato a gobernador por Morena en 2019.<br>\u2013 Fue diputado federal de la LXIII Legislatura (2015-2018).<br>\u2013 Director general del Registro Nacional de Poblaci\u00f3n (Renapo) (2012-2015).<br>\u2013 Presidente del PRI en Puebla (2008-2010).<br>\u2013 Secretario de Desarrollo Social de Puebla entre 2006 y 2008 con Mario Mar\u00edn Torres.<br>\u2013 Diputado local en la LV Legislatura (2002-2005).<br>\u2013 Secretario general del PRI en Puebla (2004-2005).<br>\u2013 Presidente municipal de Acatzingo (1993-1996).<\/p>\n\n\n\n<figure class=\"wp-block-embed is-type-rich is-provider-twitter wp-block-embed-twitter\"><div class=\"wp-block-embed__wrapper\">\n<blockquote class=\"twitter-tweet\" data-width=\"500\" data-dnt=\"true\"><p lang=\"es\" dir=\"ltr\">En este inicio de semana, asistimos al sur de la capital poblana, al Centro Escolar Gustavo D\u00edaz Ordaz. <br><br>Cuidar el medio ambiente es responsabilidad de todas y todos.<br> <br>\u00a1Sigamos <a href=\"https:\/\/twitter.com\/hashtag\/sembrandoEsperanza?src=hash&amp;ref_src=twsrc%5Etfw\">#sembrandoEsperanza<\/a>! <a href=\"https:\/\/t.co\/E5l3zR1V8t\">pic.twitter.com\/E5l3zR1V8t<\/a><\/p>&mdash; Alejandro Armenta (@armentapuebla_) <a href=\"https:\/\/twitter.com\/armentapuebla_\/status\/1546569456041672704?ref_src=twsrc%5Etfw\">July 11, 2022<\/a><\/blockquote><script async src=\"https:\/\/platform.twitter.com\/widgets.js\" charset=\"utf-8\"><\/script>\n<\/div><\/figure>\n\n\n\n<h3 class=\"wp-block-heading\"><strong>gnacio Mier Velazco<\/strong><\/h3>\n\n\n\n<p>&#8211; Coordinador de los diputados federales de Morena<br>\u2013 Est\u00e1 en su segundo periodo como diputado federal plurinominal por Morena. Actualmente es coordinador de la bancada.<br>\u2013 Milita en Morena desde 2017.<br>\u2013 Milit\u00f3 en el PRI de 1993 a 2006.<br>\u2013 Fue delegado de Morena en Durango en la elecci\u00f3n de 2018 y 2022. Sus candidatos perdieron.<br>\u2013 Diputado local suplente en Puebla en la LVIII Legislatura.<br>\u2013 Candidato a senador de la Rep\u00fablica por el PRD, PT y Convergencia en 2006.<br>\u2013 Secretario General del Ayuntamiento de Puebla (2005-2008).<br>\u2013 Diputado federal por el PRI en la LVII Legislatura (1997-2000).<br>\u2013 Presidente del PRI en Puebla (1995-1996).<br>\u2013 Diputado local de Puebla en la LII Legislatura (1993-1996).<br>\u2013 Tiene una investigaci\u00f3n en contra por operaciones con recursos de procedencia il\u00edcita.<\/p>\n\n\n\n<figure class=\"wp-block-embed is-type-rich is-provider-twitter wp-block-embed-twitter\"><div class=\"wp-block-embed__wrapper\">\nhttps:\/\/twitter.com\/NachoMierV\/status\/1543365346094186497?ref_src=twsrc%5Etfw%7Ctwcamp%5Etweetembed%7Ctwterm%5E1543365346094186497%7Ctwgr%5E%7Ctwcon%5Es1_c10&#038;ref_url=https%3A%2F%2Fpolitica.expansion.mx%2Festados%2F2022%2F07%2F12%2Felecciones-puebla-2024-destape-aspirantes-gubernatura\n<\/div><\/figure>\n\n\n\n<p>Fuente: https:\/\/politica.expansion.mx\/estados\/2022\/07\/12\/elecciones-puebla-2024-destape-aspirantes-gubernatura<\/p>\n","protected":false},"excerpt":{"rendered":"<p>Al igual que en la sucesi\u00f3n presidencial, el gobernador de Puebla, Miguel Barbosa, abri\u00f3 la contienda por la renovaci\u00f3n de [&hellip;]<\/p>\n","protected":false},"author":1,"featured_media":32007,"comment_status":"open","ping_status":"open","sticky":false,"template":"","format":"standard","meta":{"site-sidebar-layout":"default","site-content-layout":"","ast-site-content-layout":"default","site-content-style":"default","site-sidebar-style":"default","ast-global-header-display":"","ast-banner-title-visibility":"","ast-main-header-display":"","ast-hfb-above-header-display":"","ast-hfb-below-header-display":"","ast-hfb-mobile-header-display":"","site-post-title":"","ast-breadcrumbs-content":"","ast-featured-img":"","footer-sml-layout":"","theme-transparent-header-meta":"","adv-header-id-meta":"","stick-header-meta":"","header-above-stick-meta":"","header-main-stick-meta":"","header-below-stick-meta":"","astra-migrate-meta-layouts":"default","ast-page-background-enabled":"default","ast-page-background-meta":{"desktop":{"background-color":"var(--ast-global-color-4)","background-image":"","background-repeat":"repeat","background-position":"center center","background-size":"auto","background-attachment":"scroll","background-type":"","background-media":"","overlay-type":"","overlay-color":"","overlay-opacity":"","overlay-gradient":""},"tablet":{"background-color":"","background-image":"","background-repeat":"repeat","background-position":"center center","background-size":"auto","background-attachment":"scroll","background-type":"","background-media":"","overlay-type":"","overlay-color":"","overlay-opacity":"","overlay-gradient":""},"mobile":{"background-color":"","background-image":"","background-repeat":"repeat","background-position":"center center","background-size":"auto","background-attachment":"scroll","background-type":"","background-media":"","overlay-type":"","overlay-color":"","overlay-opacity":"","overlay-gradient":""}},"ast-content-background-meta":{"desktop":{"background-color":"var(--ast-global-color-5)","background-image":"","background-repeat":"repeat","background-position":"center center","background-size":"auto","background-attachment":"scroll","background-type":"","background-media":"","overlay-type":"","overlay-color":"","overlay-opacity":"","overlay-gradient":""},"tablet":{"background-color":"var(--ast-global-color-5)","background-image":"","background-repeat":"repeat","background-position":"center center","background-size":"auto","background-attachment":"scroll","background-type":"","background-media":"","overlay-type":"","overlay-color":"","overlay-opacity":"","overlay-gradient":""},"mobile":{"background-color":"var(--ast-global-color-5)","background-image":"","background-repeat":"repeat","background-position":"center center","background-size":"auto","background-attachment":"scroll","background-type":"","background-media":"","overlay-type":"","overlay-color":"","overlay-opacity":"","overlay-gradient":""}},"footnotes":""},"categories":[8],"tags":[73,9064],"class_list":["post-32006","post","type-post","status-publish","format-standard","has-post-thumbnail","hentry","category-noticias","tag-miguel-barbosa","tag-puebla-elecciones-2024"],"_links":{"self":[{"href":"https:\/\/losperiodistas.com.mx\/portal\/wp-json\/wp\/v2\/posts\/32006","targetHints":{"allow":["GET"]}}],"collection":[{"href":"https:\/\/losperiodistas.com.mx\/portal\/wp-json\/wp\/v2\/posts"}],"about":[{"href":"https:\/\/losperiodistas.com.mx\/portal\/wp-json\/wp\/v2\/types\/post"}],"author":[{"embeddable":true,"href":"https:\/\/losperiodistas.com.mx\/portal\/wp-json\/wp\/v2\/users\/1"}],"replies":[{"embeddable":true,"href":"https:\/\/losperiodistas.com.mx\/portal\/wp-json\/wp\/v2\/comments?post=32006"}],"version-history":[{"count":1,"href":"https:\/\/losperiodistas.com.mx\/portal\/wp-json\/wp\/v2\/posts\/32006\/revisions"}],"predecessor-version":[{"id":32010,"href":"https:\/\/losperiodistas.com.mx\/portal\/wp-json\/wp\/v2\/posts\/32006\/revisions\/32010"}],"wp:featuredmedia":[{"embeddable":true,"href":"https:\/\/losperiodistas.com.mx\/portal\/wp-json\/wp\/v2\/media\/32007"}],"wp:attachment":[{"href":"https:\/\/losperiodistas.com.mx\/portal\/wp-json\/wp\/v2\/media?parent=32006"}],"wp:term":[{"taxonomy":"category","embeddable":true,"href":"https:\/\/losperiodistas.com.mx\/portal\/wp-json\/wp\/v2\/categories?post=32006"},{"taxonomy":"post_tag","embeddable":true,"href":"https:\/\/losperiodistas.com.mx\/portal\/wp-json\/wp\/v2\/tags?post=32006"}],"curies":[{"name":"wp","href":"https:\/\/api.w.org\/{rel}","templated":true}]}}