{"id":31993,"date":"2022-07-13T07:49:23","date_gmt":"2022-07-13T12:49:23","guid":{"rendered":"http:\/\/losperiodistas.com.mx\/portal\/?p=31993"},"modified":"2022-07-13T07:53:10","modified_gmt":"2022-07-13T12:53:10","slug":"tres-mujeres-nombradas-en-el-dicasterio-para-los-obispos","status":"publish","type":"post","link":"https:\/\/losperiodistas.com.mx\/portal\/tres-mujeres-nombradas-en-el-dicasterio-para-los-obispos\/","title":{"rendered":"Tres mujeres nombradas en el Dicasterio para los Obispos | Vatican News"},"content":{"rendered":"\n<p>La Oficina de Prensa de la Santa Sede difundi\u00f3 los nombramientos de miembros del Dicasterio este mi\u00e9rcoles 13 de julio.<\/p>\n\n\n\n<p><\/p>\n\n\n\n<figure class=\"wp-block-image size-large is-style-default\"><img fetchpriority=\"high\" decoding=\"async\" width=\"1024\" height=\"645\" src=\"https:\/\/losperiodistas.com.mx\/portal\/wp-content\/uploads\/2022\/07\/Captura-de-Pantalla-2022-07-13-a-las-7.47.25-1024x645.jpg\" alt=\"\" class=\"wp-image-31994\" srcset=\"https:\/\/losperiodistas.com.mx\/portal\/wp-content\/uploads\/2022\/07\/Captura-de-Pantalla-2022-07-13-a-las-7.47.25-1024x645.jpg 1024w, https:\/\/losperiodistas.com.mx\/portal\/wp-content\/uploads\/2022\/07\/Captura-de-Pantalla-2022-07-13-a-las-7.47.25-300x189.jpg 300w, https:\/\/losperiodistas.com.mx\/portal\/wp-content\/uploads\/2022\/07\/Captura-de-Pantalla-2022-07-13-a-las-7.47.25-768x484.jpg 768w, https:\/\/losperiodistas.com.mx\/portal\/wp-content\/uploads\/2022\/07\/Captura-de-Pantalla-2022-07-13-a-las-7.47.25.jpg 1498w\" sizes=\"(max-width: 1024px) 100vw, 1024px\" \/><\/figure>\n\n\n\n<p><\/p>\n\n\n\n<p class=\"has-vivid-cyan-blue-color has-text-color has-medium-font-size\">VATICAN NEWS<\/p>\n\n\n\n<p>Por primera vez, el Santo Padre ha nombrado, entre los miembros del Dicasterio para los Obispos, a tres mujeres. Se trata de la Hna. Raffaella Petrini, F.S.E, Secretaria General del Governatorato del Estado Ciudad del Vaticano; la Hna. Yvonne Reungoat, F.M.A, otrora Superiora General de las Hijas de Mar\u00eda Auxiliadora, y la Dra. Mar\u00eda L\u00eda Zervino, Presidenta de la Uni\u00f3n Mundial de las Organizaciones Femeninas Cat\u00f3licas. La&nbsp;<a href=\"https:\/\/press.vatican.va\/content\/salastampa\/it\/bollettino\/pubblico\/2022\/07\/13\/0533\/01074.html\">informaci\u00f3n<\/a>&nbsp;fue publicada este mi\u00e9rcoles 13 de julio por la Oficina de Prensa de la Santa Sede.<\/p>\n\n\n\n<p>Los otros miembros nombrados son: los Cardenales&nbsp;<strong>Anders Arborelius<\/strong>, O.C.D., Obispo de Estocolmo;&nbsp;<strong>Jose F. Advincula<\/strong>, Arzobispo de Manila (Filipinas);&nbsp;<strong>Jos\u00e9 Tolentino de Mendon\u00e7a<\/strong>, Archiv\u00f3logo y Bibliotecario de Santa Romana Chiesa;&nbsp;<strong>Mario Grech<\/strong>, Secretario General del S\u00ednodo de los Obispos; los Monse\u00f1ores&nbsp;<strong>Arthur Roche<\/strong>, Prefecto del Dicasterio para el Culto Divino y la Disciplina de los Sacramentos;&nbsp;<strong>Lazzaro You Heung-sik<\/strong>, Prefecto del Dicasterio para el Clero;&nbsp;<strong>Jean-Marc Aveline<\/strong>, Arzobispo de Marsella (Francia);&nbsp;<strong>Oscar Cantoni<\/strong>, Obispo de Como (Italia);&nbsp;<strong>Dra\u017een Kutle\u0161a<\/strong>, Arzobispo de Split-Makarska (Croacia), y&nbsp;<strong>Paul Desmond Tighe<\/strong>, Secretario del otrora Pontificio Consejo de la Cultura; el Padre&nbsp;<strong>Donato Ogliari<\/strong>, O.S.B., Abad de la Abad\u00eda de San Pablo Extramuros y Administrador Apost\u00f3lico de la Abad\u00eda Territorial de Montecassino (Italia).<\/p>\n\n\n\n<h2 class=\"wp-block-heading\">Una idea previamente informada<\/h2>\n\n\n\n<p>El Obispo de Roma ya hab\u00eda anunciado, en una extensa entrevista concedida al periodista Phil Pullella de la agencia de noticias Reuters y hecha p\u00fablica la semana pasada en cinco entregas, que nombrar\u00eda mujeres en el Dicasterio para los Obispos. Lo hizo al responder una pregunta sobre la presencia femenina en el Vaticano.<\/p>\n\n\n\n<p>En dicha conversaci\u00f3n, el Sucesor de Pedro record\u00f3 que el a\u00f1o pasado, por primera vez, nombr\u00f3 a una mujer para el puesto de n\u00famero dos de la Gobernaci\u00f3n de la Ciudad del Vaticano, Sor Raffaella Petrini. Adem\u00e1s, Francisco eligi\u00f3 a la hermana Nathalie Becquart, religiosa francesa de las Hermanas Misioneras de Xaviere, como subsecretaria del S\u00ednodo de los Obispos, y a la hermana Alessandra Smerilli, de las Hijas de Mar\u00eda Auxiliadora, como n\u00famero dos del Dicasterio para el Servicio del Desarrollo Humano Integral, y en el Dicasterio de Religiosos, la hermana Carmen Ros Norten es subsecretaria.<\/p>\n\n\n\n<p>Entre las mujeres laicas que ya ocupan cargos de alto nivel en el Vaticano se encuentran Francesca Di Giovanni, subsecretaria del Sector Multilateral de la Secci\u00f3n de Relaciones con los Estados y Organizaciones Internacionales de la Secretar\u00eda de Estado; Barbara Jatta, primera mujer directora de los Museos Vaticanos; Linda Ghisoni y Gabriella Gambino, ambas subsecretarias del dicasterio para los Laicos, la Familia y la Vida; la profesora Emilce Cuda, secretaria de la Comisi\u00f3n Pontificia para Am\u00e9rica Latina; Nata\u0161a Govekar, directora de la Direcci\u00f3n Teol\u00f3gica y Pastoral del Dicasterio para la Comunicaci\u00f3n; y Cristiane Murray, subdirectora de la Oficina de Prensa de la Santa Sede. Todas ellas fueron designadas por Francisco.<\/p>\n\n\n\n<p>Fuente: https:\/\/www.vaticannews.va\/es\/papa\/news\/2022-07\/nombramiento-dicasterioparalosobispos-tresmujeres.html<\/p>\n","protected":false},"excerpt":{"rendered":"<p>La Oficina de Prensa de la Santa Sede difundi\u00f3 los nombramientos de miembros del Dicasterio este mi\u00e9rcoles 13 de julio. [&hellip;]<\/p>\n","protected":false},"author":1,"featured_media":31994,"comment_status":"open","ping_status":"open","sticky":false,"template":"","format":"standard","meta":{"site-sidebar-layout":"default","site-content-layout":"","ast-site-content-layout":"default","site-content-style":"default","site-sidebar-style":"default","ast-global-header-display":"","ast-banner-title-visibility":"","ast-main-header-display":"","ast-hfb-above-header-display":"","ast-hfb-below-header-display":"","ast-hfb-mobile-header-display":"","site-post-title":"","ast-breadcrumbs-content":"","ast-featured-img":"","footer-sml-layout":"","theme-transparent-header-meta":"","adv-header-id-meta":"","stick-header-meta":"","header-above-stick-meta":"","header-main-stick-meta":"","header-below-stick-meta":"","astra-migrate-meta-layouts":"default","ast-page-background-enabled":"default","ast-page-background-meta":{"desktop":{"background-color":"var(--ast-global-color-4)","background-image":"","background-repeat":"repeat","background-position":"center center","background-size":"auto","background-attachment":"scroll","background-type":"","background-media":"","overlay-type":"","overlay-color":"","overlay-opacity":"","overlay-gradient":""},"tablet":{"background-color":"","background-image":"","background-repeat":"repeat","background-position":"center center","background-size":"auto","background-attachment":"scroll","background-type":"","background-media":"","overlay-type":"","overlay-color":"","overlay-opacity":"","overlay-gradient":""},"mobile":{"background-color":"","background-image":"","background-repeat":"repeat","background-position":"center center","background-size":"auto","background-attachment":"scroll","background-type":"","background-media":"","overlay-type":"","overlay-color":"","overlay-opacity":"","overlay-gradient":""}},"ast-content-background-meta":{"desktop":{"background-color":"var(--ast-global-color-5)","background-image":"","background-repeat":"repeat","background-position":"center center","background-size":"auto","background-attachment":"scroll","background-type":"","background-media":"","overlay-type":"","overlay-color":"","overlay-opacity":"","overlay-gradient":""},"tablet":{"background-color":"var(--ast-global-color-5)","background-image":"","background-repeat":"repeat","background-position":"center center","background-size":"auto","background-attachment":"scroll","background-type":"","background-media":"","overlay-type":"","overlay-color":"","overlay-opacity":"","overlay-gradient":""},"mobile":{"background-color":"var(--ast-global-color-5)","background-image":"","background-repeat":"repeat","background-position":"center center","background-size":"auto","background-attachment":"scroll","background-type":"","background-media":"","overlay-type":"","overlay-color":"","overlay-opacity":"","overlay-gradient":""}},"footnotes":""},"categories":[8],"tags":[11338,196],"class_list":["post-31993","post","type-post","status-publish","format-standard","has-post-thumbnail","hentry","category-noticias","tag-mujeres-vaticano-dicasterio-para-los-obispos","tag-papa-francisco"],"_links":{"self":[{"href":"https:\/\/losperiodistas.com.mx\/portal\/wp-json\/wp\/v2\/posts\/31993","targetHints":{"allow":["GET"]}}],"collection":[{"href":"https:\/\/losperiodistas.com.mx\/portal\/wp-json\/wp\/v2\/posts"}],"about":[{"href":"https:\/\/losperiodistas.com.mx\/portal\/wp-json\/wp\/v2\/types\/post"}],"author":[{"embeddable":true,"href":"https:\/\/losperiodistas.com.mx\/portal\/wp-json\/wp\/v2\/users\/1"}],"replies":[{"embeddable":true,"href":"https:\/\/losperiodistas.com.mx\/portal\/wp-json\/wp\/v2\/comments?post=31993"}],"version-history":[{"count":2,"href":"https:\/\/losperiodistas.com.mx\/portal\/wp-json\/wp\/v2\/posts\/31993\/revisions"}],"predecessor-version":[{"id":31996,"href":"https:\/\/losperiodistas.com.mx\/portal\/wp-json\/wp\/v2\/posts\/31993\/revisions\/31996"}],"wp:featuredmedia":[{"embeddable":true,"href":"https:\/\/losperiodistas.com.mx\/portal\/wp-json\/wp\/v2\/media\/31994"}],"wp:attachment":[{"href":"https:\/\/losperiodistas.com.mx\/portal\/wp-json\/wp\/v2\/media?parent=31993"}],"wp:term":[{"taxonomy":"category","embeddable":true,"href":"https:\/\/losperiodistas.com.mx\/portal\/wp-json\/wp\/v2\/categories?post=31993"},{"taxonomy":"post_tag","embeddable":true,"href":"https:\/\/losperiodistas.com.mx\/portal\/wp-json\/wp\/v2\/tags?post=31993"}],"curies":[{"name":"wp","href":"https:\/\/api.w.org\/{rel}","templated":true}]}}