{"id":31989,"date":"2022-07-13T07:32:57","date_gmt":"2022-07-13T12:32:57","guid":{"rendered":"http:\/\/losperiodistas.com.mx\/portal\/?p=31989"},"modified":"2022-07-13T07:33:51","modified_gmt":"2022-07-13T12:33:51","slug":"yo-me-quedo-aqui-me-vale-madre-lo-que-digan-esto-declaro-alito-en-su-nuevo-y-ultimo-audio","status":"publish","type":"post","link":"https:\/\/losperiodistas.com.mx\/portal\/yo-me-quedo-aqui-me-vale-madre-lo-que-digan-esto-declaro-alito-en-su-nuevo-y-ultimo-audio\/","title":{"rendered":"\u00abYo me quedo aqu\u00ed, me vale madre lo que digan\u00bb: esto declar\u00f3 \u00abAlito\u00bb en su nuevo y \u00faltimo audio | Proceso"},"content":{"rendered":"\n<p><em>Layda Sansores anuncia que \u00e9sta es la \u00faltima grabaci\u00f3n que presenta en El Martes del Jaguar; se escucha ah\u00ed al l\u00edder nacional en una reuni\u00f3n con su hom\u00f3logo panista Marko Cort\u00e9s<\/em><\/p>\n\n\n\n<figure class=\"wp-block-image size-full is-style-default\"><img fetchpriority=\"high\" decoding=\"async\" width=\"800\" height=\"450\" src=\"https:\/\/losperiodistas.com.mx\/portal\/wp-content\/uploads\/2022\/07\/f800x450-157883_209329_5050.jpeg\" alt=\"\" class=\"wp-image-31990\" srcset=\"https:\/\/losperiodistas.com.mx\/portal\/wp-content\/uploads\/2022\/07\/f800x450-157883_209329_5050.jpeg 800w, https:\/\/losperiodistas.com.mx\/portal\/wp-content\/uploads\/2022\/07\/f800x450-157883_209329_5050-300x169.jpeg 300w, https:\/\/losperiodistas.com.mx\/portal\/wp-content\/uploads\/2022\/07\/f800x450-157883_209329_5050-768x432.jpeg 768w\" sizes=\"(max-width: 800px) 100vw, 800px\" \/><figcaption>Alejandro Moreno. Foto: Miguel Dimayuga<\/figcaption><\/figure>\n\n\n\n<p class=\"has-vivid-cyan-blue-color has-text-color has-medium-font-size\">EZEQUIEL FLORES CONTRERAS \/ PROCESO<\/p>\n\n\n\n<p>CIUDAD DE M\u00c9XICO (apro).- El nuevo audio difundido por la gobernadora de Campeche, Layda Sansores San Rom\u00e1n, advierte que el dirigente nacional del PRI, Alejandro \u201cAlito\u201d Moreno C\u00e1rdenas se burla de sus opositores al interior del tricolor, argumentando que no dejar\u00e1 la dirigencia hasta el 2024 y que \u00e9l decidir\u00e1 la lista de candidaturas de ese a\u00f1o durante una reuni\u00f3n que sostuvo con el l\u00edder nacional del PAN, Marko Cort\u00e9s Mendoza.<\/p>\n\n\n\n<p>La mandataria morenista dijo que ser\u00e1 el \u00faltimo audio de Alito que es difundido en su programa televisivo, llamado Los Martes del Jaguar, y previamente hizo un recuento de las siete declaraciones del l\u00edder del tricolor donde lo mismo se mofa de empresarios, periodistas, de su amigo Manuel El G\u00fcero Velasco y exhibe a la empresa Televisa y la revista TV Notas.<\/p>\n\n\n\n<h5 class=\"wp-block-heading\">NOTICIAS RELACIONADAS<\/h5>\n\n\n\n<ul class=\"wp-block-list\"><li><a href=\"https:\/\/www.proceso.com.mx\/nacional\/2022\/7\/12\/alito-podria-difundir-fotos-intimas-de-diputadas-esten-alertas-dice-layda-sansores-289484.html\">\u201cAlito\u201d podr\u00eda difundir fotos \u00edntimas de diputadas, \u201cest\u00e9n alertas\u201d, dice Layda Sansores<\/a><\/li><li><a href=\"https:\/\/www.proceso.com.mx\/nacional\/estados\/2022\/7\/12\/layda-sansores-dejara-de-publicar-audios-de-alito-fiscal-niega-violar-la-presuncion-de-inocencia-289475.html\">Layda Sansores dejar\u00e1 de publicar audios de \u201cAlito\u201d; fiscal niega violar la presunci\u00f3n de inocencia<\/a><\/li><li><a href=\"https:\/\/www.proceso.com.mx\/reportajes\/2022\/7\/12\/la-division-en-el-partido-un-lastre-llamado-alito-289436.html\">La divisi\u00f3n en el partido y un lastre llamado \u00abAlito\u00bb<\/a><\/li><li><a href=\"https:\/\/www.proceso.com.mx\/nacional\/2022\/7\/12\/alito-renato-sales-prefiere-ir-martes-del-jaguar-con-sansores-que-garantizar-justicia-289471.html\">\u201cAlito\u201d: Renato Sales prefiere ir a Martes del Jaguar con Sansores que garantizar justicia<\/a><\/li><\/ul>\n\n\n\n<p>\u201cSe burla de los priistas&#8230; \u00a1Ya se quit\u00f3 la m\u00e1scara! S\u00ed a la gente de su mismo partido la enga\u00f1a y le roba, \u00a1qu\u00e9 puede esperar el pueblo campechano y todo el pueblo mexicano de una persona c\u00ednica y que no tiene verg\u00fcenza!\u201d, expres\u00f3 Sansores San Rom\u00e1n antes de difundir lo que ser\u00eda, el \u00faltimo audio de Alito.<\/p>\n\n\n\n<p>En esta ocasi\u00f3n, se trata de la grabaci\u00f3n de una una reuni\u00f3n que sostuvieron en 2021, los dirigentes del PRI y del PAN, Alejandro Moreno y Marko Cort\u00e9s, donde hablan acerca del proceso electoral intermedio de este a\u00f1o, espec\u00edficamente sobre la sucesi\u00f3n gubernamental de Tamaulipas y la elecci\u00f3n del 2024.<\/p>\n\n\n\n<p>\u201cQu\u00e9 bueno que te veo porque puta, luego uno no sabe y luego no me dicen. \u00bfCu\u00e1l es la ventaja que tengo? Hay tiempo para impulsar. Yo, primero Dios, si me da vida, seguir\u00e9 aqu\u00ed en el PRI hasta el 2024, \u00f3sea, a mi me va a tocar decidir la lista porque todos esos pendejos que andan all\u00e1 afuera (diciendo): `No, que si no dan resultados\u00b4, se van a la verga. Yo fui electo cuatro a\u00f1os, yo me quedo aqu\u00ed, me vale madre lo que digan\u201d, expres\u00f3 Alito.<\/p>\n\n\n\n<p>\u201cEntonces al final del camino, me toca la que viene, \u00f3sea, me toca construir la que viene, viene la sucesi\u00f3n en Tamaulipas tambi\u00e9n, y es el otro a\u00f1o, entonces, vamos a construir all\u00e1 y lo registro\u201d, agreg\u00f3 el dirigente del tricolor.<\/p>\n\n\n\n<p>Enseguida, Moreno C\u00e1rdenas le pide a una persona identificada como \u201cHomero\u201d de profesi\u00f3n \u201cNotario\u201d que registrara su n\u00famero telef\u00f3nico y lo mantenga al tanto de todo lo acontecido en Tamaulipas.<\/p>\n\n\n\n<p>\u201cOye, cualquier tema de Tamaulipas, oye este cabr\u00f3n, ah\u00ed me puedes mandar chingaderas, yo contesto todo\u201d, se\u00f1al\u00f3 Alito.<\/p>\n\n\n\n<p>Luego, se escucha la voz de Moreno C\u00e1rdenas decir: \u201cMarko, Vamos con madre\u201d y el l\u00edder del blanquiazul, revira: \u201cVamos con todo, con todo\u201d.<\/p>\n\n\n\n<figure class=\"wp-block-embed is-type-rich is-provider-twitter wp-block-embed-twitter\"><div class=\"wp-block-embed__wrapper\">\nhttps:\/\/twitter.com\/LaydaSansores\/status\/1547048437421678592?s=20&#038;t=0H7glBDVoI2BMnKlRUCDWQ\n<\/div><\/figure>\n\n\n\n<p>Fuente: https:\/\/www.proceso.com.mx\/nacional\/2022\/7\/12\/yo-me-quedo-aqui-me-vale-madre-lo-que-digan-esto-declaro-alito-en-su-nuevo-ultimo-audio-289482.html<\/p>\n","protected":false},"excerpt":{"rendered":"<p>Layda Sansores anuncia que \u00e9sta es la \u00faltima grabaci\u00f3n que presenta en El Martes del Jaguar; se escucha ah\u00ed al [&hellip;]<\/p>\n","protected":false},"author":1,"featured_media":31990,"comment_status":"open","ping_status":"open","sticky":false,"template":"","format":"standard","meta":{"site-sidebar-layout":"default","site-content-layout":"","ast-site-content-layout":"default","site-content-style":"default","site-sidebar-style":"default","ast-global-header-display":"","ast-banner-title-visibility":"","ast-main-header-display":"","ast-hfb-above-header-display":"","ast-hfb-below-header-display":"","ast-hfb-mobile-header-display":"","site-post-title":"","ast-breadcrumbs-content":"","ast-featured-img":"","footer-sml-layout":"","theme-transparent-header-meta":"","adv-header-id-meta":"","stick-header-meta":"","header-above-stick-meta":"","header-main-stick-meta":"","header-below-stick-meta":"","astra-migrate-meta-layouts":"default","ast-page-background-enabled":"default","ast-page-background-meta":{"desktop":{"background-color":"var(--ast-global-color-4)","background-image":"","background-repeat":"repeat","background-position":"center center","background-size":"auto","background-attachment":"scroll","background-type":"","background-media":"","overlay-type":"","overlay-color":"","overlay-opacity":"","overlay-gradient":""},"tablet":{"background-color":"","background-image":"","background-repeat":"repeat","background-position":"center center","background-size":"auto","background-attachment":"scroll","background-type":"","background-media":"","overlay-type":"","overlay-color":"","overlay-opacity":"","overlay-gradient":""},"mobile":{"background-color":"","background-image":"","background-repeat":"repeat","background-position":"center center","background-size":"auto","background-attachment":"scroll","background-type":"","background-media":"","overlay-type":"","overlay-color":"","overlay-opacity":"","overlay-gradient":""}},"ast-content-background-meta":{"desktop":{"background-color":"var(--ast-global-color-5)","background-image":"","background-repeat":"repeat","background-position":"center center","background-size":"auto","background-attachment":"scroll","background-type":"","background-media":"","overlay-type":"","overlay-color":"","overlay-opacity":"","overlay-gradient":""},"tablet":{"background-color":"var(--ast-global-color-5)","background-image":"","background-repeat":"repeat","background-position":"center center","background-size":"auto","background-attachment":"scroll","background-type":"","background-media":"","overlay-type":"","overlay-color":"","overlay-opacity":"","overlay-gradient":""},"mobile":{"background-color":"var(--ast-global-color-5)","background-image":"","background-repeat":"repeat","background-position":"center center","background-size":"auto","background-attachment":"scroll","background-type":"","background-media":"","overlay-type":"","overlay-color":"","overlay-opacity":"","overlay-gradient":""}},"footnotes":""},"categories":[8],"tags":[10782,3379,248,1978],"class_list":["post-31989","post","type-post","status-publish","format-standard","has-post-thumbnail","hentry","category-noticias","tag-alito-moreno","tag-layda-sansores","tag-pan","tag-pri"],"_links":{"self":[{"href":"https:\/\/losperiodistas.com.mx\/portal\/wp-json\/wp\/v2\/posts\/31989","targetHints":{"allow":["GET"]}}],"collection":[{"href":"https:\/\/losperiodistas.com.mx\/portal\/wp-json\/wp\/v2\/posts"}],"about":[{"href":"https:\/\/losperiodistas.com.mx\/portal\/wp-json\/wp\/v2\/types\/post"}],"author":[{"embeddable":true,"href":"https:\/\/losperiodistas.com.mx\/portal\/wp-json\/wp\/v2\/users\/1"}],"replies":[{"embeddable":true,"href":"https:\/\/losperiodistas.com.mx\/portal\/wp-json\/wp\/v2\/comments?post=31989"}],"version-history":[{"count":2,"href":"https:\/\/losperiodistas.com.mx\/portal\/wp-json\/wp\/v2\/posts\/31989\/revisions"}],"predecessor-version":[{"id":31992,"href":"https:\/\/losperiodistas.com.mx\/portal\/wp-json\/wp\/v2\/posts\/31989\/revisions\/31992"}],"wp:featuredmedia":[{"embeddable":true,"href":"https:\/\/losperiodistas.com.mx\/portal\/wp-json\/wp\/v2\/media\/31990"}],"wp:attachment":[{"href":"https:\/\/losperiodistas.com.mx\/portal\/wp-json\/wp\/v2\/media?parent=31989"}],"wp:term":[{"taxonomy":"category","embeddable":true,"href":"https:\/\/losperiodistas.com.mx\/portal\/wp-json\/wp\/v2\/categories?post=31989"},{"taxonomy":"post_tag","embeddable":true,"href":"https:\/\/losperiodistas.com.mx\/portal\/wp-json\/wp\/v2\/tags?post=31989"}],"curies":[{"name":"wp","href":"https:\/\/api.w.org\/{rel}","templated":true}]}}