{"id":31986,"date":"2022-07-13T07:21:29","date_gmt":"2022-07-13T12:21:29","guid":{"rendered":"http:\/\/losperiodistas.com.mx\/portal\/?p=31986"},"modified":"2022-07-13T07:21:30","modified_gmt":"2022-07-13T12:21:30","slug":"septimo-encierro-de-san-fermin-2022-los-toros-de-victoriano-del-rio-ponen-el-turbo-noticias-de-navarra","status":"publish","type":"post","link":"https:\/\/losperiodistas.com.mx\/portal\/septimo-encierro-de-san-fermin-2022-los-toros-de-victoriano-del-rio-ponen-el-turbo-noticias-de-navarra\/","title":{"rendered":"S\u00e9ptimo encierro de San Ferm\u00edn 2022: los toros de Victoriano del R\u00edo ponen el turbo | Noticias de Navarra"},"content":{"rendered":"\n<p><em>Los astados de Guadalix de la Sierra protagonizan la carrera m\u00e1s r\u00e1pida de las fiestas, con tensi\u00f3n en Mercaderes al arrollar a un mozo y en el coso pamplon\u00e9s al voltear a un inconsciente<\/em><\/p>\n\n\n\n<p><\/p>\n\n\n\n<figure class=\"wp-block-image size-large is-style-default\"><img fetchpriority=\"high\" decoding=\"async\" width=\"1024\" height=\"576\" src=\"https:\/\/losperiodistas.com.mx\/portal\/wp-content\/uploads\/2022\/07\/75429734-4623-4902-920a-1740019a8473_16-9-discover-aspect-ratio_default_0-1024x576.jpeg\" alt=\"\" class=\"wp-image-31987\" srcset=\"https:\/\/losperiodistas.com.mx\/portal\/wp-content\/uploads\/2022\/07\/75429734-4623-4902-920a-1740019a8473_16-9-discover-aspect-ratio_default_0-1024x576.jpeg 1024w, https:\/\/losperiodistas.com.mx\/portal\/wp-content\/uploads\/2022\/07\/75429734-4623-4902-920a-1740019a8473_16-9-discover-aspect-ratio_default_0-300x169.jpeg 300w, https:\/\/losperiodistas.com.mx\/portal\/wp-content\/uploads\/2022\/07\/75429734-4623-4902-920a-1740019a8473_16-9-discover-aspect-ratio_default_0-768x432.jpeg 768w, https:\/\/losperiodistas.com.mx\/portal\/wp-content\/uploads\/2022\/07\/75429734-4623-4902-920a-1740019a8473_16-9-discover-aspect-ratio_default_0.jpeg 1200w\" sizes=\"(max-width: 1024px) 100vw, 1024px\" \/><figcaption><em>A la izquierda, &#8216;Dulce&#8217; atropella a un mozo en Mercaderes (Foto: Juan Antonio Goikoetxea). A la derecha, un inconsciente volteado en la plaza (J.P. Urdiroz \/ EFE)<\/em>\u00a0JUAN ANTONIO GOIKOETXEA<\/figcaption><\/figure>\n\n\n\n<p class=\"has-vivid-cyan-blue-color has-text-color has-medium-font-size\">KEPA GARC\u00cdA \/ I.P.R. \/ NOTICIAS DE NAVARRA<\/p>\n\n\n\n<p>Los toros de&nbsp;<strong>Victoriano del R\u00edo<\/strong>&nbsp;han protagonizado este mi\u00e9rcoles en&nbsp;<strong>Pamplona&nbsp;<\/strong>el encierro m\u00e1s r\u00e1pido de los&nbsp;<strong>Sanfermines<\/strong>, con una manada r\u00e1pida y compacta durante todo el trayecto lo que ha dificultado las carreras de los mozos cerca de los astados, nobles y sin derrotes.<\/p>\n\n\n\n<p>Ha tenido una duraci\u00f3n de 2\u201914\u2019\u2019, pero ha sido m\u00e1s veloz de lo que indica el cron\u00f3metro ya que los 6 morlacos han entrado bastante antes a los corrales de la plaza a la espera de los cabestros, veloces pero no tanto.\u00a0<\/p>\n\n\n\n<p>Ha habido dos sustos gordos, en\u00a0<strong>Mercaderes\u00a0<\/strong>y en la arena de la\u00a0<strong>plaza<\/strong>, donde un inconsciente se ha jugado la existencia al levantarse delante de la manada, en vez de permanecer quieto en el suelo como debe hacerse en estas circunstancias.<\/p>\n\n\n\n<p><a href=\"https:\/\/www.noticiasdenavarra.com\/san-fermin\/2022\/07\/13\/parte-heridos-septimo-encierro-san-5808640.html\"><\/a><a href=\"https:\/\/www.noticiasdenavarra.com\/san-fermin\/2022\/07\/13\/parte-heridos-septimo-encierro-san-5808640.html\">Parte de heridos del s\u00e9ptimo encierro de San Ferm\u00edn, con toros de Victoriano del R\u00edo<\/a><a href=\"https:\/\/www.noticiasdenavarra.com\/autores\/jon-viedma.html\">Jon Viedma<\/a><\/p>\n\n\n\n<p>La carrera ha comenzado con los 6 toros de&nbsp;<strong>Victoriano del R\u00edo<\/strong>&nbsp;en compacta formaci\u00f3n, pero en seguida el toro negro bragado de nombre \u2018<strong>Dulce<\/strong>\u2019 se ha puesto al frente, ganando metros por la acera para susto de los mozos que habitualmente corren por ah\u00ed y que no esperaban ver sus astas tan cerca.<\/p>\n\n\n\n<p>El resto de la manada marchaba un poco por detr\u00e1s, pero sin perder velocidad en la llegada a la&nbsp;<strong>plaza Consistorial<\/strong>, donde los mozos han tratado de aguantar unos pocos metros cerca de los astados antes de tener que apartarse dado el ritmo alto y constante que ha llevado la carrera.<\/p>\n\n\n\n<p>En&nbsp;<strong>Mercaderes<\/strong>, \u2018Dulce\u2019 se ha llevado por delante a un mozo, al que ha lanzado por los aires a los pies de la manada que ven\u00eda unos pocos metros por detr\u00e1s.<\/p>\n\n\n\n<p>A diferencia del corredor de la plaza, \u00e9ste ha hecho lo que proced\u00eda: no tratar de levantarse y protegerse la cabeza. Eso le ha salvado.<\/p>\n\n\n\n<p>Los 6 \u2018Victorianos del R\u00edo\u2019 han tomado la curva de Mercaderes como expertos, como si conocieran la trazada perfecta para no perder velocidad y enfilar&nbsp;<strong>Estafeta&nbsp;<\/strong>manteniendo la formaci\u00f3n intacta.<a href=\"https:\/\/www.noticiasdenavarra.com\/san-fermin\/2022\/07\/13\/videos-mejores-fotos-septimo-encierro-5808772.html\"><\/a><a href=\"https:\/\/www.noticiasdenavarra.com\/san-fermin\/2022\/07\/13\/videos-mejores-fotos-septimo-encierro-5808772.html\">V\u00eddeos y las mejores fotos del s\u00e9ptimo encierro de San Ferm\u00edn, con toros de Victoriano del R\u00edo<\/a>DIARIO DE NOTICIAS<\/p>\n\n\n\n<p><strong>Al inicio de la calle&nbsp;<\/strong>se han vuelto a ver buenas carreras, pero s\u00f3lo en la cabeza, que segu\u00eda s\u00f3lida y compacta con cuatro morlacos abriendo la manada y los bueyes por detr\u00e1s, toda una delicia para los corredores.<\/p>\n\n\n\n<p>La ca\u00edda de varios mozos y de un toro negro a mitad de Estafeta abri\u00f3 un hueco que r\u00e1pidamente fue ocupado por los corredores, aunque dur\u00f3 poco ya que unos metros el toro ca\u00eddo pudo enlazar con el colorado que cerraba el&nbsp;<strong>convoy&nbsp;<\/strong>de&nbsp;<strong>alta velocidad<\/strong>.<\/p>\n\n\n\n<p>Al tramo de&nbsp;<strong>Telef\u00f3nica&nbsp;<\/strong>han llegado 4 \u2018victorianos\u2019 ocupando el ancho de la calle, tirando a bloque, pero sin amenazar a los corredores que iban cayendo por todas partes.<\/p>\n\n\n\n<p>La&nbsp;<strong>bajada hacia el callej\u00f3n<\/strong>&nbsp;ha sido limpia, nada que ver con lo que sucedi\u00f3 el lunes con un &#8216;cebada gago&#8217; girado y lanzando corredores por los aires.<\/p>\n\n\n\n<p>Los mozos pudieron ponerse cerca, pero a los pocos que lo consiguieron les cost\u00f3 lo suyo, porque no hab\u00eda espacios y todos quer\u00edan el suyo.<\/p>\n\n\n\n<p><strong>Empujones, manotazos<\/strong>, todo val\u00eda. Dos corredores mantuvieron una prolongada carrera frente a las astas agarrados entre s\u00ed, como si se tratara de dos jugadores de baloncesto ganando la posici\u00f3n debajo de los aros, manteniendo el equilibrio con el cuerpo del compa\u00f1ero para salir indemnes del apuro.<\/p>\n\n\n\n<p>En el&nbsp;<strong>interior de la plaza<\/strong>&nbsp;un toro se ha llevado por delante a un corredor, que por la pinta no ten\u00eda muy claro d\u00f3nde se hab\u00eda metido.&nbsp;<\/p>\n\n\n\n<p>Ha optado por levantarse sin saber que por detr\u00e1s ven\u00edan cuatro\u2018victorianos\u2019, uno de los cuales, Misigato, se limit\u00f3 a apartarlo de ah\u00ed con una buena voltereta.<\/p>\n\n\n\n<p>Se ha quedado en un susto, prueba irrefutable de que el santo tambi\u00e9n se acuerda de los que no saben y ese mozo no ten\u00eda ni idea.<\/p>\n\n\n\n<p>El \u00faltimo encierro de esta ganader\u00eda, del 11 de julio de 2019, dur\u00f3 2 minutos y 49 segundos y dej\u00f3 una cornada en Estafeta a\u00a0<strong>Said Ant\u00f3n<\/strong>, de 39 a\u00f1os. La vacada lleg\u00f3 a la plaza en grupos de tres.<\/p>\n\n\n\n<figure class=\"wp-block-embed is-type-video is-provider-youtube wp-block-embed-youtube wp-embed-aspect-16-9 wp-has-aspect-ratio\"><div class=\"wp-block-embed__wrapper\">\n<iframe title=\"S\u00c9PTIMO ENCIERRO de San Ferm\u00edn 2022 | Victoriano del R\u00edo\" width=\"500\" height=\"281\" src=\"https:\/\/www.youtube.com\/embed\/Jq-y1ESnZ-U?feature=oembed\" frameborder=\"0\" allow=\"accelerometer; autoplay; clipboard-write; encrypted-media; gyroscope; picture-in-picture; web-share\" referrerpolicy=\"strict-origin-when-cross-origin\" allowfullscreen><\/iframe>\n<\/div><\/figure>\n\n\n\n<p><\/p>\n\n\n\n<figure class=\"wp-block-embed is-type-video is-provider-youtube wp-block-embed-youtube wp-embed-aspect-16-9 wp-has-aspect-ratio\"><div class=\"wp-block-embed__wrapper\">\n<iframe title=\"MEJORES MOMENTOS del s\u00e9ptimo encierro de San Ferm\u00edn 2022 | Toros de Victoriano del R\u00edo\" width=\"500\" height=\"281\" src=\"https:\/\/www.youtube.com\/embed\/oXok9hzxWLo?feature=oembed\" frameborder=\"0\" allow=\"accelerometer; autoplay; clipboard-write; encrypted-media; gyroscope; picture-in-picture; web-share\" referrerpolicy=\"strict-origin-when-cross-origin\" allowfullscreen><\/iframe>\n<\/div><\/figure>\n\n\n\n<p><\/p>\n\n\n\n<h2 class=\"wp-block-heading\">La ganader\u00eda<\/h2>\n\n\n\n<p>Este hierro lidia este mi\u00e9rcoles por d\u00e9cima vez consecutiva. Es una divisa regular en cuanto a resultados y una de las preferidas de las figuras. Protagoniza una de las corridas m\u00e1s solicitadas por la presencia, segunda en la feria, de Roca Rey. El cartel lo encabeza Miguel \u00c1ngel Perera, que es otro valor seguro por capacidad y calidad. En medio de la terna aparece Paco Ure\u00f1a, torero del gusto de Pamplona por su siempre comprometidas puestas en escena. En 2019, Victoriano lidi\u00f3 una corrida que no termin\u00f3 de romper a buena. El Juli cort\u00f3 una oreja del quinto toro.<\/p>\n\n\n\n<p><strong>TEMPORADA 2022<\/strong><\/p>\n\n\n\n<p>Ha lidiado mucho, 12 festejos, 41 reses, con 23 orejas, dos rabos y un indulto (Luque en Arl\u00e9s). Dos corridas en Madrid y una en Sevilla, en la que Tom\u00e1s Ruffo abri\u00f3 la Puerta del Pr\u00edncipe En Istres, Leo Valadez cort\u00f3 un rabo. Y una oreja Jos\u00e9 Tom\u00e1s en Ja\u00e9n.<\/p>\n\n\n\n<p><strong>LOS TOROS DE ESTE MI\u00c9RCOLES<\/strong><\/p>\n\n\n\n<p>El env\u00edo al Gas const\u00f3 de siete toros, que dieron en la b\u00e1scula una media de 531 kilos. Seis cinque\u00f1os y un cuatre\u00f1o, el n\u00ba 30.<\/p>\n\n\n\n<ul class=\"wp-block-list\"><li>Divisa. Negra y amarilla.<\/li><li>Se\u00f1al. Muesca en ambas orejas.<\/li><li>Antig\u00fcedad. 12\/7\/42<\/li><li>Finca. El Palomar, en Guadalix (Madrid).<\/li><li>Propietario. Medianillos Ganadera, SL.<\/li><li>Procedencia. Juan Pedro Domecq y D\u00edez.<\/li><li>Presencias. 9<\/li><li>Premios. Premios. 6. Feria del Toro 4: 2010, 2014, 2016 y 2017; y Carriquiri 2; 2014 (Espa\u00f1ol) y 2017 (Forajido).<\/li><\/ul>\n\n\n\n<figure class=\"wp-block-image is-style-default\"><img decoding=\"async\" src=\"https:\/\/estaticosgn-cdn.deia.eus\/clip\/ce5fb238-8b45-4d65-b8a1-903b0aae1368_16-9-aspect-ratio_default_0.jpg\" alt=\"N\u00ba 6. BOCINERO. Tostado chorreado list\u00f3n. 505 kilos. Nacimiento: Mayo\/2017. Guarismo 7. Cinque\u00f1o.\"\/><\/figure>\n\n\n\n<p><em>N\u00ba 6. BOCINERO. Tostado chorreado list\u00f3n. 505 kilos. Nacimiento: Mayo\/2017. Guarismo 7. Cinque\u00f1o.<\/em>&nbsp;JAVIER BERGASA<\/p>\n\n\n\n<figure class=\"wp-block-image is-style-default\"><img decoding=\"async\" src=\"https:\/\/estaticosgn-cdn.deia.eus\/clip\/d7369568-7615-444b-85eb-c3afefb2d28f_16-9-discover-aspect-ratio_default_0.jpg\" alt=\"N\u00ba 23. jaceno. Negro mulato. 570 kilos. Nacimiento: Septiembre\/2016. Guarismo 7. Cinque\u00f1o.\"\/><\/figure>\n\n\n\n<p><em>N\u00ba 23. jaceno. Negro mulato. 570 kilos. Nacimiento: Septiembre\/2016. Guarismo 7. Cinque\u00f1o.<\/em>&nbsp;JAVIER BERGASA<\/p>\n\n\n\n<figure class=\"wp-block-image is-style-default\"><img decoding=\"async\" src=\"https:\/\/estaticosgn-cdn.deia.eus\/clip\/6572df04-d6ea-4a19-8690-e77fe29397d4_16-9-discover-aspect-ratio_default_0.jpg\" alt=\"N\u00ba165. Ebanista. Negro mulato chorreado, list\u00f3n 530 kilos. Nacimiento: Diciembre \/2016. Guarismo 7. Cinque\u00f1o.\"\/><\/figure>\n\n\n\n<p><em>N\u00ba165. Ebanista. Negro mulato chorreado, list\u00f3n 530 kilos. Nacimiento: Diciembre \/2016. Guarismo 7. Cinque\u00f1o.<\/em>&nbsp;JAVIER BERGASA<\/p>\n\n\n\n<figure class=\"wp-block-image is-style-default\"><img decoding=\"async\" src=\"https:\/\/estaticosgn-cdn.deia.eus\/clip\/3c310423-24de-4007-b42f-bff8e4f4de5c_16-9-discover-aspect-ratio_default_0.jpg\" alt=\"N\u00ba 61. dulce. Negro list\u00f3n bragado. 560 kilos. Nacimiento: Agosto\/2016. Guarismo 7. Cinque\u00f1o.\"\/><\/figure>\n\n\n\n<p><em>N\u00ba 61. dulce. Negro list\u00f3n bragado. 560 kilos. Nacimiento: Agosto\/2016. Guarismo 7. Cinque\u00f1o.<\/em>&nbsp;JAVIER BERGASA<\/p>\n\n\n\n<figure class=\"wp-block-image is-style-default\"><img decoding=\"async\" src=\"https:\/\/estaticosgn-cdn.deia.eus\/clip\/ad1bde9a-dcef-4c2b-bd6d-9a8147b4f379_16-9-discover-aspect-ratio_default_0.jpg\" alt=\"N\u00ba 66. Misigato. Negro mulato. 520 kilos. Nacimiento: Septiembre\/2017. Guarismo 8. Cuatre\u00f1o.\"\/><\/figure>\n\n\n\n<p><em>N\u00ba 66. Misigato. Negro mulato. 520 kilos. Nacimiento: Septiembre\/2017. Guarismo 8. Cuatre\u00f1o.<\/em>&nbsp;JAVIER BERGASA<\/p>\n\n\n\n<figure class=\"wp-block-image is-style-default\"><img decoding=\"async\" src=\"https:\/\/estaticosgn-cdn.deia.eus\/clip\/715de08f-fa29-4068-9524-f3eab336ce71_16-9-discover-aspect-ratio_default_0.jpg\" alt=\"N\u00ba 87. enamorado. Colorado. 525 kilos. Nacimiento: Mayo\/2017. Guarismo 7. Cinque\u00f1o.\"\/><\/figure>\n\n\n\n<p><em>N\u00ba 87. enamorado. Colorado. 525 kilos. Nacimiento: Mayo\/2017. Guarismo 7. Cinque\u00f1o.<\/em>\u00a0JAVIER BERGASA<\/p>\n\n\n\n<p>Fuente: https:\/\/www.noticiasdenavarra.com\/san-fermin\/2022\/07\/12\/encierro-san-fermin-victoriano-directo-toros-13-5806434.html<\/p>\n","protected":false},"excerpt":{"rendered":"<p>Los astados de Guadalix de la Sierra protagonizan la carrera m\u00e1s r\u00e1pida de las fiestas, con tensi\u00f3n en Mercaderes al [&hellip;]<\/p>\n","protected":false},"author":1,"featured_media":31987,"comment_status":"open","ping_status":"open","sticky":false,"template":"","format":"standard","meta":{"site-sidebar-layout":"default","site-content-layout":"","ast-site-content-layout":"default","site-content-style":"default","site-sidebar-style":"default","ast-global-header-display":"","ast-banner-title-visibility":"","ast-main-header-display":"","ast-hfb-above-header-display":"","ast-hfb-below-header-display":"","ast-hfb-mobile-header-display":"","site-post-title":"","ast-breadcrumbs-content":"","ast-featured-img":"","footer-sml-layout":"","theme-transparent-header-meta":"","adv-header-id-meta":"","stick-header-meta":"","header-above-stick-meta":"","header-main-stick-meta":"","header-below-stick-meta":"","astra-migrate-meta-layouts":"default","ast-page-background-enabled":"default","ast-page-background-meta":{"desktop":{"background-color":"var(--ast-global-color-4)","background-image":"","background-repeat":"repeat","background-position":"center center","background-size":"auto","background-attachment":"scroll","background-type":"","background-media":"","overlay-type":"","overlay-color":"","overlay-opacity":"","overlay-gradient":""},"tablet":{"background-color":"","background-image":"","background-repeat":"repeat","background-position":"center center","background-size":"auto","background-attachment":"scroll","background-type":"","background-media":"","overlay-type":"","overlay-color":"","overlay-opacity":"","overlay-gradient":""},"mobile":{"background-color":"","background-image":"","background-repeat":"repeat","background-position":"center center","background-size":"auto","background-attachment":"scroll","background-type":"","background-media":"","overlay-type":"","overlay-color":"","overlay-opacity":"","overlay-gradient":""}},"ast-content-background-meta":{"desktop":{"background-color":"var(--ast-global-color-5)","background-image":"","background-repeat":"repeat","background-position":"center center","background-size":"auto","background-attachment":"scroll","background-type":"","background-media":"","overlay-type":"","overlay-color":"","overlay-opacity":"","overlay-gradient":""},"tablet":{"background-color":"var(--ast-global-color-5)","background-image":"","background-repeat":"repeat","background-position":"center center","background-size":"auto","background-attachment":"scroll","background-type":"","background-media":"","overlay-type":"","overlay-color":"","overlay-opacity":"","overlay-gradient":""},"mobile":{"background-color":"var(--ast-global-color-5)","background-image":"","background-repeat":"repeat","background-position":"center center","background-size":"auto","background-attachment":"scroll","background-type":"","background-media":"","overlay-type":"","overlay-color":"","overlay-opacity":"","overlay-gradient":""}},"footnotes":""},"categories":[8],"tags":[11337,11190],"class_list":["post-31986","post","type-post","status-publish","format-standard","has-post-thumbnail","hentry","category-noticias","tag-encierro-victoriano-del-rio","tag-sanfermines-2022"],"_links":{"self":[{"href":"https:\/\/losperiodistas.com.mx\/portal\/wp-json\/wp\/v2\/posts\/31986","targetHints":{"allow":["GET"]}}],"collection":[{"href":"https:\/\/losperiodistas.com.mx\/portal\/wp-json\/wp\/v2\/posts"}],"about":[{"href":"https:\/\/losperiodistas.com.mx\/portal\/wp-json\/wp\/v2\/types\/post"}],"author":[{"embeddable":true,"href":"https:\/\/losperiodistas.com.mx\/portal\/wp-json\/wp\/v2\/users\/1"}],"replies":[{"embeddable":true,"href":"https:\/\/losperiodistas.com.mx\/portal\/wp-json\/wp\/v2\/comments?post=31986"}],"version-history":[{"count":1,"href":"https:\/\/losperiodistas.com.mx\/portal\/wp-json\/wp\/v2\/posts\/31986\/revisions"}],"predecessor-version":[{"id":31988,"href":"https:\/\/losperiodistas.com.mx\/portal\/wp-json\/wp\/v2\/posts\/31986\/revisions\/31988"}],"wp:featuredmedia":[{"embeddable":true,"href":"https:\/\/losperiodistas.com.mx\/portal\/wp-json\/wp\/v2\/media\/31987"}],"wp:attachment":[{"href":"https:\/\/losperiodistas.com.mx\/portal\/wp-json\/wp\/v2\/media?parent=31986"}],"wp:term":[{"taxonomy":"category","embeddable":true,"href":"https:\/\/losperiodistas.com.mx\/portal\/wp-json\/wp\/v2\/categories?post=31986"},{"taxonomy":"post_tag","embeddable":true,"href":"https:\/\/losperiodistas.com.mx\/portal\/wp-json\/wp\/v2\/tags?post=31986"}],"curies":[{"name":"wp","href":"https:\/\/api.w.org\/{rel}","templated":true}]}}