{"id":31983,"date":"2022-07-13T07:08:09","date_gmt":"2022-07-13T12:08:09","guid":{"rendered":"http:\/\/losperiodistas.com.mx\/portal\/?p=31983"},"modified":"2022-07-13T07:08:11","modified_gmt":"2022-07-13T12:08:11","slug":"hace-amlo-propuestas-en-la-casa-blanca-y-biden-corrige-mural","status":"publish","type":"post","link":"https:\/\/losperiodistas.com.mx\/portal\/hace-amlo-propuestas-en-la-casa-blanca-y-biden-corrige-mural\/","title":{"rendered":"Hace AMLO propuestas en la Casa Blanca&#8230; y Biden corrige | Mural"},"content":{"rendered":"\n<p><\/p>\n\n\n\n<figure class=\"wp-block-embed is-type-video is-provider-youtube wp-block-embed-youtube wp-embed-aspect-16-9 wp-has-aspect-ratio\"><div class=\"wp-block-embed__wrapper\">\n<iframe title=\"\u00bfQu\u00e9 le plante\u00f3 AMLO a Joe Biden en Washington?\" width=\"500\" height=\"281\" src=\"https:\/\/www.youtube.com\/embed\/Atkiq8XPsS8?feature=oembed\" frameborder=\"0\" allow=\"accelerometer; autoplay; clipboard-write; encrypted-media; gyroscope; picture-in-picture; web-share\" referrerpolicy=\"strict-origin-when-cross-origin\" allowfullscreen><\/iframe>\n<\/div><\/figure>\n\n\n\n<p><\/p>\n\n\n\n<p class=\"has-vivid-cyan-blue-color has-text-color has-medium-font-size\">ANTONIO BARANDA \/ JOS\u00c9 D\u00cdAZ \/ MURAL<\/p>\n\n\n\n<p><strong>Guadalajara, M\u00e9xico(13 julio 2022).-&nbsp;<\/strong>El Presidente estadounidense Joe Biden enfri\u00f3 las expectativas de su hom\u00f3logo mexicano Andr\u00e9s Manuel L\u00f3pez Obrador, al pedirle paciencia en sus peticiones de visas de trabajo para migrantes y le record\u00f3 que Estados Unidos sigue siendo una potencia econ\u00f3mica mundial que genera empleos.<\/p>\n\n\n\n<p>El encuentro entre ambos Mandatarios, el segundo en la Casa Blanca en ocho meses, no correspondi\u00f3 plenamente al programa establecido. La parte p\u00fablica para medios dur\u00f3 m\u00e1s de lo planeado debido a que L\u00f3pez Obrador ley\u00f3 un discurso de media hora, lo que acort\u00f3 los tiempos de las dos reuniones posteriores incluidas en el programa.<\/p>\n\n\n\n<p>Durante la reuni\u00f3n p\u00fablica, AMLO pidi\u00f3 en su discurso un programa similar al \u00abBracero\u00bb, aplicado por el Presidente Franklin D. Roosevelt hace 80 a\u00f1os y aunque no solicit\u00f3 las 300 mil visas de trabajo que hab\u00eda anunciado en M\u00e9xico que solicitar\u00eda, pidi\u00f3 \u00abvisas temporales para asegurar que no se paralice la econom\u00eda por falta de mano de obra\u00bb.<\/p>\n\n\n\n<p>Como parte del combate a la inflaci\u00f3n, ofreci\u00f3 duplicar el abasto de gasolina en la frontera norte para que los estadounidenses la compraran m\u00e1s barata y sugiri\u00f3, sin precisar, la reducci\u00f3n de aranceles en alimentos y otros bienes. Expres\u00f3 que se hab\u00eda asumido \u00abde manera c\u00f3moda que China ser\u00eda la f\u00e1brica del mundo\u00bb, lo que provoc\u00f3 la disminuci\u00f3n de la capacidad productiva estadounidense.<\/p>\n\n\n\n<p>Pero Biden le respondi\u00f3 brevemente y defendi\u00f3 el poder\u00edo de Estados Unidos.<\/p>\n\n\n\n<p>\u00abEn realidad, en el tema de China de ser la f\u00e1brica del mundo, nosotros producimos m\u00e1s productos agr\u00edcolas\u00bb, replic\u00f3 el estadounidense. Adem\u00e1s, destac\u00f3 que su Administraci\u00f3n ha creado m\u00e1s fuentes de trabajo que cualquier otro gobierno, los sueldos aumentaron 5 por ciento y que Estados Unidos es el pa\u00eds con menos inflaci\u00f3n.<\/p>\n\n\n\n<p>\u00abHemos emitido ya 300 mil visas de trabajo\u00bb, explic\u00f3 Biden.<\/p>\n\n\n\n<p>El plan de la reuni\u00f3n bilateral contemplaba que despu\u00e9s del mensaje a medios, se realizara un encuentro privado de los Presidentes acompa\u00f1ados por el Canciller mexicano Marcelo Ebrard, y Antony Blinken, Secretario de Estado de EU.<\/p>\n\n\n\n<p>Pero de manera sorpresiva Blinken se declar\u00f3 \u00abindispuesto\u00bb y en su lugar acudi\u00f3 la subsecretaria Wendy Sherman.<\/p>\n\n\n\n<p>Despu\u00e9s habr\u00eda un tercer encuentro donde se incorporar\u00edan las delegaciones ampliadas de ambos pa\u00edses en el Sal\u00f3n del Gabinete. Pero ese encuentro fue suspendido.<\/p>\n\n\n\n<p>La comitiva mexicana integrada por Tatiana Clouthier, de Econom\u00eda; V\u00edctor Manuel Villalobos, de Agricultura; Francisco Gardu\u00f1o, de Migraci\u00f3n, y Roberto Velasco, director para Am\u00e9rica del Norte, aguard\u00f3 infructuosamente en un sal\u00f3n contiguo mientras Biden y AMLO conversaban.<\/p>\n\n\n\n<p>Tras el encuentro de menos de dos horas, Biden tuvo una festiva y numerosa reuni\u00f3n con personal del Congreso de EU en los jardines de la Casa Blanca y por la noche viaj\u00f3 a Israel y Arabia Saudita. AMLO comi\u00f3 en privado con su comitiva y por la tarde acudi\u00f3 a dos homenajes p\u00fablicos a Roosevelt y a Martin Luther King. Este mi\u00e9rcoles encabezar\u00e1 una reuni\u00f3n con empresarios de ambos pa\u00edses.<\/p>\n\n\n\n<h2 class=\"wp-block-heading\">Notas Relacionadas<\/h2>\n\n\n\n<figure class=\"wp-block-image is-style-default\"><img decoding=\"async\" src=\"https:\/\/img.gruporeforma.com\/\/imagenes\/elementorelacionado\/11\/179\/10178930.jpg\" alt=\"\"\/><\/figure>\n\n\n\n<p><a href=\"https:\/\/www.mural.com.mx\/los-pasos-de-amlo-en-washington\/ar2435751\">Los pasos de AMLO en Washington<\/a><\/p>\n\n\n\n<figure class=\"wp-block-image is-style-default\"><img decoding=\"async\" src=\"https:\/\/img.gruporeforma.com\/\/imagenes\/elementorelacionado\/11\/179\/10178885.jpg\" alt=\"\"\/><\/figure>\n\n\n\n<p><a href=\"https:\/\/www.mural.com.mx\/ante-inflacion-amlo-y-biden-acuerdan-acelerar-comercio\/ar2435729?v=2\">Ante inflaci\u00f3n, AMLO y Biden acuerdan acelerar comercio<\/a><\/p>\n\n\n\n<figure class=\"wp-block-image is-style-default\"><img decoding=\"async\" src=\"https:\/\/img.gruporeforma.com\/\/imagenes\/elementorelacionado\/11\/179\/10178553.jpg\" alt=\"\"\/><\/figure>\n\n\n\n<p><a href=\"https:\/\/www.mural.com.mx\/homenajea-amlo-a-roosevelt-y-martin-luther-king\/ar2435644\">Homenajea AMLO a Roosevelt y Martin Luther King<\/a><\/p>\n\n\n\n<figure class=\"wp-block-image is-style-default\"><img decoding=\"async\" src=\"https:\/\/img.gruporeforma.com\/\/imagenes\/elementorelacionado\/11\/179\/10178342.jpg\" alt=\"\"\/><\/figure>\n\n\n\n<p><a href=\"https:\/\/www.mural.com.mx\/visas-laborales-pide-el-pan-a-amlo-de-su-visita-a-eu\/ar2435551\">Visas laborales, pide el PAN a AMLO de su visita a EU<\/a><\/p>\n\n\n\n<p>En su visita a la Casa Blanca, AMLO ignor\u00f3 el \u00abbreve\u00bb mensaje que estaba planeado y habl\u00f3 por m\u00e1s de media hora.<\/p>\n\n\n\n<p>Fuente: https:\/\/www.mural.com.mx\/hace-amlo-propuestas-en-la-casa-blanca-y-biden-corrige\/ar2435890<\/p>\n","protected":false},"excerpt":{"rendered":"<p>ANTONIO BARANDA \/ JOS\u00c9 D\u00cdAZ \/ MURAL Guadalajara, M\u00e9xico(13 julio 2022).-&nbsp;El Presidente estadounidense Joe Biden enfri\u00f3 las expectativas de su [&hellip;]<\/p>\n","protected":false},"author":1,"featured_media":31984,"comment_status":"open","ping_status":"open","sticky":false,"template":"","format":"standard","meta":{"site-sidebar-layout":"default","site-content-layout":"","ast-site-content-layout":"default","site-content-style":"default","site-sidebar-style":"default","ast-global-header-display":"","ast-banner-title-visibility":"","ast-main-header-display":"","ast-hfb-above-header-display":"","ast-hfb-below-header-display":"","ast-hfb-mobile-header-display":"","site-post-title":"","ast-breadcrumbs-content":"","ast-featured-img":"","footer-sml-layout":"","theme-transparent-header-meta":"","adv-header-id-meta":"","stick-header-meta":"","header-above-stick-meta":"","header-main-stick-meta":"","header-below-stick-meta":"","astra-migrate-meta-layouts":"default","ast-page-background-enabled":"default","ast-page-background-meta":{"desktop":{"background-color":"var(--ast-global-color-4)","background-image":"","background-repeat":"repeat","background-position":"center center","background-size":"auto","background-attachment":"scroll","background-type":"","background-media":"","overlay-type":"","overlay-color":"","overlay-opacity":"","overlay-gradient":""},"tablet":{"background-color":"","background-image":"","background-repeat":"repeat","background-position":"center center","background-size":"auto","background-attachment":"scroll","background-type":"","background-media":"","overlay-type":"","overlay-color":"","overlay-opacity":"","overlay-gradient":""},"mobile":{"background-color":"","background-image":"","background-repeat":"repeat","background-position":"center center","background-size":"auto","background-attachment":"scroll","background-type":"","background-media":"","overlay-type":"","overlay-color":"","overlay-opacity":"","overlay-gradient":""}},"ast-content-background-meta":{"desktop":{"background-color":"var(--ast-global-color-5)","background-image":"","background-repeat":"repeat","background-position":"center center","background-size":"auto","background-attachment":"scroll","background-type":"","background-media":"","overlay-type":"","overlay-color":"","overlay-opacity":"","overlay-gradient":""},"tablet":{"background-color":"var(--ast-global-color-5)","background-image":"","background-repeat":"repeat","background-position":"center center","background-size":"auto","background-attachment":"scroll","background-type":"","background-media":"","overlay-type":"","overlay-color":"","overlay-opacity":"","overlay-gradient":""},"mobile":{"background-color":"var(--ast-global-color-5)","background-image":"","background-repeat":"repeat","background-position":"center center","background-size":"auto","background-attachment":"scroll","background-type":"","background-media":"","overlay-type":"","overlay-color":"","overlay-opacity":"","overlay-gradient":""}},"footnotes":""},"categories":[8],"tags":[5422,11336,11335,1896],"class_list":["post-31983","post","type-post","status-publish","format-standard","has-post-thumbnail","hentry","category-noticias","tag-amlo-washington","tag-enfriamiento-eeuu-mexico","tag-joe-biden-casa-blanca","tag-relaciones-mexico-eeuu"],"_links":{"self":[{"href":"https:\/\/losperiodistas.com.mx\/portal\/wp-json\/wp\/v2\/posts\/31983","targetHints":{"allow":["GET"]}}],"collection":[{"href":"https:\/\/losperiodistas.com.mx\/portal\/wp-json\/wp\/v2\/posts"}],"about":[{"href":"https:\/\/losperiodistas.com.mx\/portal\/wp-json\/wp\/v2\/types\/post"}],"author":[{"embeddable":true,"href":"https:\/\/losperiodistas.com.mx\/portal\/wp-json\/wp\/v2\/users\/1"}],"replies":[{"embeddable":true,"href":"https:\/\/losperiodistas.com.mx\/portal\/wp-json\/wp\/v2\/comments?post=31983"}],"version-history":[{"count":1,"href":"https:\/\/losperiodistas.com.mx\/portal\/wp-json\/wp\/v2\/posts\/31983\/revisions"}],"predecessor-version":[{"id":31985,"href":"https:\/\/losperiodistas.com.mx\/portal\/wp-json\/wp\/v2\/posts\/31983\/revisions\/31985"}],"wp:featuredmedia":[{"embeddable":true,"href":"https:\/\/losperiodistas.com.mx\/portal\/wp-json\/wp\/v2\/media\/31984"}],"wp:attachment":[{"href":"https:\/\/losperiodistas.com.mx\/portal\/wp-json\/wp\/v2\/media?parent=31983"}],"wp:term":[{"taxonomy":"category","embeddable":true,"href":"https:\/\/losperiodistas.com.mx\/portal\/wp-json\/wp\/v2\/categories?post=31983"},{"taxonomy":"post_tag","embeddable":true,"href":"https:\/\/losperiodistas.com.mx\/portal\/wp-json\/wp\/v2\/tags?post=31983"}],"curies":[{"name":"wp","href":"https:\/\/api.w.org\/{rel}","templated":true}]}}