{"id":31978,"date":"2022-07-13T06:54:43","date_gmt":"2022-07-13T11:54:43","guid":{"rendered":"http:\/\/losperiodistas.com.mx\/portal\/?p=31978"},"modified":"2022-07-13T06:54:45","modified_gmt":"2022-07-13T11:54:45","slug":"mexico-registra-cifra-mas-alta-de-muertes-de-la-quinta-ola-de-covid-el-financiero","status":"publish","type":"post","link":"https:\/\/losperiodistas.com.mx\/portal\/mexico-registra-cifra-mas-alta-de-muertes-de-la-quinta-ola-de-covid-el-financiero\/","title":{"rendered":"M\u00e9xico registra cifra m\u00e1s alta de muertes de la quinta ola de COVID | El Financiero"},"content":{"rendered":"\n<p><em>De acuerdo con la Secretar\u00eda de Salud, este martes se reportan m\u00e1s de 215 mil casos activos de COVID-19 en M\u00e9xico.<\/em><\/p>\n\n\n\n<figure class=\"wp-block-image size-full is-style-default\"><img fetchpriority=\"high\" decoding=\"async\" width=\"800\" height=\"533\" src=\"https:\/\/losperiodistas.com.mx\/portal\/wp-content\/uploads\/2022\/07\/BSF5MROVMZDQFAKJK5X2SMJNG4.jpeg\" alt=\"\" class=\"wp-image-31979\" srcset=\"https:\/\/losperiodistas.com.mx\/portal\/wp-content\/uploads\/2022\/07\/BSF5MROVMZDQFAKJK5X2SMJNG4.jpeg 800w, https:\/\/losperiodistas.com.mx\/portal\/wp-content\/uploads\/2022\/07\/BSF5MROVMZDQFAKJK5X2SMJNG4-300x200.jpeg 300w, https:\/\/losperiodistas.com.mx\/portal\/wp-content\/uploads\/2022\/07\/BSF5MROVMZDQFAKJK5X2SMJNG4-768x512.jpeg 768w\" sizes=\"(max-width: 800px) 100vw, 800px\" \/><figcaption>M\u00e9xico registr\u00f3 su cifra m\u00e1s alta de muertes por COVID desde el 7 de junio, cuando la Secretar\u00eda de Salud volvi\u00f3 a informar diariamente sobre los contagios y decesos a causa del virus.\u00a0(Cuartoscuro)<\/figcaption><\/figure>\n\n\n\n<p><\/p>\n\n\n\n<p class=\"has-vivid-cyan-blue-color has-text-color has-medium-font-size\">EL FINANCIERO<\/p>\n\n\n\n<p>En las \u00faltimas 24 horas, M\u00e9xico report\u00f3&nbsp;<a href=\"https:\/\/www.elfinanciero.com.mx\/\"><strong>36 mil 334 contagios y 92 muertes por COVID-19<\/strong><\/a><strong>,&nbsp;<\/strong>siendo esta la cifra de muertes y contagios m\u00e1s alta en lo que va de la quinta ola de casos, desde el 7 de junio.<\/p>\n\n\n\n<p>La \u00faltima vez que se reportaron m\u00e1s de 36 mi contagios de COVID-19 fue el 4 de febrero, con 37 mil 63 nuevos casos en un d\u00eda.<\/p>\n\n\n\n<p>De acuerdo con el informe t\u00e9cnico de la Secretar\u00eda de Salud, al corte de este&nbsp;<strong>martes 11 de julio<\/strong>, M\u00e9xico acumula 6 millones 301 mil 645 casos positivos y 326 mil 189 defunciones por COVID.<\/p>\n\n\n\n<p>Hasta este martes, se tienen detectados<a href=\"https:\/\/www.elfinanciero.com.mx\/salud\/2022\/07\/12\/quinta-ola-de-covid-como-ayuda-la-vitamina-d-a-evitar-que-te-contagies\/\" target=\"_blank\" rel=\"noreferrer noopener\"><strong>215 mil 794 casos activos de COVID-19<\/strong><\/a>, mismos que se encuentran de manera predominante en las siguientes entidades: Ciudad de M\u00e9xico, Baja California Sur, Quintana Roo, Colima Sinaloa, Yucat\u00e1n, Quer\u00e9taro, Nuevo Le\u00f3n, Nayarit y Tabasco.<\/p>\n\n\n\n<p>Se consideran casos activos a aquellos positivos que iniciaron s\u00edntomas en los \u00faltimos 14 d\u00edas, permitiendo identificar d\u00f3nde hay mayor actividad viral y aumento en la transmisi\u00f3n del virus. Cabe se\u00f1alar que el las entidades en las que hay mayor n\u00famero de casos activos<strong>&nbsp;es bajo una medici\u00f3n de contagios por cada 100 mil habitantes<\/strong>.<\/p>\n\n\n\n<p><strong>La Ciudad de M\u00e9xico tiene actualmente 55 mil 3 casos activos de COVID<\/strong>, m\u00e1s de la cuarta parte del total de los casos activos en todo el pa\u00eds. Le sigue el Estado de M\u00e9xico con m\u00e1s de 21 mil casos activos estimados.<\/p>\n\n\n\n<p>Sobre los casos confirmados acumulados por estado, las&nbsp;<a href=\"https:\/\/www.elfinanciero.com.mx\/salud\/2022\/07\/11\/verano-2022-deberia-irme-de-vacaciones-si-tengo-covid-19\/\" target=\"_blank\" rel=\"noreferrer noopener\">10 primeras entidades que acumulan el mayor n\u00famero de casos<\/a>&nbsp;son: Ciudad de M\u00e9xico, Estado de M\u00e9xico, Nuevo Le\u00f3n, Guanajuato, Jalisco, San Luis Potos\u00ed, Tabasco, Veracruz, Puebla y Sonora, que en conjunto conforman el 65 por ciento.<\/p>\n\n\n\n<p>En las \u00faltimas cinco semanas, la mayor parte de los casos est\u00e1n presentes en los grupos de 18 a 29 a\u00f1os, seguido del grupo de 30 a 39 a\u00f1os y 40 a 49 a\u00f1os.<\/p>\n\n\n\n<p>El pasado mi\u00e9rcoles 29 de junio, M\u00e9xico\u00a0<a href=\"https:\/\/www.elfinanciero.com.mx\/nacional\/2022\/07\/05\/quinta-ola-de-covid-19-en-la-4t-estos-son-los-funcionarios-que-se-han-contagiado\/\"><strong>super\u00f3 los seis millones 300 mil contagios de COVID-19<\/strong><\/a>, luego de dos a\u00f1os y cuatro meses de haberse confirmado el primer caso en el pa\u00eds, esto de acuerdo con las cifras de la Secretar\u00eda de Salud. Adem\u00e1s, recientemente\u00a0<strong>M\u00e9xico super\u00f3 las 326 mil muertes<\/strong>\u00a0a causa del virus.<\/p>\n\n\n\n<p>Fuente: https:\/\/www.elfinanciero.com.mx\/salud\/2022\/07\/12\/mexico-registra-cifra-mas-alta-de-muertes-de-la-quinta-ola-de-covid\/<\/p>\n\n\n\n<p><\/p>\n","protected":false},"excerpt":{"rendered":"<p>De acuerdo con la Secretar\u00eda de Salud, este martes se reportan m\u00e1s de 215 mil casos activos de COVID-19 en [&hellip;]<\/p>\n","protected":false},"author":1,"featured_media":31979,"comment_status":"open","ping_status":"open","sticky":false,"template":"","format":"standard","meta":{"site-sidebar-layout":"default","site-content-layout":"","ast-site-content-layout":"default","site-content-style":"default","site-sidebar-style":"default","ast-global-header-display":"","ast-banner-title-visibility":"","ast-main-header-display":"","ast-hfb-above-header-display":"","ast-hfb-below-header-display":"","ast-hfb-mobile-header-display":"","site-post-title":"","ast-breadcrumbs-content":"","ast-featured-img":"","footer-sml-layout":"","theme-transparent-header-meta":"","adv-header-id-meta":"","stick-header-meta":"","header-above-stick-meta":"","header-main-stick-meta":"","header-below-stick-meta":"","astra-migrate-meta-layouts":"default","ast-page-background-enabled":"default","ast-page-background-meta":{"desktop":{"background-color":"var(--ast-global-color-4)","background-image":"","background-repeat":"repeat","background-position":"center center","background-size":"auto","background-attachment":"scroll","background-type":"","background-media":"","overlay-type":"","overlay-color":"","overlay-opacity":"","overlay-gradient":""},"tablet":{"background-color":"","background-image":"","background-repeat":"repeat","background-position":"center center","background-size":"auto","background-attachment":"scroll","background-type":"","background-media":"","overlay-type":"","overlay-color":"","overlay-opacity":"","overlay-gradient":""},"mobile":{"background-color":"","background-image":"","background-repeat":"repeat","background-position":"center center","background-size":"auto","background-attachment":"scroll","background-type":"","background-media":"","overlay-type":"","overlay-color":"","overlay-opacity":"","overlay-gradient":""}},"ast-content-background-meta":{"desktop":{"background-color":"var(--ast-global-color-5)","background-image":"","background-repeat":"repeat","background-position":"center center","background-size":"auto","background-attachment":"scroll","background-type":"","background-media":"","overlay-type":"","overlay-color":"","overlay-opacity":"","overlay-gradient":""},"tablet":{"background-color":"var(--ast-global-color-5)","background-image":"","background-repeat":"repeat","background-position":"center center","background-size":"auto","background-attachment":"scroll","background-type":"","background-media":"","overlay-type":"","overlay-color":"","overlay-opacity":"","overlay-gradient":""},"mobile":{"background-color":"var(--ast-global-color-5)","background-image":"","background-repeat":"repeat","background-position":"center center","background-size":"auto","background-attachment":"scroll","background-type":"","background-media":"","overlay-type":"","overlay-color":"","overlay-opacity":"","overlay-gradient":""}},"footnotes":""},"categories":[8],"tags":[11334,10714],"class_list":["post-31978","post","type-post","status-publish","format-standard","has-post-thumbnail","hentry","category-noticias","tag-covi-19-mexico","tag-quinta-ola"],"_links":{"self":[{"href":"https:\/\/losperiodistas.com.mx\/portal\/wp-json\/wp\/v2\/posts\/31978","targetHints":{"allow":["GET"]}}],"collection":[{"href":"https:\/\/losperiodistas.com.mx\/portal\/wp-json\/wp\/v2\/posts"}],"about":[{"href":"https:\/\/losperiodistas.com.mx\/portal\/wp-json\/wp\/v2\/types\/post"}],"author":[{"embeddable":true,"href":"https:\/\/losperiodistas.com.mx\/portal\/wp-json\/wp\/v2\/users\/1"}],"replies":[{"embeddable":true,"href":"https:\/\/losperiodistas.com.mx\/portal\/wp-json\/wp\/v2\/comments?post=31978"}],"version-history":[{"count":1,"href":"https:\/\/losperiodistas.com.mx\/portal\/wp-json\/wp\/v2\/posts\/31978\/revisions"}],"predecessor-version":[{"id":31980,"href":"https:\/\/losperiodistas.com.mx\/portal\/wp-json\/wp\/v2\/posts\/31978\/revisions\/31980"}],"wp:featuredmedia":[{"embeddable":true,"href":"https:\/\/losperiodistas.com.mx\/portal\/wp-json\/wp\/v2\/media\/31979"}],"wp:attachment":[{"href":"https:\/\/losperiodistas.com.mx\/portal\/wp-json\/wp\/v2\/media?parent=31978"}],"wp:term":[{"taxonomy":"category","embeddable":true,"href":"https:\/\/losperiodistas.com.mx\/portal\/wp-json\/wp\/v2\/categories?post=31978"},{"taxonomy":"post_tag","embeddable":true,"href":"https:\/\/losperiodistas.com.mx\/portal\/wp-json\/wp\/v2\/tags?post=31978"}],"curies":[{"name":"wp","href":"https:\/\/api.w.org\/{rel}","templated":true}]}}