{"id":31809,"date":"2022-07-11T03:16:55","date_gmt":"2022-07-11T08:16:55","guid":{"rendered":"http:\/\/losperiodistas.com.mx\/portal\/?p=31809"},"modified":"2022-07-11T03:16:58","modified_gmt":"2022-07-11T08:16:58","slug":"volcan-de-fuego-de-guatemala-incrementa-actividad-eruptiva-dw","status":"publish","type":"post","link":"https:\/\/losperiodistas.com.mx\/portal\/volcan-de-fuego-de-guatemala-incrementa-actividad-eruptiva-dw\/","title":{"rendered":"Volc\u00e1n de Fuego de Guatemala incrementa actividad eruptiva | DW"},"content":{"rendered":"\n<p><em>Los vulcan\u00f3logos reportan de dos a cinco explosiones por hora en el coloso, as\u00ed como avalanchas moderadas y fuertes. Las autoridades no han ordenado evacuaciones por el momento.<\/em><\/p>\n\n\n\n<p><\/p>\n\n\n\n<figure class=\"wp-block-image size-full\"><img fetchpriority=\"high\" decoding=\"async\" width=\"700\" height=\"394\" src=\"https:\/\/losperiodistas.com.mx\/portal\/wp-content\/uploads\/2022\/07\/62426794_303.jpeg\" alt=\"\" class=\"wp-image-31810\" srcset=\"https:\/\/losperiodistas.com.mx\/portal\/wp-content\/uploads\/2022\/07\/62426794_303.jpeg 700w, https:\/\/losperiodistas.com.mx\/portal\/wp-content\/uploads\/2022\/07\/62426794_303-300x169.jpeg 300w\" sizes=\"(max-width: 700px) 100vw, 700px\" \/><figcaption>Voc\u00e1n de Fuego, Guatemala. (Archivo 03.06.2019)<\/figcaption><\/figure>\n\n\n\n<p><\/p>\n\n\n\n<p class=\"has-vivid-cyan-blue-color has-text-color has-medium-font-size\">DW<\/p>\n\n\n\n<p>El volc\u00e1n de Fuego, a unos 35 km de la capital de Guatemala, increment\u00f3 su actividad eruptiva, inform\u00f3 este domingo (10.07.2022) el Instituto de Vulcanolog\u00eda (Insivumeh).&nbsp;&nbsp;\u00abLos registros instrumentales detectaron incremento del coloso (3.763 msnm). Se observan de 2 a 5 explosiones por hora, as\u00ed como avalanchas moderadas y fuertes\u00bb, indic\u00f3 la entidad en un bolet\u00edn sobre el volc\u00e1n.<\/p>\n\n\n\n<p>Adem\u00e1s, el Insivumeh precis\u00f3 que levanta \u00abuna cortina de ceniza y el viento dispersa este material a distancias de entre 10 y 15 kil\u00f3metros en direcciones oeste y y suroeste\u00bb, afectando a nueve comunidades en las faldas del volc\u00e1n.\u00a0\u00a0El instituto advirti\u00f3 que el incremento de la actividad \u00abpuede anteceder a la formaci\u00f3n de un flujo de lava\u00bb hacia una o varias barrancas (cuencas naturales) como sucedi\u00f3 el pasado 4 de julio, cuando registr\u00f3 otro aumenta eruptivo.<\/p>\n\n\n\n<figure class=\"wp-block-embed is-type-rich is-provider-twitter wp-block-embed-twitter\"><div class=\"wp-block-embed__wrapper\">\n<blockquote class=\"twitter-tweet\" data-width=\"500\" data-dnt=\"true\"><p lang=\"es\" dir=\"ltr\">BOLET\u00cdN VULCANOL\u00d3GICO ESPECIAL BEFGO #059-2022<br>10 de julio 2022 <br><br>INSIVUMEH, Desarrollo Geocient\u00edfico Para Todos <a href=\"https:\/\/twitter.com\/hashtag\/SomosINSIVUMEH?src=hash&amp;ref_src=twsrc%5Etfw\">#SomosINSIVUMEH<\/a> <a href=\"https:\/\/twitter.com\/hashtag\/Guatemala?src=hash&amp;ref_src=twsrc%5Etfw\">#Guatemala<\/a> <a href=\"https:\/\/t.co\/3RKM6e2gGQ\">pic.twitter.com\/3RKM6e2gGQ<\/a><\/p>&mdash; INSIVUMEH (@insivumehgt) <a href=\"https:\/\/twitter.com\/insivumehgt\/status\/1546173949503045632?ref_src=twsrc%5Etfw\">July 10, 2022<\/a><\/blockquote><script async src=\"https:\/\/platform.twitter.com\/widgets.js\" charset=\"utf-8\"><\/script>\n<\/div><\/figure>\n\n\n\n<p>Rodolfo Garc\u00eda, vocero de Protecci\u00f3n Civil, dijo que por el momento no se han producido evacuaciones.<\/p>\n\n\n\n<p>Sin embargo, mantienen comunicaci\u00f3n \u00abcon los l\u00edderes\u00bb comunitarios cercanas al volc\u00e1n y autoridades municipales de los departamentos en los que se encuentra el volc\u00e1n, Sacatep\u00e9quez, Chimaltenango y Escuintla, para evacuar de ser necesario, aclar\u00f3.<\/p>\n\n\n\n<p>Una erupci\u00f3n del volc\u00e1n de Fuego, el 3 de junio de 2018, provoc\u00f3 una avalancha que arras\u00f3 la comunidad San Miguel Los Lotes (Escuintla) y parte de una carretera en el poblado vecino de Alotenango (Sacatep\u00e9quez), dejando 215 muertos y una cifra similar de desaparecidos.<\/p>\n\n\n\n<p>jc (afp, La Rep\u00fablica)<\/p>\n\n\n\n<p>Fuente: https:\/\/www.dw.com\/es\/volc%C3%A1n-de-fuego-de-guatemala-incrementa-actividad-eruptiva\/a-62426777<\/p>\n","protected":false},"excerpt":{"rendered":"<p>Los vulcan\u00f3logos reportan de dos a cinco explosiones por hora en el coloso, as\u00ed como avalanchas moderadas y fuertes. Las [&hellip;]<\/p>\n","protected":false},"author":1,"featured_media":31810,"comment_status":"open","ping_status":"open","sticky":false,"template":"","format":"standard","meta":{"site-sidebar-layout":"default","site-content-layout":"","ast-site-content-layout":"default","site-content-style":"default","site-sidebar-style":"default","ast-global-header-display":"","ast-banner-title-visibility":"","ast-main-header-display":"","ast-hfb-above-header-display":"","ast-hfb-below-header-display":"","ast-hfb-mobile-header-display":"","site-post-title":"","ast-breadcrumbs-content":"","ast-featured-img":"","footer-sml-layout":"","theme-transparent-header-meta":"","adv-header-id-meta":"","stick-header-meta":"","header-above-stick-meta":"","header-main-stick-meta":"","header-below-stick-meta":"","astra-migrate-meta-layouts":"default","ast-page-background-enabled":"default","ast-page-background-meta":{"desktop":{"background-color":"var(--ast-global-color-4)","background-image":"","background-repeat":"repeat","background-position":"center center","background-size":"auto","background-attachment":"scroll","background-type":"","background-media":"","overlay-type":"","overlay-color":"","overlay-opacity":"","overlay-gradient":""},"tablet":{"background-color":"","background-image":"","background-repeat":"repeat","background-position":"center center","background-size":"auto","background-attachment":"scroll","background-type":"","background-media":"","overlay-type":"","overlay-color":"","overlay-opacity":"","overlay-gradient":""},"mobile":{"background-color":"","background-image":"","background-repeat":"repeat","background-position":"center center","background-size":"auto","background-attachment":"scroll","background-type":"","background-media":"","overlay-type":"","overlay-color":"","overlay-opacity":"","overlay-gradient":""}},"ast-content-background-meta":{"desktop":{"background-color":"var(--ast-global-color-5)","background-image":"","background-repeat":"repeat","background-position":"center center","background-size":"auto","background-attachment":"scroll","background-type":"","background-media":"","overlay-type":"","overlay-color":"","overlay-opacity":"","overlay-gradient":""},"tablet":{"background-color":"var(--ast-global-color-5)","background-image":"","background-repeat":"repeat","background-position":"center center","background-size":"auto","background-attachment":"scroll","background-type":"","background-media":"","overlay-type":"","overlay-color":"","overlay-opacity":"","overlay-gradient":""},"mobile":{"background-color":"var(--ast-global-color-5)","background-image":"","background-repeat":"repeat","background-position":"center center","background-size":"auto","background-attachment":"scroll","background-type":"","background-media":"","overlay-type":"","overlay-color":"","overlay-opacity":"","overlay-gradient":""}},"footnotes":""},"categories":[8],"tags":[10320,11280],"class_list":["post-31809","post","type-post","status-publish","format-standard","has-post-thumbnail","hentry","category-noticias","tag-guatemala","tag-volcan-de-fuego"],"_links":{"self":[{"href":"https:\/\/losperiodistas.com.mx\/portal\/wp-json\/wp\/v2\/posts\/31809","targetHints":{"allow":["GET"]}}],"collection":[{"href":"https:\/\/losperiodistas.com.mx\/portal\/wp-json\/wp\/v2\/posts"}],"about":[{"href":"https:\/\/losperiodistas.com.mx\/portal\/wp-json\/wp\/v2\/types\/post"}],"author":[{"embeddable":true,"href":"https:\/\/losperiodistas.com.mx\/portal\/wp-json\/wp\/v2\/users\/1"}],"replies":[{"embeddable":true,"href":"https:\/\/losperiodistas.com.mx\/portal\/wp-json\/wp\/v2\/comments?post=31809"}],"version-history":[{"count":1,"href":"https:\/\/losperiodistas.com.mx\/portal\/wp-json\/wp\/v2\/posts\/31809\/revisions"}],"predecessor-version":[{"id":31811,"href":"https:\/\/losperiodistas.com.mx\/portal\/wp-json\/wp\/v2\/posts\/31809\/revisions\/31811"}],"wp:featuredmedia":[{"embeddable":true,"href":"https:\/\/losperiodistas.com.mx\/portal\/wp-json\/wp\/v2\/media\/31810"}],"wp:attachment":[{"href":"https:\/\/losperiodistas.com.mx\/portal\/wp-json\/wp\/v2\/media?parent=31809"}],"wp:term":[{"taxonomy":"category","embeddable":true,"href":"https:\/\/losperiodistas.com.mx\/portal\/wp-json\/wp\/v2\/categories?post=31809"},{"taxonomy":"post_tag","embeddable":true,"href":"https:\/\/losperiodistas.com.mx\/portal\/wp-json\/wp\/v2\/tags?post=31809"}],"curies":[{"name":"wp","href":"https:\/\/api.w.org\/{rel}","templated":true}]}}